{"id":259007,"date":"2025-11-27T19:09:09","date_gmt":"2025-11-27T19:09:09","guid":{"rendered":"https:\/\/www.europesays.com\/es\/259007\/"},"modified":"2025-11-27T19:09:09","modified_gmt":"2025-11-27T19:09:09","slug":"el-psoe-insiste-en-su-respeto-a-la-justicia-y-contundencia-frente-a-la-corrupcion-tras-la-prision-provisional-de-abalos-y-koldo","status":"publish","type":"post","link":"https:\/\/www.europesays.com\/es\/259007\/","title":{"rendered":"El PSOE insiste en su \u00abrespeto a la Justicia\u00bb y \u00abcontundencia\u00bb frente a la corrupci\u00f3n tras la prisi\u00f3n provisional de \u00c1balos y Koldo"},"content":{"rendered":"<p class=\"L6-news-detail__text\">El PSOE ha insistido en su \u00abrespeto a la Justicia\u00bb y \u00abcontundencia\u00bb frente a la corrupci\u00f3n tras la <b><a title=\"prisi\u00f3n provisional\" href=\"https:\/\/www.lasexta.com\/noticias\/nacional\/prision-provisional-fianza-abalos-koldo-considerar-supremo-que-existe-riesgo-fuga_202511276928648255584d48fb5fb602.html\" target=\"_blank\" rel=\"nofollow noopener\">prisi\u00f3n provisional<\/a><\/b> del exministro de Transportes Jos\u00e9 Luis \u00c1balos y su exasesor Koldo Garc\u00eda.<\/p>\n<p class=\"L6-news-detail__text\">Este jueves \u00c1balos y Koldo <b><a title=\"ingresar\u00e1n en la prisi\u00f3n de Soto del Real\" href=\"https:\/\/www.lasexta.com\/noticias\/nacional\/furgon-celda-compartida-soto-real-asi-preve-ingreso-prision-abalos-koldo_2025112769286e5355584d48fb5fccb2.html\" target=\"_blank\" rel=\"nofollow noopener\">ingresar\u00e1n en la prisi\u00f3n de Soto del Real<\/a><\/b> despu\u00e9s de que el juez Leopoldo Puente haya decretado prisi\u00f3n provisional comunicada y sin fianza para ambos por apreciar \u00abriesgo de fuga\u00bb.<\/p>\n<p class=\"L6-news-detail__text\">La petici\u00f3n de la Fiscal\u00eda Anticorrupci\u00f3n ha sido la de prisi\u00f3n provisional sin fianza. Una v\u00eda que tambi\u00e9n solicitaba la acusaci\u00f3n popular, liderada por el Partido Popular.<\/p>\n<p class=\"L6-news-detail__text\">En su auto, al que ha tenido acceso laSexta, el instructor ha se\u00f1alado que, adem\u00e1s de existir indicios m\u00e1s que bastantes de la eventual comisi\u00f3n de<b> graves hechos delictivos<\/b>, el posible riesgo de que \u00c1balos pudiera sustraerse a la acci\u00f3n de la justicia resulta, \u00aben este momento, extremo\u00bb. Una petici\u00f3n que se ha repetido en la vistilla de Koldo Garc\u00eda que se ha producido dos horas y media despu\u00e9s.<\/p>\n<p class=\"L6-news-detail__text\">Esta resoluci\u00f3n del Tribunal Supremo, seg\u00fan apuntan fuentes del PSOE, \u00abes un paso m\u00e1s en un procedimiento judicial que cuenta con todo nuestro respeto\u00bb. Por ello, consideran que \u00ab<b>es tiempo de la Justicia<\/b>\u00ab.<\/p>\n<p class=\"L6-news-detail__text\">\u00abFrente a cualquier indicio de corrupci\u00f3n, <b>el PSOE act\u00faa con tolerancia cero<\/b>, con transparencia y con medidas contundentes desde el primer minuto. Ojal\u00e1 todos los partidos hicieran lo mismo\u00bb, han se\u00f1alado.<\/p>\n<p class=\"L6-news-detail__text\">As\u00ed, han apuntado al PP y han hecho hincapi\u00e9 en que \u00abel PSOE es tajante\u00bb y \u00ab<b>no aceptamos lecciones de quienes han tenido cajas B<\/b>, sobresueldos o sentencias firmes por corrupci\u00f3n\u00bb. \u00abLa corrupci\u00f3n tambi\u00e9n retrata a quienes act\u00faan frente a quienes miran hacia otro lado. Y no quepa ninguna duda: este partido siempre estar\u00e1 entre quienes act\u00faan\u00bb, han a\u00f1adido.<\/p>\n<p><b><a title=\"*Sigue a laSexta en Google. Toda la actualidad y el mejor contenido aqu\u00ed.\" href=\"https:\/\/profile.google.com\/cp\/CgkvbS8wZG5xejA\" target=\"_blank\" rel=\"nofollow noopener\">*Sigue a laSexta en Google. Toda la actualidad y el mejor contenido aqu\u00ed.<\/a><\/b>\t    <\/p>\n<p class=\"L6-support-news-video__title\">Posible apropiaci\u00f3n indebida agravada<\/p>\n<p>            <a href=\"https:\/\/www.lasexta.com\/noticias\/nacional\/guardia-civil-detiene-exabadesa-belorado-registrar-convento_20251127692875d955584d48fb5fdc48.html\" class=\"L6-news__link\" rel=\"nofollow noopener\" target=\"_blank\"><br \/>\n                La Guardia Civil detiene a la exabadesa de Belorado y a un anticuario tras registrar el convento<\/p>\n<p class=\"recirculation-video-desc\">Los detalles Laura Garc\u00eda de Viedma ha sido arrestada junto al hombre, relacionados con la exmonja, por la presunta apropiaci\u00f3n indebida de bienes catalogados como patrimonio hist\u00f3rico en el Monasterio de Santa Mar\u00eda de la Bretonera.<\/p>\n<p>            <\/a><\/p>\n","protected":false},"excerpt":{"rendered":"El PSOE ha insistido en su \u00abrespeto a la Justicia\u00bb y \u00abcontundencia\u00bb frente a la corrupci\u00f3n tras la&hellip;\n","protected":false},"author":2,"featured_media":259008,"comment_status":"","ping_status":"","sticky":false,"template":"","format":"standard","meta":{"footnotes":""},"categories":[8],"tags":[17,18,25,24,13,14,11,19,20,9,10,15,16,23,12,21,22],"class_list":{"0":"post-259007","1":"post","2":"type-post","3":"status-publish","4":"format-standard","5":"has-post-thumbnail","7":"category-espana","8":"tag-breaking-news","9":"tag-breakingnews","10":"tag-es","11":"tag-espana","12":"tag-featured-news","13":"tag-featurednews","14":"tag-headlines","15":"tag-latest-news","16":"tag-latestnews","17":"tag-news","18":"tag-noticias","19":"tag-noticias-destacadas","20":"tag-noticiasdestacadas","21":"tag-spain","22":"tag-titulares","23":"tag-ultimas-noticias","24":"tag-ultimasnoticias"},"share_on_mastodon":{"url":"https:\/\/pubeurope.com\/@es\/115623242271383124","error":""},"_links":{"self":[{"href":"https:\/\/www.europesays.com\/es\/wp-json\/wp\/v2\/posts\/259007","targetHints":{"allow":["GET"]}}],"collection":[{"href":"https:\/\/www.europesays.com\/es\/wp-json\/wp\/v2\/posts"}],"about":[{"href":"https:\/\/www.europesays.com\/es\/wp-json\/wp\/v2\/types\/post"}],"author":[{"embeddable":true,"href":"https:\/\/www.europesays.com\/es\/wp-json\/wp\/v2\/users\/2"}],"replies":[{"embeddable":true,"href":"https:\/\/www.europesays.com\/es\/wp-json\/wp\/v2\/comments?post=259007"}],"version-history":[{"count":0,"href":"https:\/\/www.europesays.com\/es\/wp-json\/wp\/v2\/posts\/259007\/revisions"}],"wp:featuredmedia":[{"embeddable":true,"href":"https:\/\/www.europesays.com\/es\/wp-json\/wp\/v2\/media\/259008"}],"wp:attachment":[{"href":"https:\/\/www.europesays.com\/es\/wp-json\/wp\/v2\/media?parent=259007"}],"wp:term":[{"taxonomy":"category","embeddable":true,"href":"https:\/\/www.europesays.com\/es\/wp-json\/wp\/v2\/categories?post=259007"},{"taxonomy":"post_tag","embeddable":true,"href":"https:\/\/www.europesays.com\/es\/wp-json\/wp\/v2\/tags?post=259007"}],"curies":[{"name":"wp","href":"https:\/\/api.w.org\/{rel}","templated":true}]}}