{"id":259021,"date":"2025-11-27T19:23:10","date_gmt":"2025-11-27T19:23:10","guid":{"rendered":"https:\/\/www.europesays.com\/es\/259021\/"},"modified":"2025-11-27T19:23:10","modified_gmt":"2025-11-27T19:23:10","slug":"sonsoles-onega-se-marcha-a-la-carrera-en-mitad-de-y-ahora-sonsoles-por-una-urgencia","status":"publish","type":"post","link":"https:\/\/www.europesays.com\/es\/259021\/","title":{"rendered":"Sonsoles \u00d3nega se marcha a la carrera en mitad de &#8216;Y ahora Sonsoles&#8217; por una urgencia"},"content":{"rendered":"\n<p> La tarde de este jueves, 27 de noviembre, dej\u00f3 una estampa televisiva tan breve como ins\u00f3lita en <a href=\"https:\/\/www.elconfidencial.com\/television\/programas-tv\/2024-07-27\/entrevista-jose-antonio-anton-atresmedia-estrategia-comercial-y-ahora-sonsoles-ana-rosa_3931222\/\" target=\"_blank\" rel=\"nofollow noopener\"><strong>Y ahora Sonsoles<\/strong><\/a> A mitad del directo, <a href=\"https:\/\/www.elconfidencial.com\/television\/programas-tv\/2025-09-26\/y-ahora-sonsoles-bertin-osborne-zasca-antena3_4216802\/\" target=\"_blank\" rel=\"nofollow noopener\"><strong>Sonsoles \u00d3nega<\/strong><\/a> anunci\u00f3 que deb\u00eda abandonar el programa de manera inmediata. Lo hizo con un gesto r\u00e1pido, casi atropellado, y dejando en el plat\u00f3 una imagen muy poco habitual:<strong> la presentadora comparti\u00f3 durante apenas unos segundos mesa con Pepa Romero, su sustituta habitual en vacaciones<\/strong>. <\/p>\n<p> <strong>\u201cMe voy\u201d, dijo la periodista, interrumpiendo la escaleta y dirigi\u00e9ndose directamente a su compa\u00f1era<\/strong> mientras presentaba el siguiente contenido. \u201cPrimera vez que saludo a Pepa Romero aqu\u00ed en este plat\u00f3. Te dejo con Mika, haciendo el entrevist\u00f3n del d\u00eda\u201d, a\u00f1adi\u00f3, en un relevo tan improvisado como llamativo para los espectadores del magac\u00edn de Antena 3. <\/p>\n<p> La reacci\u00f3n de Pepa Romero fue poner el foco en el importante compromiso de su compa\u00f1era, con la intenci\u00f3n de poner en valor su trabajo: \u201c\u00bfA d\u00f3nde te vas?\u201d. \u00d3nega respondi\u00f3 sin rodeos: \u201c<strong>Me voy a la presentaci\u00f3n de la serie<\/strong><strong> Las hijas de la criada<\/strong><strong>, \u00a1que no llego!<\/strong>\u201d. <\/p>\n<p> Y mientras Sonsoles intentaba cortar las palabras de agradecimiento \u2014incluso con un gesto evidente de prisa\u2014, Pepa Romero s\u00ed quiso dedicarle unas frases de apoyo: \u201cEstamos todos muy orgullosos de ti, te queremos much\u00edsimo.<strong> Estamos seguros de que la serie va a triunfar much\u00edsimo<\/strong>\u201d. <\/p>\n<p>                Pepa Romero y Sonsoles \u00d3nega, en &#8216;Y ahora Sonsoles&#8217;. (Antena 3)            <\/p>\n<p> La presentadora, visiblemente inc\u00f3moda ante los piropos, apenas escuch\u00f3 el final de la frase. <strong>Sali\u00f3 del plat\u00f3 apresurada, literalmente \u201ca la carrera\u201d, rumbo al centro de Madrid<\/strong>, donde Atresmedia celebraba la puesta de largo de Las hijas de la criada, la adaptaci\u00f3n televisiva de su novela ganadora del Premio Planeta 2023. <\/p>\n<p>            Una urgencia justificada: llega Las hijas de la criada           <\/p>\n<p> El motivo de la salida precipitada era de peso. Este domingo, Atresplayer estrena en exclusiva Las hijas de la criada, la versi\u00f3n audiovisual del gran \u00e9xito editorial de Sonsoles \u00d3nega, convertida en<strong> la novela m\u00e1s vendida de 2023 tras alzarse con el Premio Planeta<\/strong>. <\/p>\n<p> La serie, que tambi\u00e9n se ver\u00e1 pr\u00f3ximamente en el prime time de Antena 3, <strong>llega respaldada por un potente reparto encabezado por Ver\u00f3nica S\u00e1nchez<\/strong>, Carlota Bar\u00f3 y Alain Hern\u00e1ndez, acompa\u00f1ados por nombres como Martina Cariddi, \u00c1lex Villaz\u00e1n, Tomy Aguilera, \u00c1lex Gadea, Roque Ruiz, Alicia Armenteros o Alejandro Vergara, entre muchos otros. <\/p>\n<p> Rodada en Galicia, Madrid y Canarias, la ficci\u00f3n es un drama hist\u00f3rico ambientado entre finales del siglo XIX y principios del XX.<strong> La trama viaja entre un pazo gallego y una Cuba de pasado colonial<\/strong>, y se sumerge en temas como amores prohibidos, luchas de clases, traiciones y venganzas familiares, secretos intergeneracionales y el papel de la mujer en una sociedad que les negaba casi todo. <\/p>\n<p>                Natalia S\u00e1nchez, protagonista de &#8216;Las hiijas de la criada&#8217;. (Atresmedia)            <\/p>\n<p> <strong>Con 8 cap\u00edtulos de 50 minutos<\/strong>, Las hijas de la criada es una producci\u00f3n de Buend\u00eda Estudios Canarias con la participaci\u00f3n de Atresmedia y la direcci\u00f3n de Menna Fit\u00e9 y Alejo Flah. El equipo de guion lo forman Irene Rodr\u00edguez, Alba Luc\u00edo y Tatiana Rodr\u00edguez, y la direcci\u00f3n de fotograf\u00eda recae en Chechu Graf e Iv\u00e1n Caso. <\/p>\n<p> <strong>La historia arranca en 1900, cuando nacen dos ni\u00f1as \u2014Clara y Catalina\u2014 en el mismo pazo y la misma noche<\/strong>. Una decisi\u00f3n impulsada por la venganza alterar\u00e1 sus destinos y el de dos familias marcadas por enga\u00f1os, pasiones prohibidas y ambiciones que atraviesan generaciones. <\/p>\n<p>                Un estreno clave para Atresmedia\u2026 y para Sonsoles           <\/p>\n<p> Atresplayer presenta Las hijas de la criada como uno de sus t\u00edtulos m\u00e1s potentes del a\u00f1o, en la l\u00ednea de adaptaciones literarias de prestigio como La novia gitana. Para Sonsoles \u00d3nega, adem\u00e1s, la serie supone un hito personal: <strong>ver su novela m\u00e1s relevante convertida en ficci\u00f3n televisiva dentro de su propia casa profesional<\/strong>. <\/p>\n<p>                P\u00f3ster de &#8216;Las hijas de la criada&#8217;. (Atresmedia)            <\/p>\n<p> De ah\u00ed que su ausencia en el magac\u00edn fuera inevitable. <strong>La escritora y presentadora ten\u00eda que asistir al encuentro promocional con los medios<\/strong>, donde Atresmedia despleg\u00f3 a protagonistas, directores y productores de una de sus apuestas estrat\u00e9gicas de ficci\u00f3n. <\/p>\n<p> La secuencia vivida en Y ahora Sonsoles dej\u00f3 una de las im\u00e1genes televisivas del d\u00eda: una presentadora corriendo literalmente de su propio programa para llegar a tiempo a un estreno que la convierte, a la vez, en autora adaptada, anfitriona en el escenario y figura central del evento. <strong>Una salida r\u00e1pida, una sustituci\u00f3n importante y una escena tan espont\u00e1nea como poco frecuente<\/strong> en la televisi\u00f3n en directo. Y, al fondo, la raz\u00f3n de todo: el lanzamiento de una de las ficciones m\u00e1s esperadas de Atresplayer. <\/p>\n<p> La tarde de este jueves, 27 de noviembre, dej\u00f3 una estampa televisiva tan breve como ins\u00f3lita en <a href=\"https:\/\/www.elconfidencial.com\/television\/programas-tv\/2024-07-27\/entrevista-jose-antonio-anton-atresmedia-estrategia-comercial-y-ahora-sonsoles-ana-rosa_3931222\/\" target=\"_blank\" rel=\"nofollow noopener\"><strong>Y ahora Sonsoles<\/strong><\/a> A mitad del directo, <a href=\"https:\/\/www.elconfidencial.com\/television\/programas-tv\/2025-09-26\/y-ahora-sonsoles-bertin-osborne-zasca-antena3_4216802\/\" target=\"_blank\" rel=\"nofollow noopener\"><strong>Sonsoles \u00d3nega<\/strong><\/a> anunci\u00f3 que deb\u00eda abandonar el programa de manera inmediata. Lo hizo con un gesto r\u00e1pido, casi atropellado, y dejando en el plat\u00f3 una imagen muy poco habitual:<strong> la presentadora comparti\u00f3 durante apenas unos segundos mesa con Pepa Romero, su sustituta habitual en vacaciones<\/strong>. <\/p>\n","protected":false},"excerpt":{"rendered":"La tarde de este jueves, 27 de noviembre, dej\u00f3 una estampa televisiva tan breve como ins\u00f3lita en Y&hellip;\n","protected":false},"author":2,"featured_media":259022,"comment_status":"","ping_status":"","sticky":false,"template":"","format":"standard","meta":{"footnotes":""},"categories":[171],"tags":[146,147,25,24,23,214],"class_list":{"0":"post-259021","1":"post","2":"type-post","3":"status-publish","4":"format-standard","5":"has-post-thumbnail","7":"category-tv","8":"tag-entertainment","9":"tag-entretenimiento","10":"tag-es","11":"tag-espana","12":"tag-spain","13":"tag-tv"},"share_on_mastodon":{"url":"https:\/\/pubeurope.com\/@es\/115623297420595924","error":""},"_links":{"self":[{"href":"https:\/\/www.europesays.com\/es\/wp-json\/wp\/v2\/posts\/259021","targetHints":{"allow":["GET"]}}],"collection":[{"href":"https:\/\/www.europesays.com\/es\/wp-json\/wp\/v2\/posts"}],"about":[{"href":"https:\/\/www.europesays.com\/es\/wp-json\/wp\/v2\/types\/post"}],"author":[{"embeddable":true,"href":"https:\/\/www.europesays.com\/es\/wp-json\/wp\/v2\/users\/2"}],"replies":[{"embeddable":true,"href":"https:\/\/www.europesays.com\/es\/wp-json\/wp\/v2\/comments?post=259021"}],"version-history":[{"count":0,"href":"https:\/\/www.europesays.com\/es\/wp-json\/wp\/v2\/posts\/259021\/revisions"}],"wp:featuredmedia":[{"embeddable":true,"href":"https:\/\/www.europesays.com\/es\/wp-json\/wp\/v2\/media\/259022"}],"wp:attachment":[{"href":"https:\/\/www.europesays.com\/es\/wp-json\/wp\/v2\/media?parent=259021"}],"wp:term":[{"taxonomy":"category","embeddable":true,"href":"https:\/\/www.europesays.com\/es\/wp-json\/wp\/v2\/categories?post=259021"},{"taxonomy":"post_tag","embeddable":true,"href":"https:\/\/www.europesays.com\/es\/wp-json\/wp\/v2\/tags?post=259021"}],"curies":[{"name":"wp","href":"https:\/\/api.w.org\/{rel}","templated":true}]}}