{"id":259027,"date":"2025-11-27T19:26:10","date_gmt":"2025-11-27T19:26:10","guid":{"rendered":"https:\/\/www.europesays.com\/es\/259027\/"},"modified":"2025-11-27T19:26:10","modified_gmt":"2025-11-27T19:26:10","slug":"oyarzabal-sufre-una-lesion-es-los-isquiotibiales-de-la-pierna-izquierda-y-sera-baja-hasta-2026","status":"publish","type":"post","link":"https:\/\/www.europesays.com\/es\/259027\/","title":{"rendered":"Oyarzabal sufre una lesi\u00f3n es los isquiotibiales de la pierna izquierda y ser\u00e1 baja hasta 2026"},"content":{"rendered":"<p>El capit\u00e1n de la Real Sociedad, Mikel Oyarzabal, sufre una lesi\u00f3n en los isquiotibiales de la pierna izquierda, seg\u00fan inform\u00f3 el club donostiarra, que le impedir\u00e1 estar en el encuentro ante el Villarreal del domingo. Aunque el club no ha precisado cu\u00e1ndo volver\u00e1 a jugar, el tiempo de recuperaci\u00f3n de este tipo de lesi\u00f3n es de una a tres semanas, por lo que, incluso, podr\u00eda no regresar hasta inicios de a\u00f1o.<\/p>\n<p>\u00abLas pruebas realizadas hoy a Mikel Oyarzabal por los servicios m\u00e9dicos de la Real Sociedad confirman una lesi\u00f3n muscular en los isquiotibiales de su pierna izquierda. Su evoluci\u00f3n marcar\u00e1 la disponibilidad\u00bb, han precisado los servicios m\u00e9dicos del club en un comunicado.<\/p>\n<p>El atacante de Eibar es el l\u00edder del equipo, con <strong>cinco tantos y tres asistencias en este inicio liguero<\/strong>, pero el t\u00e9cnico Sergio Francisco tendr\u00e1 que prescindir de \u00e9l para los pr\u00f3ximos encuentros.<\/p>\n<p>Oyarzabal llevaba una racha intensa de partidos entre la Real y la selecci\u00f3n espa\u00f1ola, <strong>20 encuentros de los cuales en 19<\/strong> ha sido titular. <\/p>\n<p>El equipo donostiarra tambi\u00e9n tiene en la enfermer\u00eda a otros dos delanteros, \u00d3skarsson y Karrikaburu, por lo que podr\u00edan tener m\u00e1s minutos Umar Sadiq y Gorka Carrera, m\u00e1ximo artillero del filial en Segunda Divisi\u00f3n.<\/p>\n","protected":false},"excerpt":{"rendered":"El capit\u00e1n de la Real Sociedad, Mikel Oyarzabal, sufre una lesi\u00f3n en los isquiotibiales de la pierna izquierda,&hellip;\n","protected":false},"author":2,"featured_media":259028,"comment_status":"","ping_status":"","sticky":false,"template":"","format":"standard","meta":{"footnotes":""},"categories":[93],"tags":[168,25,24,23,167],"class_list":{"0":"post-259027","1":"post","2":"type-post","3":"status-publish","4":"format-standard","5":"has-post-thumbnail","7":"category-deportes","8":"tag-deportes","9":"tag-es","10":"tag-espana","11":"tag-spain","12":"tag-sports"},"share_on_mastodon":{"url":"https:\/\/pubeurope.com\/@es\/115623309229896931","error":""},"_links":{"self":[{"href":"https:\/\/www.europesays.com\/es\/wp-json\/wp\/v2\/posts\/259027","targetHints":{"allow":["GET"]}}],"collection":[{"href":"https:\/\/www.europesays.com\/es\/wp-json\/wp\/v2\/posts"}],"about":[{"href":"https:\/\/www.europesays.com\/es\/wp-json\/wp\/v2\/types\/post"}],"author":[{"embeddable":true,"href":"https:\/\/www.europesays.com\/es\/wp-json\/wp\/v2\/users\/2"}],"replies":[{"embeddable":true,"href":"https:\/\/www.europesays.com\/es\/wp-json\/wp\/v2\/comments?post=259027"}],"version-history":[{"count":0,"href":"https:\/\/www.europesays.com\/es\/wp-json\/wp\/v2\/posts\/259027\/revisions"}],"wp:featuredmedia":[{"embeddable":true,"href":"https:\/\/www.europesays.com\/es\/wp-json\/wp\/v2\/media\/259028"}],"wp:attachment":[{"href":"https:\/\/www.europesays.com\/es\/wp-json\/wp\/v2\/media?parent=259027"}],"wp:term":[{"taxonomy":"category","embeddable":true,"href":"https:\/\/www.europesays.com\/es\/wp-json\/wp\/v2\/categories?post=259027"},{"taxonomy":"post_tag","embeddable":true,"href":"https:\/\/www.europesays.com\/es\/wp-json\/wp\/v2\/tags?post=259027"}],"curies":[{"name":"wp","href":"https:\/\/api.w.org\/{rel}","templated":true}]}}