{"id":259029,"date":"2025-11-27T19:27:09","date_gmt":"2025-11-27T19:27:09","guid":{"rendered":"https:\/\/www.europesays.com\/es\/259029\/"},"modified":"2025-11-27T19:27:09","modified_gmt":"2025-11-27T19:27:09","slug":"la-epidemia-de-gripe-en-aragon-deja-260-urgencias-en-los-hospitales","status":"publish","type":"post","link":"https:\/\/www.europesays.com\/es\/259029\/","title":{"rendered":"La epidemia de gripe en Arag\u00f3n deja 260 urgencias en los hospitales"},"content":{"rendered":"<p>Desde que la <strong><a target=\"_blank\" data-generated=\"auto\" href=\"https:\/\/www.aragondigital.es\/tags\/gripe\" rel=\"nofollow noopener\">gripe<\/a> super\u00f3 el umbral epid\u00e9mico<\/strong> establecido para esta temporada <strong>dos semanas atr\u00e1s en <a target=\"_blank\" data-generated=\"auto\" href=\"https:\/\/www.aragondigital.es\/tags\/aragon\/\" rel=\"nofollow noopener\">Arag\u00f3n<\/a><\/strong>, la curva no ha dejado de crecer. La semana pasada se registraron <strong>63,4 casos por cada<\/strong> 100.000 habitantes en la comunidad, aunque la mayor\u00eda se concentran en <strong><a target=\"_blank\" data-generated=\"auto\" href=\"https:\/\/www.aragondigital.es\/seccion\/zaragoza\/\" rel=\"nofollow noopener\">Zaragoza<\/a> donde se alcanzan<\/strong> <strong>los 76,1<\/strong>, m\u00e1s del doble que las provincias oscense y turolense, donde la incidencia se sit\u00faa en los <strong>28,9 y 30,7<\/strong>, respectivamente.<\/p>\n<p>La <strong>incidencia de gripe <\/strong>se ha dejado notar en las urgencias de los hospitales p\u00fablicos de la comunidad que atendieron un total de <strong>260 urgencia por esta enfermedad respiratoria<\/strong> durante la semana pasada. Seg\u00fan indica el <strong>Bolet\u00edn Epidemiol\u00f3gico de Arag\u00f3n<\/strong>, estas atenciones suponen un 2% del total de las urgencias.<\/p>\n<p>La gripe se ha disparado en <strong>todo el pa\u00eds <\/strong>y <a target=\"_blank\" data-generated=\"auto\" href=\"https:\/\/www.aragondigital.es\/blog\/section\/espana\/\" rel=\"nofollow noopener\">Espa\u00f1a<\/a> se encuentra ya en situaci\u00f3n de <strong>epidemia. <\/strong>En Arag\u00f3n,<strong> <\/strong>el avance ha sido incluso m\u00e1s temprano: la circulaci\u00f3n del virus se ha adelantado casi <strong>mes y medio respecto<\/strong> a la temporada de 2024. En esta misma semana del a\u00f1o pasado la incidencia era de <strong>15,7 casos por cada<\/strong> 100.000 habitantes y la epidemia no lleg\u00f3 hasta la primera semana de enero, una diferencia de m\u00e1s de <strong>47 puntos<\/strong> con respecto a la actual temporada gripal.<\/p>\n<p>Adem\u00e1s, el bolet\u00edn tambi\u00e9n ha indicado un brote de <strong>gripe con un total<\/strong> <strong>de 14 casos<\/strong> en una residencia de la provincia de Zaragoza. Para contener la situaci\u00f3n, Salud P\u00fablica ha dado las recomendaciones oportunas.<\/p>\n<p>VACUNACI\u00d3N SIN CITA PREVIA Y RECOMENDACI\u00d3N DE MASCARILLAS<\/p>\n<p>Con el fin de <strong>facilitar el acceso a<\/strong> l<strong>a campa\u00f1a de vacunaci\u00f3n y contener el<\/strong> <strong>avance de la gripe<\/strong>, el Departamento de <a target=\"_blank\" data-generated=\"auto\" href=\"https:\/\/www.aragondigital.es\/blog\/section\/sanidad\/\" rel=\"nofollow noopener\">Sanidad<\/a> ha habilitado este fin de semana dos jornadas de <strong>inmunizaci\u00f3n sin necesidad de<\/strong> <strong>cita previa en el Hospital Nuestra Se\u00f1ora de Gracia<\/strong>. El dispositivo funcionar\u00e1 entre las <strong>9.00 y las 19.00<\/strong> horas y estar\u00e1 dirigido a las personas incluidas en los grupos diana.<\/p>\n<p>Sanidad tambi\u00e9n aconseja utilizar <strong>mascarilla <\/strong>en centros de salud y hospitales, una recomendaci\u00f3n que se refuerza en la provincia de Zaragoza tras activarse el <strong>nivel dos de alerta<\/strong>. En cualquier caso, el uso de la mascarilla no es obligatorio en la Comunidad.<\/p>\n","protected":false},"excerpt":{"rendered":"Desde que la gripe super\u00f3 el umbral epid\u00e9mico establecido para esta temporada dos semanas atr\u00e1s en Arag\u00f3n, la&hellip;\n","protected":false},"author":2,"featured_media":259030,"comment_status":"","ping_status":"","sticky":false,"template":"","format":"standard","meta":{"footnotes":""},"categories":[92],"tags":[25,24,7749,165,338,166,1811,23],"class_list":{"0":"post-259029","1":"post","2":"type-post","3":"status-publish","4":"format-standard","5":"has-post-thumbnail","7":"category-salud","8":"tag-es","9":"tag-espana","10":"tag-gripe","11":"tag-health","12":"tag-portada","13":"tag-salud","14":"tag-sanidad","15":"tag-spain"},"share_on_mastodon":{"url":"https:\/\/pubeurope.com\/@es\/115623313042641541","error":""},"_links":{"self":[{"href":"https:\/\/www.europesays.com\/es\/wp-json\/wp\/v2\/posts\/259029","targetHints":{"allow":["GET"]}}],"collection":[{"href":"https:\/\/www.europesays.com\/es\/wp-json\/wp\/v2\/posts"}],"about":[{"href":"https:\/\/www.europesays.com\/es\/wp-json\/wp\/v2\/types\/post"}],"author":[{"embeddable":true,"href":"https:\/\/www.europesays.com\/es\/wp-json\/wp\/v2\/users\/2"}],"replies":[{"embeddable":true,"href":"https:\/\/www.europesays.com\/es\/wp-json\/wp\/v2\/comments?post=259029"}],"version-history":[{"count":0,"href":"https:\/\/www.europesays.com\/es\/wp-json\/wp\/v2\/posts\/259029\/revisions"}],"wp:featuredmedia":[{"embeddable":true,"href":"https:\/\/www.europesays.com\/es\/wp-json\/wp\/v2\/media\/259030"}],"wp:attachment":[{"href":"https:\/\/www.europesays.com\/es\/wp-json\/wp\/v2\/media?parent=259029"}],"wp:term":[{"taxonomy":"category","embeddable":true,"href":"https:\/\/www.europesays.com\/es\/wp-json\/wp\/v2\/categories?post=259029"},{"taxonomy":"post_tag","embeddable":true,"href":"https:\/\/www.europesays.com\/es\/wp-json\/wp\/v2\/tags?post=259029"}],"curies":[{"name":"wp","href":"https:\/\/api.w.org\/{rel}","templated":true}]}}