{"id":259037,"date":"2025-11-27T19:31:12","date_gmt":"2025-11-27T19:31:12","guid":{"rendered":"https:\/\/www.europesays.com\/es\/259037\/"},"modified":"2025-11-27T19:31:12","modified_gmt":"2025-11-27T19:31:12","slug":"maduro-ordena-a-la-fuerza-aerea-estar-alerta-listos-y-dispuestos-para-defender-a-venezuela","status":"publish","type":"post","link":"https:\/\/www.europesays.com\/es\/259037\/","title":{"rendered":"Maduro ordena a la fuerza a\u00e9rea estar \u00abalerta, listos y dispuestos\u00bb para defender a Venezuela"},"content":{"rendered":"<p>El <strong>presidente de Venezuela<\/strong>, Nicol\u00e1s Maduro, ha ordenado este jueves a los miembros de la fuerza a\u00e9rea estar \u00ab<strong>alerta, listos y dispuestos<\/strong>\u00bb para <strong>defender <\/strong>al pa\u00eds de cualquier \u00ab<strong>agresi\u00f3n<\/strong>\u00bb en su contra, en momentos en que <strong>Estados Unidos<\/strong> mantiene un <strong>despliegue naval y a\u00e9reo<\/strong> cerca de esta naci\u00f3n, visto por Caracas como <strong>una \u00abamenaza\u00bb.<\/strong><\/p>\n<p>El dirigente chavista se ha mostrado adem\u00e1s <strong>confiado en la victoria <\/strong>en caso de que su pa\u00eds se declare como \u00ab<strong>rep\u00fablica en armas\u00bb<\/strong>.<\/p>\n<p>Con el objetivo de <strong>\u00abdesarticular el tr\u00e1fico de narc\u00f3ticos<\/strong> y degradar y desmantelar las organizaciones criminales transnacionales\u00bb, la Administraci\u00f3n de Donald Trump ha <strong>desplegado en las \u00faltimas semanas multitud de tropas, aviones y barcos<\/strong> en el Caribe. Incluido el <strong>portaviones <\/strong>Gerald R. Ford, el m\u00e1s grande del mundo, con una capacidad de <strong>5.000 marineros y 75 aviones militares<\/strong>.<\/p>\n<p>El presidente de Venezuela, Nicol\u00e1s Maduro, exhibe la espada de Sim\u00f3n Bol\u00edvar en una marcha en Caracas.<\/p>\n<p>Visita del secretario de Defensa al portaaviones Gerald R. Ford<\/p>\n<p>Tambi\u00e9n este jueves, el secretario de Defensa estadounidense, Pete <strong>Hegseth<\/strong>, ha visitado a los marineros del <strong>portaaviones <\/strong>Gerald  Ford.<\/p>\n<p>El Pent\u00e1gono public\u00f3 un video que muestra a Hegseth hablando por megafon\u00eda, deseando a todos los pasajeros un feliz D\u00eda de Acci\u00f3n de Gracias.<\/p>\n<p>Desde comienzos de septiembre pasado, EE.UU. ya ha<strong> asesinado a 83 personas<\/strong> en una veintena de ataques contra embarcaciones que presuntamente transportaban droga cerca de Venezuela y Colombia.<\/p>\n<p>Maduro insiste con que la escalada estadounidense est\u00e1 dise\u00f1ada para <strong><a href=\"https:\/\/www.rtve.es\/noticias\/20251126\/maduro-afirma-venezuela-vive-coyuntura-existencia-republica\/16831894.shtml\" target=\"_blank\" rel=\"nofollow noopener\">expulsarlo del poder.<\/a><\/strong> El lunes pasado, el <strong>Departamento de Estado del pa\u00eds norteamericano<\/strong> design\u00f3 al <strong>Cartel de los Soles<\/strong>, que Washington vincula a la c\u00fapula del Ej\u00e9rcito y el Gobierno venezolano, como <strong>grupo terrorista extranjero<\/strong>. Sin embargo, el Gobierno chavista considera<strong> \u00abinexistente\u00bb esa organizaci\u00f3n <\/strong>y apunta que EE.UU. reedita una \u00abvil mentira\u00bb para justificar as\u00ed una intervenci\u00f3n. <\/p>\n<p>El secretario de Defensa de Estados Unidos, Pete Hegseth (izq), junto al presidente de la Rep\u00fablica Dominicana, Luis Abinader, en el Palacio Nacional de Santo Domingo el pasado 26 de noviembre\u00a0AFP \/ Presidencia de Rep\u00fablica Dominicana<\/p>\n<p>Crisis de vuelos<\/p>\n<p>A la tensi\u00f3n creciente se suma la <strong>crisis de vuelos<\/strong> que vive Venezuela. El Ejecutivo de <strong>Maduro revoc\u00f3<\/strong> el mi\u00e9rcoles la <strong>concesi\u00f3n de vuelo<\/strong> a las aerol\u00edneas Iberia (Espa\u00f1a), TAP (Portugal), Avianca, Latam Colombia, Turkish Airlines (Turqu\u00eda) y Gol (Brasil), <strong>al acusarlas de \u00absumarse a las acciones de terrorismo\u00bb<\/strong> de Estado promovidas por <strong>EE.UU. <\/strong>y cancelar sus vuelos \u00abunilateralmente\u00bb hacia y desde Venezuela. Una decisi\u00f3n que se produjo despu\u00e9s de que el Gobierno diera un plazo de 48 horas a las compa\u00f1\u00edas a\u00e9reas que suspendieron sus itinerarios para que retomaran sus operaciones en Venezuela.<\/p>\n<p>Esa cancelaci\u00f3n de los viajes por parte de estas empresas respond\u00eda a una<strong> advertencia de la Administraci\u00f3n Federal de Aviaci\u00f3n de EE.UU., <\/strong>que inst\u00f3 a las aerol\u00edneas comerciales a \u00abextremar la precauci\u00f3n\u00bb al sobrevolar Venezuela y el sur del Caribe. <\/p>\n","protected":false},"excerpt":{"rendered":"El presidente de Venezuela, Nicol\u00e1s Maduro, ha ordenado este jueves a los miembros de la fuerza a\u00e9rea estar&hellip;\n","protected":false},"author":2,"featured_media":259038,"comment_status":"","ping_status":"","sticky":false,"template":"","format":"standard","meta":{"footnotes":""},"categories":[42],"tags":[17,18,13,14,11,61,62,63,64,19,20,9,10,15,16,12,21,22,65,66,67],"class_list":{"0":"post-259037","1":"post","2":"type-post","3":"status-publish","4":"format-standard","5":"has-post-thumbnail","7":"category-internacional","8":"tag-breaking-news","9":"tag-breakingnews","10":"tag-featured-news","11":"tag-featurednews","12":"tag-headlines","13":"tag-internacional","14":"tag-international","15":"tag-international-news","16":"tag-internationalnews","17":"tag-latest-news","18":"tag-latestnews","19":"tag-news","20":"tag-noticias","21":"tag-noticias-destacadas","22":"tag-noticiasdestacadas","23":"tag-titulares","24":"tag-ultimas-noticias","25":"tag-ultimasnoticias","26":"tag-world","27":"tag-world-news","28":"tag-worldnews"},"share_on_mastodon":{"url":"https:\/\/pubeurope.com\/@es\/115623328777123383","error":""},"_links":{"self":[{"href":"https:\/\/www.europesays.com\/es\/wp-json\/wp\/v2\/posts\/259037","targetHints":{"allow":["GET"]}}],"collection":[{"href":"https:\/\/www.europesays.com\/es\/wp-json\/wp\/v2\/posts"}],"about":[{"href":"https:\/\/www.europesays.com\/es\/wp-json\/wp\/v2\/types\/post"}],"author":[{"embeddable":true,"href":"https:\/\/www.europesays.com\/es\/wp-json\/wp\/v2\/users\/2"}],"replies":[{"embeddable":true,"href":"https:\/\/www.europesays.com\/es\/wp-json\/wp\/v2\/comments?post=259037"}],"version-history":[{"count":0,"href":"https:\/\/www.europesays.com\/es\/wp-json\/wp\/v2\/posts\/259037\/revisions"}],"wp:featuredmedia":[{"embeddable":true,"href":"https:\/\/www.europesays.com\/es\/wp-json\/wp\/v2\/media\/259038"}],"wp:attachment":[{"href":"https:\/\/www.europesays.com\/es\/wp-json\/wp\/v2\/media?parent=259037"}],"wp:term":[{"taxonomy":"category","embeddable":true,"href":"https:\/\/www.europesays.com\/es\/wp-json\/wp\/v2\/categories?post=259037"},{"taxonomy":"post_tag","embeddable":true,"href":"https:\/\/www.europesays.com\/es\/wp-json\/wp\/v2\/tags?post=259037"}],"curies":[{"name":"wp","href":"https:\/\/api.w.org\/{rel}","templated":true}]}}