{"id":259039,"date":"2025-11-27T19:32:09","date_gmt":"2025-11-27T19:32:09","guid":{"rendered":"https:\/\/www.europesays.com\/es\/259039\/"},"modified":"2025-11-27T19:32:09","modified_gmt":"2025-11-27T19:32:09","slug":"page-alerta-de-un-impacto-de-200-millones-en-castilla-la-mancha-tras-el-rechazo-del-congreso-a-la-senda-de-estabilidad","status":"publish","type":"post","link":"https:\/\/www.europesays.com\/es\/259039\/","title":{"rendered":"Page alerta de un impacto de 200 millones en Castilla-La Mancha tras el rechazo del Congreso a la senda de estabilidad"},"content":{"rendered":"<p class=\"voc-p\" style=\"\">El Congreso de los Diputados asest\u00f3 este jueves un duro golpe al Gobierno al rechazar la senda de estabilidad planteada por el Ministerio de Hacienda para los pr\u00f3ximos tres a\u00f1os. Los objetivos de d\u00e9ficit, imprescindibles para iniciar la tramitaci\u00f3n de los Presupuestos Generales del Estado,  &#8230; fueron tumbados con los votos en contra de PP, Vox, Junts y UPN, y la abstenci\u00f3n de Podemos y de la diputada de Comprom\u00eds, \u00c0gueda Mic\u00f3. <strong>Un escenario que deja al Ejecutivo sin el marco fiscal necesario para elaborar las cuentas y que abre un periodo de m\u00e1xima incertidumbre pol\u00edtica y econ\u00f3mica.<\/strong><\/p>\n<p class=\"voc-p\" style=\"\">En este contexto, el presidente de Castilla-La Mancha, Emiliano Garc\u00eda-Page, advirti\u00f3 horas antes del homenaje celebrado en el Senado al expresidente aragon\u00e9s Javier Lamb\u00e1n del impacto directo que esta situaci\u00f3n puede tener sobre las comunidades aut\u00f3nomas. Seg\u00fan asegur\u00f3, la no aprobaci\u00f3n de la senda de estabilidad supone para Castilla-La Mancha un perjuicio<strong> \u00abcercano a los 200 millones de euros\u00bb<\/strong>, una cifra que condicionar\u00eda de manera decisiva la planificaci\u00f3n presupuestaria del pr\u00f3ximo ejercicio. <strong>\u00abNo son decisiones neutras, afectan, y afectan a muchas cosas\u00bb, subray\u00f3, marcando distancia con quienes sostienen que el rechazo parlamentario no tiene consecuencias inmediatas.<\/strong><\/p>\n<p class=\"voc-p\" style=\"\">Page remarc\u00f3 que el techo de gasto es la base que permite construir los Presupuestos Generales del Estado y, por extensi\u00f3n, <strong>garantizar la financiaci\u00f3n de los servicios esenciales de las autonom\u00edas.<\/strong> La ca\u00edda de este instrumento, explic\u00f3, limita la capacidad del Gobierno para elaborar sus cuentas y, en consecuencia, la de las comunidades para asegurar inversiones, programas sociales y compromisos ya adquiridos.<strong\/><\/p>\n<p>\nArt\u00edculo solo para suscriptores\n<\/p>\n<p>Reportar un error<\/p>\n","protected":false},"excerpt":{"rendered":"El Congreso de los Diputados asest\u00f3 este jueves un duro golpe al Gobierno al rechazar la senda de&hellip;\n","protected":false},"author":2,"featured_media":259040,"comment_status":"","ping_status":"","sticky":false,"template":"","format":"standard","meta":{"footnotes":""},"categories":[8],"tags":[6815,3830,17,18,26156,11866,25,24,13680,13,14,11,7761,19,20,9508,4724,9,10,15,16,25476,3635,52832,23,12,575,21,22],"class_list":{"0":"post-259039","1":"post","2":"type-post","3":"status-publish","4":"format-standard","5":"has-post-thumbnail","7":"category-espana","8":"tag-6815","9":"tag-alerta","10":"tag-breaking-news","11":"tag-breakingnews","12":"tag-castillala","13":"tag-congreso","14":"tag-es","15":"tag-espana","16":"tag-estabilidad","17":"tag-featured-news","18":"tag-featurednews","19":"tag-headlines","20":"tag-impacto","21":"tag-latest-news","22":"tag-latestnews","23":"tag-mancha","24":"tag-millones","25":"tag-news","26":"tag-noticias","27":"tag-noticias-destacadas","28":"tag-noticiasdestacadas","29":"tag-page","30":"tag-rechazo","31":"tag-senda","32":"tag-spain","33":"tag-titulares","34":"tag-tras","35":"tag-ultimas-noticias","36":"tag-ultimasnoticias"},"share_on_mastodon":{"url":"https:\/\/pubeurope.com\/@es\/115623332774924922","error":""},"_links":{"self":[{"href":"https:\/\/www.europesays.com\/es\/wp-json\/wp\/v2\/posts\/259039","targetHints":{"allow":["GET"]}}],"collection":[{"href":"https:\/\/www.europesays.com\/es\/wp-json\/wp\/v2\/posts"}],"about":[{"href":"https:\/\/www.europesays.com\/es\/wp-json\/wp\/v2\/types\/post"}],"author":[{"embeddable":true,"href":"https:\/\/www.europesays.com\/es\/wp-json\/wp\/v2\/users\/2"}],"replies":[{"embeddable":true,"href":"https:\/\/www.europesays.com\/es\/wp-json\/wp\/v2\/comments?post=259039"}],"version-history":[{"count":0,"href":"https:\/\/www.europesays.com\/es\/wp-json\/wp\/v2\/posts\/259039\/revisions"}],"wp:featuredmedia":[{"embeddable":true,"href":"https:\/\/www.europesays.com\/es\/wp-json\/wp\/v2\/media\/259040"}],"wp:attachment":[{"href":"https:\/\/www.europesays.com\/es\/wp-json\/wp\/v2\/media?parent=259039"}],"wp:term":[{"taxonomy":"category","embeddable":true,"href":"https:\/\/www.europesays.com\/es\/wp-json\/wp\/v2\/categories?post=259039"},{"taxonomy":"post_tag","embeddable":true,"href":"https:\/\/www.europesays.com\/es\/wp-json\/wp\/v2\/tags?post=259039"}],"curies":[{"name":"wp","href":"https:\/\/api.w.org\/{rel}","templated":true}]}}