{"id":259051,"date":"2025-11-27T19:43:16","date_gmt":"2025-11-27T19:43:16","guid":{"rendered":"https:\/\/www.europesays.com\/es\/259051\/"},"modified":"2025-11-27T19:43:16","modified_gmt":"2025-11-27T19:43:16","slug":"el-motivo-por-el-que-isabel-pantoja-ha-regresado-a-los-juzgados-dias-despues-de-las-declaraciones-de-sus-hijos","status":"publish","type":"post","link":"https:\/\/www.europesays.com\/es\/259051\/","title":{"rendered":"El motivo por el que Isabel Pantoja ha regresado a los juzgados d\u00edas despu\u00e9s de las declaraciones de sus hijos"},"content":{"rendered":"<p data-journey-content=\"true\" data-node-id=\"3\" class=\"css-6wxqfj emevuu60\"><strong data-node-id=\"3.0\"><a href=\"https:\/\/www.diezminutos.es\/isabel-pantoja\/\" target=\"_blank\" data-vars-ga-outbound-link=\"https:\/\/www.diezminutos.es\/isabel-pantoja\/\" data-vars-ga-ux-element=\"Hyperlink\" data-vars-ga-call-to-action=\"Isabel Pantoja\" data-node-id=\"3.0.0\" class=\"body-link css-177bzfx emevuu60\" rel=\"nofollow noopener\">Isabel Pantoja<\/a> ha reaparecido en p\u00fablico unos d\u00edas despu\u00e9s de las entrevistas de sus hijos, <a href=\"https:\/\/www.diezminutos.es\/kiko-rivera\/\" target=\"_blank\" data-vars-ga-outbound-link=\"https:\/\/www.diezminutos.es\/kiko-rivera\/\" data-vars-ga-ux-element=\"Hyperlink\" data-vars-ga-call-to-action=\"Kiko Rivera\" data-node-id=\"3.0.2\" class=\"body-link css-177bzfx emevuu60\" rel=\"nofollow noopener\">Kiko Rivera<\/a>, e <a href=\"https:\/\/www.diezminutos.es\/isa-pantoja\/\" target=\"_blank\" data-vars-ga-outbound-link=\"https:\/\/www.diezminutos.es\/isa-pantoja\/\" data-vars-ga-ux-element=\"Hyperlink\" data-vars-ga-call-to-action=\"Isa Pantoja\" data-node-id=\"3.0.4\" class=\"body-link css-177bzfx emevuu60\" rel=\"nofollow noopener\">Isa Pantoja<\/a>.<\/strong> Su aparici\u00f3n est\u00e1 relacionada con los medios de comunicaci\u00f3n, pero no la hace un plat\u00f3 de televisi\u00f3n sino en los juzgados de Pozuelo de Alarc\u00f3n (Madrid), a los que llevaba poco antes de las 12:00 h para ratificar su demanda contra Mediaset, varias productoras y algunos colaboradores por difundir datos de car\u00e1cter \u00edntimo sobre su estado de salud. A su llegada, la tonadillera confesaba estar bien, aunque reconoc\u00eda que est\u00e1 resfriada. <strong data-node-id=\"3.2\">Su abogado, Eduardo Urbano, tambi\u00e9n interven\u00eda: \u00abElla no est\u00e1 nada bien, pero queremos que remonte<\/strong> porque es una artista muy grande, tiene que remontar\u00bb. Tras unos minutos en la sala, la tonadillera sal\u00eda de los juzgados con la misma actitud, gesto serio y pensativo, y sin querer hacer declaraciones sobre este proceso.<\/p>\n<p><img draggable=\"true\" alt=\"isabel pantoja en los juzgados de madrid\" title=\"Isabel Pantoja en los juzgados de Madrid\" loading=\"lazy\" width=\"4800\" height=\"7200\" decoding=\"async\" data-nimg=\"1\" style=\"color:transparent;width:100%;height:auto;\"   src=\"https:\/\/www.europesays.com\/es\/wp-content\/uploads\/2025\/11\/isabel-pantoja-abrigo-blanco-692838f74d908.jpg\" class=\"css-0 e1g79fud0\"\/><\/p>\n<p>Gtres\u200b<\/p>\n<p><img draggable=\"true\" alt=\"isabel pantoja en los juzgados de madrid\" title=\"Isabel Pantoja en los juzgados de Madrid\" loading=\"lazy\" width=\"4800\" height=\"7200\" decoding=\"async\" data-nimg=\"1\" style=\"color:transparent;width:100%;height:auto;\"   src=\"https:\/\/www.europesays.com\/es\/wp-content\/uploads\/2025\/11\/isabel-pantoja-demanda-692838f6e7e2a.jpg\" class=\"css-0 e1g79fud0\"\/><\/p>\n<p>Gtres\u200b<\/p>\n<p data-journey-content=\"true\" data-node-id=\"8\" class=\"css-6wxqfj emevuu60\">Quien s\u00ed lo ha hecho ha sido su abogado. El letrado confirmaba que es el primer caso en el que trabajan con Isabel Pantoja y esto es solo el comienzo de un proceso judicial. <strong data-node-id=\"8.1\">\u00abHa venido a un acto judicial en relaci\u00f3n con una acci\u00f3n que ella ha interpuesto por revelaci\u00f3n de secretos<\/strong>, de datos m\u00e9dicos, que est\u00e1n especialmente protegidos, como todos sabemos, y que luego los medios de comunicaci\u00f3n se hicieron, algunos, se hicieron eco, y consideramos que eso es superar los l\u00edmites del derecho de informaci\u00f3n, que es algo que est\u00e1 en la Constituci\u00f3n, es muy importante, pero todo tiene sus l\u00edmites\u00bb, ha afirmado Eduardo Urbano.<\/p>\n<p><img draggable=\"true\" alt=\"isabel pantoja en los juzgados de pozuelo de alarcon madrid\" title=\"Isabel Pantoja en los juzgados de Pozuelo\" loading=\"lazy\" width=\"4800\" height=\"7200\" decoding=\"async\" data-nimg=\"1\" style=\"color:transparent;width:100%;height:auto;\"   src=\"https:\/\/www.europesays.com\/es\/wp-content\/uploads\/2025\/11\/isabel-pantoja-abogado-69283d84526ac.jpg\" class=\"css-0 e1g79fud0\"\/><\/p>\n<p>Gtres\u200b<\/p>\n<p><img draggable=\"true\" alt=\"isabel pantoja en los juzgados de pozuelo de alarcon madrid\" title=\"Isabel Pantoja en los juzgados de Pozuelo\" loading=\"lazy\" width=\"4800\" height=\"7200\" decoding=\"async\" data-nimg=\"1\" style=\"color:transparent;width:100%;height:auto;\"   src=\"https:\/\/www.europesays.com\/es\/wp-content\/uploads\/2025\/11\/isabel-pantoja-juzgados-seria-69283d8637814.jpg\" class=\"css-0 e1g79fud0\"\/><\/p>\n<p>Gtres\u200b<\/p>\n<p>Isabel Pantoja reaparece tras las duras palabras que le han dedicado sus hijos<\/p>\n<p data-journey-content=\"true\" data-node-id=\"13\" class=\"css-6wxqfj emevuu60\">Isabel Pantoja present\u00f3 esta macrodemanda millonaria el pasado mes de mayo. Concretamente, <strong data-node-id=\"13.1\">el abogado explicaba que la cantante \u00abse ha ratificado en la querella que hemos presentado y ya veremos lo que result\u00f3 que da\u00bb<\/strong> y revela que Isabel \u00abest\u00e1 muy afectada por esto.  Los medios presentes en el juzgado tambi\u00e9n han preguntado a Urbano por la relaci\u00f3n de la tonadillera con sus hijos, a lo que el abogado ha sido tajante: \u00abYo no llevo nada m\u00e1s que esto\u00bb.<\/p>\n<p data-journey-content=\"true\" data-node-id=\"17\" class=\"css-6wxqfj emevuu60\">Esta visita a los juzgados se produce tan solo <strong data-node-id=\"17.1\">unos d\u00edas despu\u00e9s de las duras palabras que le dedicaron sus hijos, Kiko Rivera e Isa Pantoja <\/strong>en sus entrevistas en &#8216;\u00a1De Viernes!&#8217;. El DJ afirma que <a href=\"https:\/\/www.diezminutos.es\/famosos-corazon\/famosos-espanoles\/a69442578\/kiko-rivera-mensaje-isabel-pantoja-de-viernes-la-vida-consiste-en-mejorar\/\" target=\"_blank\" data-vars-ga-outbound-link=\"https:\/\/www.diezminutos.es\/famosos-corazon\/famosos-espanoles\/a69442578\/kiko-rivera-mensaje-isabel-pantoja-de-viernes-la-vida-consiste-en-mejorar\/\" data-vars-ga-ux-element=\"Hyperlink\" data-vars-ga-call-to-action=\"su madre le ha &quot;decepcionado&quot;\" data-node-id=\"17.3\" class=\"body-link css-177bzfx emevuu60\" rel=\"nofollow noopener\">su madre le ha \u00abdecepcionado\u00bb<\/a> y que la tonadillera \u00bb necesita ayuda urgente, que se d\u00e9 cuenta que no es el ombligo del mundo, que no todo el mundo va en contra de ella, que no siempre tiene que tener la raz\u00f3n. Decirle que no tengo tiempo ni ganas de guerras, solo tengo tiempo para seguir mejorando yo\u00bb. Mientras que Isa afirmaba que <a href=\"https:\/\/www.diezminutos.es\/famosos-corazon\/famosos-espanoles\/a69516883\/isa-pantoja-de-viernes-titulares-entrevista\/\" target=\"_blank\" data-vars-ga-outbound-link=\"https:\/\/www.diezminutos.es\/famosos-corazon\/famosos-espanoles\/a69516883\/isa-pantoja-de-viernes-titulares-entrevista\/\" data-vars-ga-ux-element=\"Hyperlink\" data-vars-ga-call-to-action=\"su madre &quot;es una parte fundamental en mi vida\" data-node-id=\"17.5\" class=\"body-link css-177bzfx emevuu60\" rel=\"nofollow noopener\">su madre \u00abes una parte fundamental en mi vida<\/a>. Es que sin ella no podr\u00eda tener nada. Entonces, es como que le debo cosas y me han hecho sentir as\u00ed\u00bb. Sin embargo, considera que \u00able he importado muy poco a mi familia\u00bb.<\/p>\n<p data-journey-content=\"true\" data-node-id=\"19\" class=\"css-6wxqfj emevuu60\">Hac\u00eda <a href=\"https:\/\/www.diezminutos.es\/famosos-corazon\/famosos-espanoles\/a65019253\/isabel-pantoja-fotos-llorando-visita-virgen-el-rocio\/\" target=\"_blank\" data-vars-ga-outbound-link=\"https:\/\/www.diezminutos.es\/famosos-corazon\/famosos-espanoles\/a65019253\/isabel-pantoja-fotos-llorando-visita-virgen-el-rocio\/\" data-vars-ga-ux-element=\"Hyperlink\" data-vars-ga-call-to-action=\"m\u00e1s de seis meses que no se ve\u00eda a Isabel Pantoja\" data-node-id=\"19.1\" class=\"body-link css-177bzfx emevuu60\" rel=\"nofollow noopener\">m\u00e1s de seis meses que no se ve\u00eda a Isabel Pantoja<\/a> en p\u00fablico, concretamente fue el pasado junio, cuando muy emocionada y llorando, se traslad\u00f3 a la aldea de El Roc\u00edo para visitar a la Virgen de la Blanca Paloma por la que tanta devoci\u00f3n siente. <\/p>\n<p><img src=\"https:\/\/www.europesays.com\/es\/wp-content\/uploads\/2025\/11\/1764272596_156_efed3e56-411c-4c5f-aad1-8194ce4fe362_1700500172.file\" alt=\"Headshot of Redacci\u00f3n Diez Minutos\" title=\"Headshot of Redacci\u00f3n Diez Minutos\" width=\"100%\" height=\"100%\" decoding=\"async\" loading=\"lazy\" class=\"css-o0wq4v ev8dhu53\"\/><\/p>\n<p>\u00a0En Diez Minutos somos especialistas en cubrir todas las noticias del coraz\u00f3n y de la monarqu\u00eda para acercarte a las vidas de todos esos personajes a los que admiras.<\/p>\n<p>Descubre con nosotros la \u00faltima hora de los famosos nacionales e internacionales m\u00e1s relevantes: sus pol\u00e9micas, sus historias amorosas y familiares y sus proyectos profesionales con nuestras entrevistas, videos y reportajes. Tambi\u00e9n te mostramos el d\u00eda a d\u00eda de la realeza, cont\u00e1ndote con especial detalle la vida personal y familiar de nuestros Reyes: Felipe VI y Letizia y sus hijas Leonor y Sof\u00eda.<\/p>\n<p>Diez Minutos es mucho m\u00e1s que cr\u00f3nica social. Queremos hacerte la vida m\u00e1s f\u00e1cil y cuidar de ti. Por eso, publicamos una amplia selecci\u00f3n de contenidos pr\u00e1cticos para ayudarte en tu econom\u00eda dom\u00e9stica, en la decoraci\u00f3n de tu casa o en tu bienestar f\u00edsico y emocional. Tambi\u00e9n encontrar\u00e1s todo tipo de noticias y reportajes sobre el embarazo y la maternidad para facilitarte este proceso de la vida.<\/p>\n<p>La cocina es otra parte fundamental de esta gu\u00eda pr\u00e1ctica con la mejor selecci\u00f3n de recetas y consejos para llevar una dieta saludable y variada. Y todo ello sin olvidarnos de los contenidos de moda y belleza que te har\u00e1n estar a la \u00faltima en las tendencias del momento con numerosas propuestas, ofertas y novedades.<\/p>\n<p>Te lo contamos todo con la misma rigurosidad y cercan\u00eda con la que te llevamos acompa\u00f1ando desde hace 72 a\u00f1os, cuando un 1 de septiembre de 1951 la revista vio la luz por primera vez. Muchas cosas han cambiado en lo que se refiere a la parte t\u00e9cnica, pero lo que te aseguramos es que el equipo que forma esta redacci\u00f3n realiza su trabajo con entusiasmo y entrega pensando en cada uno de vosotros para que encontr\u00e9is aqu\u00ed el sitio ideal donde disfrutar de la vida.<\/p>\n<p>El equipo digital de Diez Minutos est\u00e1 formado por:<\/p>\n<p><a href=\"https:\/\/www.diezminutos.es\/author\/15369\/rosa-prieto\/\" rel=\"nofollow noopener\" target=\"_blank\">Rosa Prieto:<\/a> Directora digital.<\/p>\n<p><a href=\"https:\/\/www.diezminutos.es\/author\/18095\/silvia-criado\/\" rel=\"nofollow noopener\" target=\"_blank\">Silvia Criado:<\/a> Jefa de secci\u00f3n digital.<\/p>\n<p><a href=\"https:\/\/www.diezminutos.es\/author\/16262\/magdalena-pinero\/\" rel=\"nofollow noopener\" target=\"_blank\">Magdalena Pi\u00f1ero:<\/a> redactora digital.\u00a0<\/p>\n<p><a href=\"https:\/\/www.diezminutos.es\/author\/16270\/daniel-reyes\/\" rel=\"nofollow noopener\" target=\"_blank\">Daniel Reyes:<\/a> redactor digital.<\/p>\n<p><a href=\"https:\/\/www.diezminutos.es\/author\/221934\/ignacio-herruzo\/\" rel=\"nofollow noopener\" target=\"_blank\">Ignacio Herruzo<\/a>: redactor digital.<\/p>\n<p><a href=\"https:\/\/www.diezminutos.es\/author\/740003\/nora-camara\/\" rel=\"nofollow noopener\" target=\"_blank\">Nora C\u00e1mara<\/a>: redactora digital.\u00a0<\/p>\n","protected":false},"excerpt":{"rendered":"Isabel Pantoja ha reaparecido en p\u00fablico unos d\u00edas despu\u00e9s de las entrevistas de sus hijos, Kiko Rivera, e&hellip;\n","protected":false},"author":2,"featured_media":259052,"comment_status":"","ping_status":"","sticky":false,"template":"","format":"standard","meta":{"footnotes":""},"categories":[174],"tags":[255,253,146,147,25,24,256,23],"class_list":{"0":"post-259051","1":"post","2":"type-post","3":"status-publish","4":"format-standard","5":"has-post-thumbnail","7":"category-famosos","8":"tag-celebrities","9":"tag-discover","10":"tag-entertainment","11":"tag-entretenimiento","12":"tag-es","13":"tag-espana","14":"tag-famosos","15":"tag-spain"},"share_on_mastodon":{"url":"https:\/\/pubeurope.com\/@es\/115623376588509204","error":""},"_links":{"self":[{"href":"https:\/\/www.europesays.com\/es\/wp-json\/wp\/v2\/posts\/259051","targetHints":{"allow":["GET"]}}],"collection":[{"href":"https:\/\/www.europesays.com\/es\/wp-json\/wp\/v2\/posts"}],"about":[{"href":"https:\/\/www.europesays.com\/es\/wp-json\/wp\/v2\/types\/post"}],"author":[{"embeddable":true,"href":"https:\/\/www.europesays.com\/es\/wp-json\/wp\/v2\/users\/2"}],"replies":[{"embeddable":true,"href":"https:\/\/www.europesays.com\/es\/wp-json\/wp\/v2\/comments?post=259051"}],"version-history":[{"count":0,"href":"https:\/\/www.europesays.com\/es\/wp-json\/wp\/v2\/posts\/259051\/revisions"}],"wp:featuredmedia":[{"embeddable":true,"href":"https:\/\/www.europesays.com\/es\/wp-json\/wp\/v2\/media\/259052"}],"wp:attachment":[{"href":"https:\/\/www.europesays.com\/es\/wp-json\/wp\/v2\/media?parent=259051"}],"wp:term":[{"taxonomy":"category","embeddable":true,"href":"https:\/\/www.europesays.com\/es\/wp-json\/wp\/v2\/categories?post=259051"},{"taxonomy":"post_tag","embeddable":true,"href":"https:\/\/www.europesays.com\/es\/wp-json\/wp\/v2\/tags?post=259051"}],"curies":[{"name":"wp","href":"https:\/\/api.w.org\/{rel}","templated":true}]}}