{"id":259070,"date":"2025-11-27T19:54:08","date_gmt":"2025-11-27T19:54:08","guid":{"rendered":"https:\/\/www.europesays.com\/es\/259070\/"},"modified":"2025-11-27T19:54:08","modified_gmt":"2025-11-27T19:54:08","slug":"el-papa-leon-xiv-en-turquia-y-libano","status":"publish","type":"post","link":"https:\/\/www.europesays.com\/es\/259070\/","title":{"rendered":"El papa Le\u00f3n XIV en Turqu\u00eda y L\u00edbano"},"content":{"rendered":"<p>El papa <strong>Le\u00f3n XIV<\/strong> ha llegado este jueves a <strong>Turqu\u00eda<\/strong>, en el inicio de <strong>una gira que le llevar\u00e1 tambi\u00e9n a L\u00edbano <\/strong>y con el que busca trasladar en la regi\u00f3n un mensaje de paz en un momento especialmente convulso en Oriente Medio.<\/p>\n<p>En su agenda oficial, que ha arrancado con una reuni\u00f3n bilateral con el presidente turco, Recep Tayyip <strong>Erdogan<\/strong>, figuran la conmemoraci\u00f3n del <strong>1.700 aniversario del Concilio de Cinea<\/strong>, acto que junto a la posterior visita a L\u00edbano hab\u00eda dejado pendiente el predecesor de Le\u00f3n XIV en el Vaticano, <strong>Francisco<\/strong>.<\/p>\n<p>El papa aterriza en Ankara en el inicio de su visita oficial a Turqu\u00eda<\/p>\n<p>El papa Le\u00f3n XIV desciende del avi\u00f3n a su llegada a Ankara\u00a0Andreas SOLARO \/ AFP<\/p>\n<p>Le\u00f3n XIV desciende del avi\u00f3n a su <strong>llegada al Aeropuerto<\/strong> Internacional Esenboga de Ankara, primera escala de un viaje que incluye paradas en Turqu\u00eda y L\u00edbano.<\/p>\n<p>Erdogan recibe a Le\u00f3n XIV con honores<\/p>\n<p>El presidente turco Erdogan recibe con honores al papa Le\u00f3n XIV en Ankara\u00a0EFE\/EPA\/VATICAN MEDIA HANDOUT<\/p>\n<p>El presidente de Turqu\u00eda, Recep Tayyip Erdogan, preside una <strong>ceremonia de bienvenida<\/strong> al papa Le\u00f3n XIV en el palacio presidencial de Ankara.<\/p>\n<p>Ofrenda a Ataturk, padre de la Turqu\u00eda moderna<\/p>\n<p>El papa deposita una corona de flores en el mausoleo de Ataturk en Ankara\u00a0EFE\/EPA\/STRINGER<\/p>\n<p>El pont\u00edfice ha acudido al <strong>mausoleo <\/strong>dedicado en Ankara a Mustafa Kemal <strong>Ataturk<\/strong>, considerado el fundador de la Turqu\u00eda moderna, y ha depositado una corona de flores como muestra de respeto.<\/p>\n<p>Discurso en la biblioteca nacional<\/p>\n<p>El papa Le\u00f3n XIV pronuncia un discurso en la biblioteca nacional de Turqu\u00eda\u00a0ADEM ALTAN \/ AFP<\/p>\n<p>Le\u00f3n XIV pronuncia un discurso ante la <strong>Biblioteca Nacional <\/strong>de Palacio Presidencial, desde donde ha advertido de la actual \u00abfase de fuertes conflictos\u00bb y ha llamado a la paz. Espera que Turqu\u00eda sea \u00abun factor de estabilidad y acercamiento entre los pueblos, al servicio de una paz justa y duradera\u00bb.<\/p>\n","protected":false},"excerpt":{"rendered":"El papa Le\u00f3n XIV ha llegado este jueves a Turqu\u00eda, en el inicio de una gira que le&hellip;\n","protected":false},"author":2,"featured_media":259071,"comment_status":"","ping_status":"","sticky":false,"template":"","format":"standard","meta":{"footnotes":""},"categories":[42],"tags":[17,18,13,14,11,61,62,63,64,19,20,9,10,15,16,12,21,22,65,66,67],"class_list":{"0":"post-259070","1":"post","2":"type-post","3":"status-publish","4":"format-standard","5":"has-post-thumbnail","7":"category-internacional","8":"tag-breaking-news","9":"tag-breakingnews","10":"tag-featured-news","11":"tag-featurednews","12":"tag-headlines","13":"tag-internacional","14":"tag-international","15":"tag-international-news","16":"tag-internationalnews","17":"tag-latest-news","18":"tag-latestnews","19":"tag-news","20":"tag-noticias","21":"tag-noticias-destacadas","22":"tag-noticiasdestacadas","23":"tag-titulares","24":"tag-ultimas-noticias","25":"tag-ultimasnoticias","26":"tag-world","27":"tag-world-news","28":"tag-worldnews"},"share_on_mastodon":{"url":"https:\/\/pubeurope.com\/@es\/115623419094681352","error":""},"_links":{"self":[{"href":"https:\/\/www.europesays.com\/es\/wp-json\/wp\/v2\/posts\/259070","targetHints":{"allow":["GET"]}}],"collection":[{"href":"https:\/\/www.europesays.com\/es\/wp-json\/wp\/v2\/posts"}],"about":[{"href":"https:\/\/www.europesays.com\/es\/wp-json\/wp\/v2\/types\/post"}],"author":[{"embeddable":true,"href":"https:\/\/www.europesays.com\/es\/wp-json\/wp\/v2\/users\/2"}],"replies":[{"embeddable":true,"href":"https:\/\/www.europesays.com\/es\/wp-json\/wp\/v2\/comments?post=259070"}],"version-history":[{"count":0,"href":"https:\/\/www.europesays.com\/es\/wp-json\/wp\/v2\/posts\/259070\/revisions"}],"wp:featuredmedia":[{"embeddable":true,"href":"https:\/\/www.europesays.com\/es\/wp-json\/wp\/v2\/media\/259071"}],"wp:attachment":[{"href":"https:\/\/www.europesays.com\/es\/wp-json\/wp\/v2\/media?parent=259070"}],"wp:term":[{"taxonomy":"category","embeddable":true,"href":"https:\/\/www.europesays.com\/es\/wp-json\/wp\/v2\/categories?post=259070"},{"taxonomy":"post_tag","embeddable":true,"href":"https:\/\/www.europesays.com\/es\/wp-json\/wp\/v2\/tags?post=259070"}],"curies":[{"name":"wp","href":"https:\/\/api.w.org\/{rel}","templated":true}]}}