{"id":259108,"date":"2025-11-27T20:25:18","date_gmt":"2025-11-27T20:25:18","guid":{"rendered":"https:\/\/www.europesays.com\/es\/259108\/"},"modified":"2025-11-27T20:25:18","modified_gmt":"2025-11-27T20:25:18","slug":"un-experto-sobre-el-fichaje-de-cian-uijtdebroeks","status":"publish","type":"post","link":"https:\/\/www.europesays.com\/es\/259108\/","title":{"rendered":"Un experto, sobre el fichaje de Cian Uijtdebroeks"},"content":{"rendered":"<p>El experto en ciclismo <a href=\"https:\/\/ciclismoaldia.es\/jose-de-cauwer\" title=\"Jos\u00e9 De Cauwer\" rel=\"nofollow noopener\" target=\"_blank\">Jos\u00e9 De Cauwer<\/a> ha dado su opini\u00f3n sobre la marcha de <a href=\"https:\/\/ciclismoaldia.es\/cian-uijtdebroeks\" title=\"Cian Uijtdebroeks\" rel=\"nofollow noopener\" target=\"_blank\">Cian Uijtdebroeks<\/a> a <a href=\"https:\/\/ciclismoaldia.es\/movistar-team\" title=\"Movistar Team\" rel=\"nofollow noopener\" target=\"_blank\">Movistar Team<\/a> en el programa De Grote Plaat, en unas declaraciones recogidas por los compa\u00f1eros de <a href=\"https:\/\/wielerrevue.nl\/artikel\/670767\/hij-is-tien-keer-erger-dan-ik-de-cauwer-verbijsterd-over-cian-uijtdebroeks-koersobsessie?utm_source=rss&amp;utm_medium=feed\" target=\"_blank\" rel=\"nofollow noopener\">Wielerrevue<\/a>.<\/p>\n<p>Lo primero que hace el veterano exseleccionador belga es lanzarle un dardo al conjunto de Eusebio Unzu\u00e9, poniendo de primeras en duda que dejar Visma por los de Abarca Sports sea un movimiento con sentido para un ciclista de apenas 22 a\u00f1os que a\u00fan deber\u00eda desarrollarse:<\/p>\n<p>\u201cEs una elecci\u00f3n totalmente distinta, all\u00ed todo es un poco m\u00e1s improvisado. <b>En ese equipo he visto a pocos corredores mejorar.<\/b>\u201d<\/p>\n<p>Eso s\u00ed, tras el zasca a los telef\u00f3nicos, reconoce que en los a\u00f1os que acumula Uijtdebroeks como profesional en escuadras potentes como Red Bull o Visma no ha sido el adecuado y que quiz\u00e1s marcharse a un equipo como Movistar Team en el que va a tener de primeras m\u00e1s libertad para luchar por sus objetivos pueda ser positivo para su carrera:<\/p>\n<p>\u201cEn la historia de Cian a lo largo de los a\u00f1os, tiene sentido. Lleva cuatro a\u00f1os chocando contra un muro. Quiz\u00e1 sea el momento de darse cuenta de que no va tan bien encaminado. Podr\u00eda ser el momento adecuado.\u201d<\/p>\n<p>\u201cLa manera en que se dedica al ciclismo es excesiva. Pensaba que yo era un loco del ciclismo, pero \u00e9l lo es diez veces m\u00e1s.\u201d<\/p>\n<p>\u201cQue empiece por el principio. Muchos j\u00f3venes tienen hambre de grandes carreras, pero antes hay que intentar ganar competiciones. Lo positivo es que en Movistar tendr\u00e1 la oportunidad de hacer las cosas a su manera.\u201d<\/p>\n<p>Sobre los problemas que haya podido tener Cian de adaptaci\u00f3n, De Cauwer explica que cree que el joven ciclista belga es un \u00abloco del ciclismo\u00bb: \u00abLa manera en que se dedica al ciclismo es excesiva. Pensaba que yo era un loco del ciclismo, pero \u00e9l lo es diez veces m\u00e1s\u00bb.<\/p>\n<p><img decoding=\"async\" width=\"500\" height=\"280\" loading=\"lazy\" src=\"https:\/\/www.europesays.com\/es\/wp-content\/uploads\/2025\/11\/cianuijtdebroeks-68d846d0cfd53.jpg@webp.webp\" class=\"w-auto h-auto\" alt=\"cianuijtdebroeks\"\/><\/p>\n<p>Cian\u00a0Uijtdebroeks correr\u00e1 en Movistar Team en 2025<\/p>\n<p>Consejo a\u00a0UijtdebroeksDesde que fuera top 10 de la <a href=\"https:\/\/ciclismoaldia.es\/vuelta-a-espana\" target=\"_self\" rel=\"nofollow noopener\">Vuelta a Espa\u00f1a<\/a> en el a\u00f1o 2023 da la impresi\u00f3n de que Cian Uijtdebroeks se ha obsesionado de alguna manera por conseguir grandes puestos en grandes puestos y De Cauwer le da un consejo al respecto:\u00a0<\/p>\n<p>\u201cQue empiece por el principio. Muchos j\u00f3venes tienen hambre de grandes carreras, pero antes hay que intentar ganar competiciones. Lo positivo es que en Movistar tendr\u00e1 la oportunidad de hacer las cosas a su manera.\u201d<\/p>\n<p>Veremos qu\u00e9 tal le van las cosas al belga en Movistar Team y si le hace caso al veterano exseleccionador belga o, de alg\u00fan modo, sigue comport\u00e1ndose como en Visma.<\/p>\n","protected":false},"excerpt":{"rendered":"El experto en ciclismo Jos\u00e9 De Cauwer ha dado su opini\u00f3n sobre la marcha de Cian Uijtdebroeks a&hellip;\n","protected":false},"author":2,"featured_media":259109,"comment_status":"","ping_status":"","sticky":false,"template":"","format":"standard","meta":{"footnotes":""},"categories":[273],"tags":[17697,313,312,168,25,24,64914,8660,23,167],"class_list":{"0":"post-259108","1":"post","2":"type-post","3":"status-publish","4":"format-standard","5":"has-post-thumbnail","7":"category-ciclismo","8":"tag-cian-uijtdebroeks","9":"tag-ciclismo","10":"tag-cycling","11":"tag-deportes","12":"tag-es","13":"tag-espana","14":"tag-jose-de-cauwer","15":"tag-movistar-team","16":"tag-spain","17":"tag-sports"},"share_on_mastodon":{"url":"https:\/\/pubeurope.com\/@es\/115623541397173309","error":""},"_links":{"self":[{"href":"https:\/\/www.europesays.com\/es\/wp-json\/wp\/v2\/posts\/259108","targetHints":{"allow":["GET"]}}],"collection":[{"href":"https:\/\/www.europesays.com\/es\/wp-json\/wp\/v2\/posts"}],"about":[{"href":"https:\/\/www.europesays.com\/es\/wp-json\/wp\/v2\/types\/post"}],"author":[{"embeddable":true,"href":"https:\/\/www.europesays.com\/es\/wp-json\/wp\/v2\/users\/2"}],"replies":[{"embeddable":true,"href":"https:\/\/www.europesays.com\/es\/wp-json\/wp\/v2\/comments?post=259108"}],"version-history":[{"count":0,"href":"https:\/\/www.europesays.com\/es\/wp-json\/wp\/v2\/posts\/259108\/revisions"}],"wp:featuredmedia":[{"embeddable":true,"href":"https:\/\/www.europesays.com\/es\/wp-json\/wp\/v2\/media\/259109"}],"wp:attachment":[{"href":"https:\/\/www.europesays.com\/es\/wp-json\/wp\/v2\/media?parent=259108"}],"wp:term":[{"taxonomy":"category","embeddable":true,"href":"https:\/\/www.europesays.com\/es\/wp-json\/wp\/v2\/categories?post=259108"},{"taxonomy":"post_tag","embeddable":true,"href":"https:\/\/www.europesays.com\/es\/wp-json\/wp\/v2\/tags?post=259108"}],"curies":[{"name":"wp","href":"https:\/\/api.w.org\/{rel}","templated":true}]}}