{"id":259193,"date":"2025-11-27T21:26:07","date_gmt":"2025-11-27T21:26:07","guid":{"rendered":"https:\/\/www.europesays.com\/es\/259193\/"},"modified":"2025-11-27T21:26:07","modified_gmt":"2025-11-27T21:26:07","slug":"si-ucrania-se-repliega-cesaran-los-combates-dw-27-11-2025","status":"publish","type":"post","link":"https:\/\/www.europesays.com\/es\/259193\/","title":{"rendered":"\u201cSi Ucrania se repliega, cesar\u00e1n los combates\u201d \u2013 DW \u2013 27\/11\/2025"},"content":{"rendered":"<p>El l\u00edder de Rusia, <a class=\"internal-link\" href=\"https:\/\/www.dw.com\/es\/vladimir-putin\/t-17409853\" rel=\"nofollow noopener\" target=\"_blank\">Vladimir Putin<\/a>, de visita en Kirguist\u00e1n, dijo este jueves (27.11.2025) que un eventual cese de las hostilidades en <a class=\"internal-link\" href=\"https:\/\/www.dw.com\/es\/ucrania\/t-36925922\" rel=\"nofollow noopener\" target=\"_blank\">Ucrania<\/a> solo ser\u00e1 posible si las fuerzas de ese pa\u00eds, que defienden su territorio de la agresi\u00f3n rusa a gran escala lanzada en febrero de 2022, se retiran de las cuatro regiones que Mosc\u00fa anexion\u00f3 ilegalmente en 2022, pese a que a d\u00eda de hoy sigue sin controlarlas totalmente.<\/p>\n<p>\u00ab(Si) Las tropas de Ucrania se repliegan de los territorios que ocupan, entonces cesar\u00e1n los combates. (Si) no se van, lograremos esto por la v\u00eda militar\u00bb, dijo el l\u00edder del r\u00e9gimen de Mosc\u00fa en una conferencia transmitida en directo por la televisi\u00f3n de su pa\u00eds. Asimismo, asegur\u00f3 que en Occidente hay voces que llaman a firmar un acuerdo de paz cuanto antes porque saben que en cualquier momento se puede producir \u00abun colapso del frente\u00bb. No especific\u00f3 a qu\u00e9 voces se refer\u00eda.<\/p>\n<p>\u00abLa deserci\u00f3n (en las filas ucranianas) es muy grande. Eso se ve no s\u00f3lo en nuestros medios de comunicaci\u00f3n, sino en los partes del Ministerio de Defensa y en los medios occidentales. Contenerlo es pr\u00e1cticamente imposible\u00bb, dijo Putin, que tambi\u00e9n dijo que sus fuerzas avanzan en todos los sectores del frente. \u00abAumenta la disparidad entre las bajas y el n\u00famero de soldados que ellos pueden enviar a la l\u00ednea del frente\u00bb, se\u00f1al\u00f3.<\/p>\n<p>Quiere reconocimiento<\/p>\n<p>En su alocuci\u00f3n, Putin tambi\u00e9n se\u00f1al\u00f3 que quiere abordar en las negociaciones con Estados Unidos el reconocimiento de la soberan\u00eda rusa sobre el <a class=\"internal-link\" href=\"https:\/\/www.dw.com\/es\/donb\u00e1s\/t-61613109\" rel=\"nofollow noopener\" target=\"_blank\">Donb\u00e1s<\/a> y la pen\u00ednsula de Crimea, y subray\u00f3 que el reconocimiento jur\u00eddico internacional -del que Rusia carece- \u00abtiene importancia\u00bb, ya que en ese caso un ataque a esos territorios ser\u00eda considerado \u00abuna agresi\u00f3n contra la Federaci\u00f3n Rusa con todas las medidas de respuesta consiguientes\u00bb.<\/p>\n<p>La entrega a Rusia de las regiones ucranianas de <a class=\"internal-link\" href=\"https:\/\/www.dw.com\/es\/donetsk\/t-36082037\" rel=\"nofollow noopener\" target=\"_blank\">Donetsk<\/a> y Lugansk formaba parte del plan original de 28 puntos presentado por Estados Unidos para poner fin a la guerra en Ucrania, que recibi\u00f3 cr\u00edticas por ser considerado como demasiado favorable para Mosc\u00fa. Este borrador fue modificado tras las negociaciones entre representantes de Estados Unidos y de Ucrania.<\/p>\n<p>La posibilidad de ceder territorio a Rusia es una piedra de choque que impide el avance del di\u00e1logo tras casi cuatro a\u00f1os de un conflicto que Mosc\u00fa crey\u00f3 durar\u00eda un par de semanas. <a rel=\"noopener follow nofollow\" target=\"_blank\" class=\"external-link\" href=\"https:\/\/www.csis.org\/analysis\/russias-battlefield-woes-ukraine\" title=\"Enlace externo \u2014 Cifras del Centro de Estudios Estrat\u00e9gicos e Internacionales\">Cifras del Centro de Estudios Estrat\u00e9gicos e Internacionales<\/a> aseguran que la Federaci\u00f3n Rusa ha tenido m\u00e1s de un mill\u00f3n de bajas en esta guerra, entre muertos y heridos.<\/p>\n<p>DZC (EFE, AFP)<\/p>\n","protected":false},"excerpt":{"rendered":"El l\u00edder de Rusia, Vladimir Putin, de visita en Kirguist\u00e1n, dijo este jueves (27.11.2025) que un eventual cese&hellip;\n","protected":false},"author":2,"featured_media":259194,"comment_status":"","ping_status":"","sticky":false,"template":"","format":"standard","meta":{"footnotes":""},"categories":[42],"tags":[17,18,13,14,11,61,62,63,64,19,20,9,10,15,16,12,21,22,65,66,67],"class_list":{"0":"post-259193","1":"post","2":"type-post","3":"status-publish","4":"format-standard","5":"has-post-thumbnail","7":"category-internacional","8":"tag-breaking-news","9":"tag-breakingnews","10":"tag-featured-news","11":"tag-featurednews","12":"tag-headlines","13":"tag-internacional","14":"tag-international","15":"tag-international-news","16":"tag-internationalnews","17":"tag-latest-news","18":"tag-latestnews","19":"tag-news","20":"tag-noticias","21":"tag-noticias-destacadas","22":"tag-noticiasdestacadas","23":"tag-titulares","24":"tag-ultimas-noticias","25":"tag-ultimasnoticias","26":"tag-world","27":"tag-world-news","28":"tag-worldnews"},"share_on_mastodon":{"url":"https:\/\/pubeurope.com\/@es\/115623780865637173","error":""},"_links":{"self":[{"href":"https:\/\/www.europesays.com\/es\/wp-json\/wp\/v2\/posts\/259193","targetHints":{"allow":["GET"]}}],"collection":[{"href":"https:\/\/www.europesays.com\/es\/wp-json\/wp\/v2\/posts"}],"about":[{"href":"https:\/\/www.europesays.com\/es\/wp-json\/wp\/v2\/types\/post"}],"author":[{"embeddable":true,"href":"https:\/\/www.europesays.com\/es\/wp-json\/wp\/v2\/users\/2"}],"replies":[{"embeddable":true,"href":"https:\/\/www.europesays.com\/es\/wp-json\/wp\/v2\/comments?post=259193"}],"version-history":[{"count":0,"href":"https:\/\/www.europesays.com\/es\/wp-json\/wp\/v2\/posts\/259193\/revisions"}],"wp:featuredmedia":[{"embeddable":true,"href":"https:\/\/www.europesays.com\/es\/wp-json\/wp\/v2\/media\/259194"}],"wp:attachment":[{"href":"https:\/\/www.europesays.com\/es\/wp-json\/wp\/v2\/media?parent=259193"}],"wp:term":[{"taxonomy":"category","embeddable":true,"href":"https:\/\/www.europesays.com\/es\/wp-json\/wp\/v2\/categories?post=259193"},{"taxonomy":"post_tag","embeddable":true,"href":"https:\/\/www.europesays.com\/es\/wp-json\/wp\/v2\/tags?post=259193"}],"curies":[{"name":"wp","href":"https:\/\/api.w.org\/{rel}","templated":true}]}}