{"id":259195,"date":"2025-11-27T21:27:10","date_gmt":"2025-11-27T21:27:10","guid":{"rendered":"https:\/\/www.europesays.com\/es\/259195\/"},"modified":"2025-11-27T21:27:10","modified_gmt":"2025-11-27T21:27:10","slug":"feijoo-convoca-una-concentracion-el-domingo-en-madrid-contra-sanchez-es-la-manzana-podrida","status":"publish","type":"post","link":"https:\/\/www.europesays.com\/es\/259195\/","title":{"rendered":"Feij\u00f3o convoca una concentraci\u00f3n el domingo en Madrid contra S\u00e1nchez: \u00abEs la manzana podrida\u00bb"},"content":{"rendered":"<p>El presidente del PP, Alberto N\u00fa\u00f1ez Feij\u00f3o, convoc\u00f3 este jueves una concentraci\u00f3n para este domingo en Madrid \u00abcontra los corruptos y contra todos aquellos que  &#8230; los sostienen\u00bb tras la decisi\u00f3n del magistrado del Tribunal Supremo Leopoldo Puente de enviar a prisi\u00f3n al exministro de Transportes y ex n\u00famero dos del PSOE, Jos\u00e9 Luis \u00c1balos, y su asesor Koldo Garc\u00eda, ambos estrechamente vinculados al presidente del Gobierno, Pedro S\u00e1nchez. \u00abEl 100% del clan que acompa\u00f1\u00f3 a S\u00e1nchez en su heroico regreso a la pol\u00edtica habr\u00e1 acabado encarcelado\u00bb, ironiz\u00f3 al incluir, junto a los nuevos internos, a Santos Cerd\u00e1n.<\/p>\n<p class=\"v-p\">\u00abA todos los ciudadanos que quieren hablar y a los que S\u00e1nchez no les da voz, les pido que nos concentremos de forma abierta y c\u00edvica, no para beneficio de ning\u00fan partido, sino en defensa de Espa\u00f1a\u00bb, afirm\u00f3 Feij\u00f3o, que concret\u00f3 que la concentraci\u00f3n, \u00absin siglas\u00bb, tendr\u00e1 lugar en el Templo de Debod a las 12 horas. Esta manifestaci\u00f3n, la s\u00e9ptima convocada por Feij\u00f3o desde que lleg\u00f3 a la presidencia del PP, en abril de 2022, renovar\u00e1 el lema de la anterior. As\u00ed, si el 8 de junio el PP protest\u00f3 contra la \u00abdegradaci\u00f3n\u00bb del Gobierno bajo la pancarta &#8216;Mafia o democracia&#8217;, esta vez lo har\u00e1 detr\u00e1s del eslogan &#8216;Efectivamente: \u00bfmafia o democracia?&#8217;.<\/p>\n<p class=\"v-p\">En una comparecencia en G\u00e9nova que coincidi\u00f3 en el tiempo con la entrada en prisi\u00f3n de \u00c1balos y Koldo, el l\u00edder popular se\u00f1al\u00f3 a S\u00e1nchez como \u00abla manzana podrida que ha podrido todo y a todos los que le rodean\u00bb, antes de enumerar los casos de corrupci\u00f3n vinculados al entorno pol\u00edtico y familiar del presidente. \u00abLa responsabilidad es suya. Ni su Gobierno ni su partido ni su entorno habr\u00edan podido incurrir en comportamientos tan deleznables si \u00e9l mismo no hubiese actuado con total amoralidad\u00bb, asegur\u00f3.<\/p>\n<p class=\"v-p\">Como en otras ocasiones, Feij\u00f3o volvi\u00f3 a reclamar ayer a S\u00e1nchez la convocatoria de elecciones anticipadas y apel\u00f3 a los socios de legislatura a romper con el Gobierno. \u00abSi los socios de S\u00e1nchez quieren seguir siendo c\u00f3mplices, all\u00e1 ellos. Lo pagar\u00e1n. Ya lo est\u00e1n haciendo. Pero la mayor\u00eda de los espa\u00f1oles no debemos callar ni permanecer anestesiados\u00bb, dijo el l\u00edder del PP, que sin embargo, no cree que el presidente d\u00e9 el paso de colocar las urnas: \u00abCuando todos los que le encumbraron entran en un sitio, la c\u00e1rcel, S\u00e1nchez debe salir de otro, La Moncloa. Pero conociendo su trayectoria, intentar\u00e1 aguantar como sea hasta su \u00faltimo aliento\u00bb.<\/p>\n<p class=\"v-p\">En cualquier caso, Feij\u00f3o se ratific\u00f3 en su negativa a presentar ahora una moci\u00f3n de censura, aunque sin descartarla para el futuro: \u00abVisto lo visto, he acertado no presentando la moci\u00f3n. Si me hubiese precipitado, sin los apoyos y sin toda la informaci\u00f3n que ahora conocemos, me hubiese equivocado. Esta es mi posici\u00f3n a d\u00eda de hoy. Pero cuando tenga algo que decir, lo dir\u00e9\u00bb.<\/p>\n<p class=\"v-p\">El l\u00edder popular lament\u00f3 que \u00ablos nuevos esc\u00e1ndalos pol\u00edticos no permitan atender como es debido los problemas reales de la gente, la vivienda, los precios, la inmigraci\u00f3n o la seguridad\u00bb y subray\u00f3 que el rechazo del Congreso a la senda de estabilidad, este jueves, es \u00abla constataci\u00f3n del bloqueo de la legislatura con la imposibilidad de sacar adelante los Presupuestos\u00bb. \u00abNi cuentas p\u00fablicas, ni leyes de calado, ni proyecto de ninguna clase\u00bb, resumi\u00f3.<\/p>\n<p class=\"v-p\">Tambi\u00e9n incidi\u00f3 Feij\u00f3o en el \u00abcalvario judicial\u00bb que acompa\u00f1a \u00aba un presidente obsesionado con que un juzgado de Madrid o de Badajoz, la Audiencia Nacional o el Tribunal Supremo arrojen alguna novedad que afecte a su futuro pol\u00edtico\u00bb. \u00abTodo est\u00e1 marcado por el m\u00e1s alto nivel de degradaci\u00f3n posible. Pero por m\u00e1s que sea una constante en su vida pol\u00edtica, no puede ser normal en la nuestra\u00bb.<\/p>\n<p class=\"v-p\">Mientras, Vox se desmarc\u00f3 de la iniciativa del PP. El l\u00edder del partido de derecha radical, Santiago Abascal, reclam\u00f3 a los populares que rompan \u00abtodos los pactos con el PSOE, en Bruselas, en Ceuta y en cualquier instituci\u00f3n\u00bb. Tambi\u00e9n les pidi\u00f3 \u00abque dejen de eludir sus responsabiliidades fingiendo una normalidad institucional que no existe, que dejen de convocar manifestaciones partidistas, y que Feij\u00f3o haga lo que tiene que hacer: presentar ya una moci\u00f3n de censura para que todo el mundo se retrate. Si no lo hace, ser\u00e1 un autorretrato\u00bb. <\/p>\n","protected":false},"excerpt":{"rendered":"El presidente del PP, Alberto N\u00fa\u00f1ez Feij\u00f3o, convoc\u00f3 este jueves una concentraci\u00f3n para este domingo en Madrid \u00abcontra&hellip;\n","protected":false},"author":2,"featured_media":259196,"comment_status":"","ping_status":"","sticky":false,"template":"","format":"standard","meta":{"footnotes":""},"categories":[8],"tags":[17,18,5762,14208,767,1053,25,24,13,14,9860,11,19,20,205,9,10,15,16,23,12,21,22],"class_list":{"0":"post-259195","1":"post","2":"type-post","3":"status-publish","4":"format-standard","5":"has-post-thumbnail","7":"category-espana","8":"tag-breaking-news","9":"tag-breakingnews","10":"tag-concentracion","11":"tag-convoca","12":"tag-corrupcion","13":"tag-domingo","14":"tag-es","15":"tag-espana","16":"tag-featured-news","17":"tag-featurednews","18":"tag-feijoo","19":"tag-headlines","20":"tag-latest-news","21":"tag-latestnews","22":"tag-madrid","23":"tag-news","24":"tag-noticias","25":"tag-noticias-destacadas","26":"tag-noticiasdestacadas","27":"tag-spain","28":"tag-titulares","29":"tag-ultimas-noticias","30":"tag-ultimasnoticias"},"share_on_mastodon":{"url":"","error":""},"_links":{"self":[{"href":"https:\/\/www.europesays.com\/es\/wp-json\/wp\/v2\/posts\/259195","targetHints":{"allow":["GET"]}}],"collection":[{"href":"https:\/\/www.europesays.com\/es\/wp-json\/wp\/v2\/posts"}],"about":[{"href":"https:\/\/www.europesays.com\/es\/wp-json\/wp\/v2\/types\/post"}],"author":[{"embeddable":true,"href":"https:\/\/www.europesays.com\/es\/wp-json\/wp\/v2\/users\/2"}],"replies":[{"embeddable":true,"href":"https:\/\/www.europesays.com\/es\/wp-json\/wp\/v2\/comments?post=259195"}],"version-history":[{"count":0,"href":"https:\/\/www.europesays.com\/es\/wp-json\/wp\/v2\/posts\/259195\/revisions"}],"wp:featuredmedia":[{"embeddable":true,"href":"https:\/\/www.europesays.com\/es\/wp-json\/wp\/v2\/media\/259196"}],"wp:attachment":[{"href":"https:\/\/www.europesays.com\/es\/wp-json\/wp\/v2\/media?parent=259195"}],"wp:term":[{"taxonomy":"category","embeddable":true,"href":"https:\/\/www.europesays.com\/es\/wp-json\/wp\/v2\/categories?post=259195"},{"taxonomy":"post_tag","embeddable":true,"href":"https:\/\/www.europesays.com\/es\/wp-json\/wp\/v2\/tags?post=259195"}],"curies":[{"name":"wp","href":"https:\/\/api.w.org\/{rel}","templated":true}]}}