{"id":259210,"date":"2025-11-27T21:42:13","date_gmt":"2025-11-27T21:42:13","guid":{"rendered":"https:\/\/www.europesays.com\/es\/259210\/"},"modified":"2025-11-27T21:42:13","modified_gmt":"2025-11-27T21:42:13","slug":"recibira-18-millones-de-dolares-tras-anos-de-batalla-legal-contra-el-expropietario-de-su-mansion-en-california","status":"publish","type":"post","link":"https:\/\/www.europesays.com\/es\/259210\/","title":{"rendered":"recibir\u00e1 1,8 millones de d\u00f3lares tras a\u00f1os de batalla legal contra el expropietario de su mansi\u00f3n en California"},"content":{"rendered":"<p id=\"e8wqWZ9WQ8\" data-wc=\"123\"><strong>La justicia se ha puesto, por fin, de parte de Katy Perry.<\/strong> La artista, junto a su marido <strong>Orlando Bloom<\/strong>, compr\u00f3 en 2020 <strong>una mansi\u00f3n de 15 millones<\/strong> de d\u00f3lares en una localidad exclusiva de Montecito, en California. El vendedor de la casa, el empresario <strong>Carles Westcott,<\/strong> pocos d\u00edas despu\u00e9s de firmar el contrato,<strong>\u00a0se arrepinti\u00f3 de la venta e intent\u00f3 recuperar su casa.\u00a0<\/strong>\u00c9ste se justific\u00f3 diciendo que en el momento de la firma estaba <strong>incapacitado<\/strong> para tomar decisiones porque hab\u00eda tomado analg\u00e9sicos por una operaci\u00f3n que hab\u00eda tenido. <strong>Tras cinco a\u00f1os de demandas y contrademandas, el Tribunal Superior del Estado de California\u00a0<\/strong>ha confirmado que<strong>\u00a0Westcott\u00a0<\/strong>tendr\u00e1 que pagar a la cantante<strong>\u00a01<\/strong><strong>,8 millones de d\u00f3lares por las p\u00e9rdidas de alquiler.<\/strong>\u00a0<\/p>\n<p> <img src=\"https:\/\/www.europesays.com\/es\/wp-content\/uploads\/2025\/11\/bde19b939460-gettyimages-2202991327.jpg\"   width=\"1024\" height=\"682\" loading=\"lazy\" decoding=\"async\" alt=\"Katy Perry y Orlando Bloom\" fetchpriority=\"auto\" class=\"image ho-image\"\/>\u00a9 Getty Images for Vanity FairKaty Perry y Orlando Bloom<\/p>\n<p id=\"eoIXAAlHBT\" data-wc=\"99\">Katy Perry y Orlando Bloom se separaron el pasado junio<strong>\u00a0tras nueve a\u00f1os juntos.<\/strong> En 2020, a\u00f1o en el que tambi\u00e9n naci\u00f3 su hija <strong>Daisy Dove Bloom<\/strong>, el matrimonio compraba la casa en la localidad californiana. Desde ese momento, la titularidad de la casa se ha vuelto una batalla constante. Aun as\u00ed, la cantante de Last Friday Night\u00a0o Firework\u00a0compr\u00f3 oficialmente la mansi\u00f3n en 2024. Esta vivienda cuenta con ocho dormitorios, once ba\u00f1os, una piscina infinita, jacuzzi y una chimenea exterior y se sit\u00faa en una poblaci\u00f3n en la que tambi\u00e9n residen celebridades como los <strong>duques de Sussex.\u00a0<\/strong><\/p>\n<p id=\"eNZp6yYRMk\" data-wc=\"79\">El empresario Westcott demand\u00f3 a<strong>\u00a0Bernie Gudvi,<\/strong> que es el gestor comercial de la artista y es quien <strong>se encarg\u00f3 de la compra<\/strong>. En diciembre de 2023, un juez determin\u00f3 que <strong>no hab\u00eda pruebas convincentes de que el empresario no estuviese en capacidad de aceptar la compra de Perry<\/strong>. Es cierto que en 2015 le diagnosticaron la enfermedad de Huntington, que genera una degeneraci\u00f3n selectiva del tejido cerebral, pero en el momento de la compra apareci\u00f3 racional y coherente.\u00a0<\/p>\n<p id=\"e7RWYng8cli\" data-wc=\"86\">La familia del empresario, al ver que no iba a ganar el juicio, intent\u00f3 ganarse a la sociedad y generar empat\u00eda. Su hijo, <strong>Court Westcott,<\/strong> coment\u00f3 p\u00fablicamente que el asunto hab\u00eda terminado con la salud mental de su padre y que <strong>hab\u00eda sido ingresado en una cl\u00ednica.<\/strong> Tambi\u00e9n pidi\u00f3 que la artista se disculpase p\u00fablicamente. <strong>Pero Perry siempre tuvo claro que lo que ella quer\u00eda era algo tan simple como justicia.\u00a0<\/strong>No se disculp\u00f3 e insisti\u00f3 en que ten\u00eda que recibir todo lo que le correspond\u00eda.<\/p>\n<p> <img src=\"https:\/\/www.europesays.com\/es\/wp-content\/uploads\/2025\/11\/7253aae5b1d0-dlu557549001.jpg\"   width=\"1024\" height=\"682\" loading=\"lazy\" decoding=\"async\" alt=\"Katy Perry en Montecito, California.\" fetchpriority=\"auto\" class=\"image ho-image\"\/>\u00a9 GTRESKaty Perry en Montecito, California.<\/p>\n<p id=\"e9B6ajL_kR\" data-wc=\"132\">Mientras esta disputa se alargaba en los a\u00f1os, la cantante present\u00f3 una contrademanda en la que ped\u00eda <strong>3,25 millones de d\u00f3lares por no poder alquilar el inmueble, sumado a los 2,2 millones que ped\u00eda por gastos de reparaciones y 3 millones m\u00e1s en honorarios legales.\u00a0<\/strong>Un documento judicial publicado este martes y obtenido por la revista People\u00a0confirmaba que la artista solicitaba 4,7 millones de d\u00f3lares al empresario. Por su parte, Westcott reclamaba un total de seis millones de d\u00f3lares del precio de la venta, ya que Perry s\u00f3lo hab\u00eda pagado nueve millones del precio total. Finalmente, la justicia ha terminado dando la raz\u00f3n a la estadounidense. Como compensaci\u00f3n, Carl Westcott tendr\u00e1 que pagar a Perry con 1,84 millones de d\u00f3lares en da\u00f1os y perjuicios por la p\u00e9rdida de ingresos por alquiler.<\/p>\n<p> <img src=\"https:\/\/www.europesays.com\/es\/wp-content\/uploads\/2025\/11\/ce816961bd80-gettyimages-2224258237.jpg\"   width=\"1024\" height=\"682\" loading=\"lazy\" decoding=\"async\" alt=\"La cantante Katy Perry\" fetchpriority=\"auto\" class=\"image ho-image\"\/>\u00a9 GC ImagesLa cantante Katy Perry<\/p>\n<p id=\"ehBCgr8ND-X\" data-wc=\"98\">Tras cinco a\u00f1os de lucha, el juez <strong>Joseph Lipner<\/strong> del Tribunal Superior del Estado de California ha confirmado que Westcott debe 1,84 millones de d\u00f3lares a la artista estadounidense. Este precio incluye el valor del alquiler entre 2020 y 2024 (2,7 millones de d\u00f3lares) y se le resta el valor del capital retenido (m\u00e1s de un mill\u00f3n de d\u00f3lares) y los intereses perdidos de Westcott (alrededor de 150.000 d\u00f3lares).<strong>\u00a0Sin embargo, Katy Perry no parece estar convenida del todo y Gudvi, su gestor, impugnar\u00e1 seguramente la decisi\u00f3n en la audiencia que se celebrar\u00e1 el pr\u00f3ximo 30 de diciembre.<\/strong><\/p>\n","protected":false},"excerpt":{"rendered":"La justicia se ha puesto, por fin, de parte de Katy Perry. La artista, junto a su marido&hellip;\n","protected":false},"author":2,"featured_media":259211,"comment_status":"","ping_status":"","sticky":false,"template":"","format":"standard","meta":{"footnotes":""},"categories":[170],"tags":[517,146,147,25,24,4885,184,185,23],"class_list":{"0":"post-259210","1":"post","2":"type-post","3":"status-publish","4":"format-standard","5":"has-post-thumbnail","7":"category-musica","8":"tag-actualidad","9":"tag-entertainment","10":"tag-entretenimiento","11":"tag-es","12":"tag-espana","13":"tag-katy-perry","14":"tag-music","15":"tag-musica","16":"tag-spain"},"share_on_mastodon":{"url":"https:\/\/pubeurope.com\/@es\/115623844300495287","error":""},"_links":{"self":[{"href":"https:\/\/www.europesays.com\/es\/wp-json\/wp\/v2\/posts\/259210","targetHints":{"allow":["GET"]}}],"collection":[{"href":"https:\/\/www.europesays.com\/es\/wp-json\/wp\/v2\/posts"}],"about":[{"href":"https:\/\/www.europesays.com\/es\/wp-json\/wp\/v2\/types\/post"}],"author":[{"embeddable":true,"href":"https:\/\/www.europesays.com\/es\/wp-json\/wp\/v2\/users\/2"}],"replies":[{"embeddable":true,"href":"https:\/\/www.europesays.com\/es\/wp-json\/wp\/v2\/comments?post=259210"}],"version-history":[{"count":0,"href":"https:\/\/www.europesays.com\/es\/wp-json\/wp\/v2\/posts\/259210\/revisions"}],"wp:featuredmedia":[{"embeddable":true,"href":"https:\/\/www.europesays.com\/es\/wp-json\/wp\/v2\/media\/259211"}],"wp:attachment":[{"href":"https:\/\/www.europesays.com\/es\/wp-json\/wp\/v2\/media?parent=259210"}],"wp:term":[{"taxonomy":"category","embeddable":true,"href":"https:\/\/www.europesays.com\/es\/wp-json\/wp\/v2\/categories?post=259210"},{"taxonomy":"post_tag","embeddable":true,"href":"https:\/\/www.europesays.com\/es\/wp-json\/wp\/v2\/tags?post=259210"}],"curies":[{"name":"wp","href":"https:\/\/api.w.org\/{rel}","templated":true}]}}