{"id":259214,"date":"2025-11-27T21:44:14","date_gmt":"2025-11-27T21:44:14","guid":{"rendered":"https:\/\/www.europesays.com\/es\/259214\/"},"modified":"2025-11-27T21:44:14","modified_gmt":"2025-11-27T21:44:14","slug":"utrecht-en-directo-ultima-hora-del-partido-de-la-uefa-europa-league-hoy-en-vivo","status":"publish","type":"post","link":"https:\/\/www.europesays.com\/es\/259214\/","title":{"rendered":"Utrecht, en directo: \u00faltima hora del partido de la UEFA Europa League hoy en vivo"},"content":{"rendered":"<p style=\"\">Del empate con el Girona en casa, que no entraba en los planes, quiere resarcirse el <strong>Real Betis<\/strong> este jueves, cuando recibe en el estadio de la Cartuja al <strong>FC Utrecht<\/strong> en partido correspondiente a la <a href=\"https:\/\/es.uefa.com\/uefaeuropaleague\/match\/2046232--real-betis-vs-utrecht\/\" target=\"_self\" data-voc-vtm-id=\"in-text-traffic\" title=\"5\u00aa jornada de la UEFA Europa League\" data-mrf-link=\"es.uefa.com\" rel=\"nofollow noopener\">5\u00aa jornada de la UEFA Europa League<\/a> &#8230;  con arbitraje del serbio Nenad Minakovic y su compatriota Momcilo Markovic en el VAR. <\/p>\n<p>22:43<\/p>\n<p>Min. 75 (2-1)<\/p>\n<p class=\"voc-p\">\u00a1\u00a1\u00a1Uyyyyyyyy!!! Doble ocasi\u00f3n del Betis. Brouwer despeja un tiro con rosca de Antony y tras el rechace detiene un segundo lanzamiento del Betis buscando el tercer tanto.<\/p>\n<p>22:39<\/p>\n<p>Cucho Hern\u00e1ndez celebra el 1-0 ante el FC Utrecht<\/p>\n<p class=\"voc-p\">Foto: Manuel G\u00f3mez<\/p>\n<p>22:37<\/p>\n<p>Abde iguala las nueve dianas de Bakambu en Europa<\/p>\n<p>22:35<\/p>\n<p>Min. 67 (2-1)<\/p>\n<p class=\"voc-p\">Otro cambio en el Utrecht: Min sustituye a Haller.<\/p>\n<p>22:34<\/p>\n<p>Min. 67 (2-1)<\/p>\n<p class=\"voc-p\">Tarjeta amarilla para Engwanda por agarr\u00f3n sobre Abde.<\/p>\n<p>22:31<\/p>\n<p>Min. 64 (2-1)<\/p>\n<p class=\"voc-p\">\u00a1Uy! Disparo de Cathline que atrapa Valles en el centro de la porter\u00eda.<\/p>\n<p>22:27<\/p>\n<p>Min. 58 (2-1)<\/p>\n<p class=\"voc-p\"> Gol anulado al Utrecht por fuera de juego.<\/p>\n<p>22:24<\/p>\n<p>Min. 57 (2-1)<\/p>\n<p class=\"voc-p\"> Nuevo cambio en el Utrecht: se marcha Bozdogan y entra en su lugar Zechiel.<\/p>\n<p>22:22<\/p>\n<p>Min. 54 (2-1)<\/p>\n<p class=\"voc-p\">\u00a1Gol del Utrecht! \u00a1Ha marcado Miguel Rodr\u00edguez desde la l\u00ednea del centro del campo con un disparo tremendo que ha sorprendido a Valles!<\/p>\n<p>22:18<\/p>\n<p>Min. 50 (2-0)<\/p>\n<p class=\"voc-p\">\u00a1\u00a1\u00a1GOOOOOOOOL del Real Betis!!! GOOOOOOOOL de\u00a0Abde. Gran disparo del marroqu\u00ed desde fuera del \u00e1rea con su derecha que acaba en el fondo de la meta neerlandesa. Encarrila el partido el Betis.<\/p>\n<p>22:16<\/p>\n<p>Min. 49 (1-0)<\/p>\n<p class=\"voc-p\"> Fuerte entrada de Murkin a Antony.<\/p>\n<p>22:11<\/p>\n<p>\u00a1\u00a1\u00a1Comienza el segundo tiempo!!!<\/p>\n<p class=\"voc-p\">Se reanuda el juego en el estadio de la Cartuja entre el Betis y el Utrecht. Hay cambio en los neerlandeses: entra Murkin por El Karouani.<\/p>\n<p>22:06<\/p>\n<p>El parte m\u00e9dico de Isco y Amrabat<\/p>\n<p>21:57<\/p>\n<p>Min. 45+10 (1-0)<\/p>\n<p class=\"voc-p\">Descanso. Jugadores a vestuarios. Gana el Betis con gol de Cucho en una primera parte muy accidentada. Isco y Amrabat, tras chocarse entre ellos, tuvieron que retirarse del campo al poco del arranque.<\/p>\n<p>21:55<\/p>\n<p>Min. 45+9 (1-0)<\/p>\n<p class=\"voc-p\"> Se retira El Karouani por su propio pie, aunque no parece que pueda continuar.<\/p>\n<p>21:53<\/p>\n<p>Min. 45+6 (1-0)<\/p>\n<p class=\"voc-p\">Se ha llevado un fort\u00edsimo golpe en la cara El Karouani. Le ha golpeado su portero en una acci\u00f3n defensiva del Utrecht. Est\u00e1n atendiendo al lateral izquierdo de los neerlandeses.<\/p>\n<p>21:48<\/p>\n<p>Min. 45+3 (1-0)<\/p>\n<p class=\"voc-p\">\u00a1Uy! Libre directo de El Karouani que se marcha a saque de esquina.<\/p>\n<p>21:46<\/p>\n<p>Min. 45 (1-0)<\/p>\n<p class=\"voc-p\">Se a\u00f1aden seis minutos a la primera mitad.<\/p>\n<p>21:44<\/p>\n<p>Min. 42 (1-0)<\/p>\n<p class=\"voc-p\">\u00a1\u00a1\u00a1GOOOOOOOOL del Real Betis!!! GOOOOOOOOL de Cucho Hern\u00e1ndez. Cabezazo extraordinario del colombiano tras gran asistencia de Antony, que gan\u00f3 la pelota, la protegi\u00f3 y la puso de dulce. Se adelanta el Betis.<\/p>\n<p>21:41<\/p>\n<p>Min. 40 (0-0)<\/p>\n<p class=\"voc-p\">\u00a1\u00a1\u00a1Uyyyyyyyy!!! Gran centro de Ricardo al que no llega por un pelo Cucho Hern\u00e1ndez.<\/p>\n<p>21:38<\/p>\n<p>Min. 37 (0-0)<\/p>\n<p class=\"voc-p\">\u00a1\u00a1\u00a1Uyyyyyyyy!!! Viergever le reba\u00f1\u00f3 la pelota a Abde cuando encaraba la porter\u00eda del Utrecht en una contra verdiblanca. Luego dispar\u00f3 Deossa tan fuerte como desviado desde fuera del \u00e1rea.<\/p>\n<p>21:36<\/p>\n<p>Min. 33 (0-0)<\/p>\n<p class=\"voc-p\">\u00a1\u00a1\u00a1Uyyyyyyyy!!! Pidi\u00f3 penalti \u00c1ngel Ortiz por manos de un jugador del Utrecht dentro del \u00e1rea neerland\u00e9s. Se anima el Betis, aprieta y busco el primer gol.<\/p>\n<p>21:34<\/p>\n<p>Isco necesit\u00f3 ayuda para retirarse a los vestuarios del estadio de la Cartuja<\/p>\n<p>21:30<\/p>\n<p>Gesto cari\u00f1oso de Llorente cuando Isco es sustituido por Deossa <\/p>\n<p class=\"voc-p\">Foto: Manuel G\u00f3mez<\/p>\n<p>21:27<\/p>\n<p>Amrabat, tumbado en el c\u00e9sped, antes de abandonar el terreno de juego<\/p>\n<p class=\"voc-p\">Foto: Manuel G\u00f3mez<\/p>\n<p>21:26<\/p>\n<p>Min. 24 (0-0)<\/p>\n<p class=\"voc-p\">\u00a1\u00a1\u00a1Uyyyyyyyy!! A punto de marcar Cucho Hern\u00e1ndez. Dribl\u00f3 al portero el colombiano y su potente chut lo sac\u00f3 junto al poste el central Van der Hoorn. Primera gran ocasi\u00f3n del Betis.<\/p>\n<p>21:23<\/p>\n<p>Min. 22 (0-0)<\/p>\n<p class=\"voc-p\">Se duele El Karouani de un golpe en la cara en una acci\u00f3n con Antony. Atienden al futbolista del Utrecht.<\/p>\n<p>21:21<\/p>\n<p>Min. 20 (0-0)<\/p>\n<p class=\"voc-p\">Fuerza un c\u00f3rner Abde que se sac\u00f3 sin consecuencias. Es la primera acci\u00f3n de peligro del Betis, que trata de recomponerse poco a poco tras el contratiempo inicial.<\/p>\n<p>21:20<\/p>\n<p>As\u00ed se ha producido la desgraciada jugada entre Amrabat e Isco <\/p>\n<p>21:16<\/p>\n<p>Min. 14 (0-0)<\/p>\n<p class=\"voc-p\">Segundo cambio en el Betis: entra Fornals por Amrabat.<\/p>\n<p>21:15<\/p>\n<p>Min. 13 (0-0)<\/p>\n<p class=\"voc-p\">Ahora se tumba Amrabat. No puede continuar tampoco. Isco se marcha del banquillo. No puede apoyar el pie derecho y lo tienen que ayudar. Va vendado<\/p>\n<p>21:13<\/p>\n<p>Min. 12 (0-0)<\/p>\n<p class=\"voc-p\">\u00a1Uy! Centro muy peligroso de El Karouani que se pasea por el \u00e1rea peque\u00f1a sin que nadie remate. Est\u00e1 fuera del partido el Betis.<\/p>\n<p>21:11<\/p>\n<p>Min. 9 (0-0)<\/p>\n<p class=\"voc-p\">Cambio en el Betis: entra Deossa por Isco. El Karouani ha tenido la primera ocasi\u00f3n visitante. Ha salvado Valles el 0-1.<\/p>\n<p>21:09<\/p>\n<p>Min. 8 (0-0)<\/p>\n<p class=\"voc-p\">Isco no puede. Ha salido, se ha probado y se tumba. Pide el cambio. No puede seguir el malague\u00f1o.<\/p>\n<p>21:07<\/p>\n<p>Min. 6 (0-0)<\/p>\n<p class=\"voc-p\">Isco se tumba y lo van a atender. Muchos jugadores lo rodean. Deossa calienta en la banda. Partido parado. Ovaci\u00f3n para el malague\u00f1o, que se va a la banda.<\/p>\n<p>21:04<\/p>\n<p>Min. 2 (0-0)<\/p>\n<p class=\"voc-p\">Se duele Isco de un golpe que le ha dado su compa\u00f1ero Amrabat en la disputa de un bal\u00f3n dividido. Una jugada muy extra\u00f1a. Isco se est\u00e1 probando, cojea y el marroqu\u00ed est\u00e1 siendo atendido.<\/p>\n<p>21:00<\/p>\n<p>\u00a1\u00a1\u00a1Empieza el partido!!!<\/p>\n<p class=\"voc-p\">\u00a1\u00a1\u00a1Comienza el encuentro en el estadio de la Cartuja entre el Real Betis y el FC Utrecht!!!<\/p>\n<p>20:56<\/p>\n<p>\u00a1\u00a1\u00a1Saltan los protagonistas al terreno de juego!!! <\/p>\n<p class=\"voc-p\">Todo preparado para el comienzo del partido entre el Real Betis y el FC Utrecht.<\/p>\n<p>20:55<\/p>\n<p> La alineaci\u00f3n titular del Betis<\/p>\n<p class=\"voc-p\">Con este once sale el Betis ante el Utrecht: Valles; Ortiz, Llorente, Natan, Ricardo; Altimira, Amrabat; Antony, Isco, Abde; y Cucho Hern\u00e1ndez.<\/p>\n<p>20:50<\/p>\n<p> La alineaci\u00f3n titular del Utrecht<\/p>\n<p class=\"voc-p\">Con este once salen los catalanes ante el Betis: Brouwer; Horemans, Van der Hoom, Viergever, El Karouani; Engwanda, De Wit, Bozdogan; Miguel, Cathlin y Haller.<\/p>\n<p>20:45<\/p>\n<p> \u00a1\u00a1\u00a1Quince minutos para el comienzo del encuentro entre el Real Betis y el FC Utrecht!!!<\/p>\n<p>20:40<\/p>\n<p>El banquillo del Real Betis ante el Utrecht FC<\/p>\n<p class=\"voc-p\">Estos jugadores esperar\u00e1n su oportunidad en el banquillo verdiblanco: Adri\u00e1n, Manu Gonz\u00e1lez, Aitor, Bartra, Valent\u00edn, Junior, Marc Roca, Deossa, Fornals, Riquelme, Chimy, Pablo Garc\u00eda.<\/p>\n<p>20:35<\/p>\n<p>El banquillo del FC Utrecht ante el Real Betis<\/p>\n<p class=\"voc-p\">Estos jugadores esperar\u00e1n su oportunidad en el banquillo neerland\u00e9s: Gadellaa (p), Eppink (p), Finnson, Min, Blake, Zechiel, Jonathans, Didden, Eerdhuijzen, Van Ommeren, Murkin.  <\/p>\n<p>20:30<\/p>\n<p> \u00a1\u00a1\u00a1Media hora para que ruede el bal\u00f3n en el estadio de la Cartuja!!! <\/p>\n<p class=\"voc-p\">Ya calientan los futbolistas de ambos equipos sobre el terreno de juego.<\/p>\n<p>20:20<\/p>\n<p class=\"voc-p\"><a href=\"https:\/\/www.abc.es\/deportes\/alfinaldelapalmera\/noticias-betis\/serbio-minakovic-arbitro-betis-utrecht-20251127095509-nts.html\" data-voc-vtm-id=\"in-text-traffic\" target=\"_blank\" rel=\"nofollow noopener\"><br \/>\nEl serbio Minakovic, \u00e1rbitro del Betis &#8211; Utrecht<\/a><\/p>\n<p class=\"voc-p\">El \u00e1rbitro serbio Nenad <strong>Minakovic<\/strong> ha sido designado por la UEFA para arbitrar el encuentro correspondiente a la quinta jornada de la Europa League que disputar\u00e1n este jueves el <strong>Real Betis y el Utrecht<\/strong> en el estadio de la Cartuja a partir de las 21.00. Este colegiado, de 36 a\u00f1os, ha dirigido m\u00e1s de cien partidos en la primera divisi\u00f3n de su pa\u00eds.<\/p>\n<p class=\"voc-p\">Minakovic estar\u00e1 asistido desde las bandas por sus compatriotas Nikola Borovic y Bosko Bozovic, mientras que Milan Mitic ejercer\u00e1 como cuarto \u00e1rbitro. En el VAR se encontrar\u00e1n Momcilo Markovic y Aleksandar Zivkovic, todos serbios.<\/p>\n<p>20:14<\/p>\n<p>Pellegrini, en declaraciones a los medios del club en la previa del partido<\/p>\n<p class=\"voc-p\"><strong>Partido importante. <\/strong>\u00abS\u00ed, nos pondr\u00edamos con once puntos y con once y doce est\u00e1 el pase a la siguiente ronda. Eso nos permitir\u00e1 jugar con m\u00e1s tranquilidad los dos siguientes fuera de casa para rematar con Feyenoord ac\u00e1 para intentar meternos entre los ocho primeros\u00bb.<\/p>\n<p class=\"voc-p\"><strong>Antes del derbi, compromiso europeo. <\/strong>\u00abSon dos competiciones distintas y el gran m\u00e9rito de este plantel ha sido aislar una competici\u00f3n de la otra. Hoy hay que sumar tres puntos en casa para avanzar en la clasificaci\u00f3n y ma\u00f1ana pensaremos en el domingo. No hay que mejor manera de preparar lo del domingo que haciendo un buen partido hoy\u00bb. <\/p>\n<p class=\"voc-p\"><strong>Las novedades del once titular.<\/strong> \u00abEntra \u00c1ngel Ortiz por Beller\u00edn, que est\u00e1 lesionado, reaparece Diego Llorente por Bartra; tambi\u00e9n Ricardo, que no jug\u00f3 el domingo, as\u00ed como Altimira e Isco, que sale desde el inicio. Y adelante, los tres que vienen jugando en LaLiga\u00bb. <\/p>\n<p class=\"voc-p\"><strong>M\u00e9ritos para tener oportunidades.<\/strong> \u00abEn la medida en que uno los va viendo entrenarse merecen jugar porque el rendimiento no s\u00f3lo es en partidos sino tambi\u00e9n en entrenamientos. Est\u00e1 la actitud, la exigencia&#8230; una serie de factores que analizamos en el plantel. Mientras m\u00e1s jugadores tengamos, m\u00e1s alternativas habr\u00e1 para un buen once. Les toca a ellos demostrar ahora por qu\u00e9 queremos seguir en la Europa League\u00bb. <\/p>\n<p class=\"voc-p\"><strong>C\u00f3mo juega el Utrecht.<\/strong> \u00abS\u00ed, es un equipo que se dedica a jugar, m\u00e1s constructivo que destructivo. Como todos los equipos holandeses y belgas, son ligas bastantes creativas y hay que jugar con una mu buena intensidad para recuperar el bal\u00f3n porque ellos se asocian bien. El \u00faltimo partido ganamos por 19 remates a 7. Hay que tratar de tener m\u00e1s efectividad en el tercio final\u00bb. <\/p>\n<p>20:10<\/p>\n<p>La PREVIA del Betis &#8211; Utrecht<\/p>\n<p class=\"voc-p\"><a href=\"https:\/\/www.abc.es\/deportes\/alfinaldelapalmera\/noticias-betis\/betis-utrecht-peligro-mirar-alla-20251127135437-nts.html\" data-voc-vtm-id=\"in-text-traffic\" target=\"_blank\" rel=\"nofollow noopener\"><br \/>\nEl peligro est\u00e1 en mirar m\u00e1s all\u00e1<\/a><\/p>\n<p class=\"voc-p\">Los verdiblancos buscan sellar en casa virtualmente el pase a la siguiente ronda en la Europa League tres d\u00edas antes del derbi y con muchas rotaciones en el once<\/p>\n<p>20:05<\/p>\n<p class=\"voc-p\"><a href=\"https:\/\/www.abc.es\/deportes\/alfinaldelapalmera\/noticias-betis\/ver-betis-utrecht-canal-streaming-online-partido-20251125180412-nts.html\" data-voc-vtm-id=\"in-text-traffic\" target=\"_blank\" rel=\"nofollow noopener\"><br \/>\nD\u00f3nde ver Betis &#8211; Utrecht: canal de TV y streaming online del partido de UEFA Europa League 2025-2026<\/a><\/p>\n<p>Betis &#8211; Utrecht: en qu\u00e9 canal lo televisan y plataformas de streaming<\/p>\n<p class=\"voc-p\">El partido entre el conjunto b\u00e9tico y el neerland\u00e9s correspondiente a la 5\u00aa jornada de la Europa League ser\u00e1 retransmitido por                                             <a href=\"https:\/\/www.movistarplus.es\/canal\/m-plus-liga-de-campeones?id=chapio\" data-voc-vtm-id=\"in-text-traffic\" target=\"_blank\" rel=\"nofollow noopener\"><strong>Movistar Liga de Campeones<\/strong><\/a> (diales 60 en Movistar y 115 en Orange) y LaLiga TV Bar (dial 300) en los establecimientos.<\/p>\n<p>A qu\u00e9 hora es el Betis &#8211; Utrecht: fecha, d\u00eda, horario, estadio y d\u00f3nde se juega<\/p>\n<p class=\"voc-p\">El Real Betis y FC Utrecht se enfrentan <strong>este jueves, 27 de noviembre, a las 21.00 horas<\/strong> en el estadio de la Cartuja.<\/p>\n<p>C\u00f3mo seguir el Betis &#8211; Utrecht<\/p>\n<p class=\"voc-p\">El duelo de la 5\u00aa jornada de la Europa League entre el conjunto de Manuel Pellegrini y el de Ron Jans se puede seguir por dos v\u00edas online. En primer lugar, desde esta misma web:                                             <a href=\"https:\/\/www.abc.es\/deportes\/alfinaldelapalmera\/\" data-voc-vtm-id=\"in-text-traffic\" target=\"_blank\" rel=\"nofollow noopener\"><strong>Alfinaldelapalmera.com<\/strong><\/a>, donde contaremos el partido en directo y minuto a minuto. Tambi\u00e9n a trav\u00e9s de ABC de Sevilla. En ambas webs, aparte del transcurrir del choque, se podr\u00e1n leer estad\u00edsticas, comentarios, cr\u00f3nicas, res\u00famenes, v\u00eddeos y todo lo relacionado con este partido de la <strong>Europa League 2025-2026<\/strong>.<\/p>\n<p>20:00<\/p>\n<p> \u00a1\u00a1\u00a1En una hora dar\u00e1 comienzo el partido de la 5\u00aa jornada de la UEFA Europa League entre el Real Betis y el FC Utrecht!!!<\/p>\n<p class=\"voc-p\">Os estamos contando la mejor previa del choque en @AFDLP.<\/p>\n<p>19:55<\/p>\n<p class=\"voc-p\"><a href=\"https:\/\/www.abc.es\/deportes\/alfinaldelapalmera\/noticias-betis\/utrecht-empata-ante-colista-visitar-betis-20251124144534-nts.html\" data-voc-vtm-id=\"in-text-traffic\" target=\"_blank\" rel=\"nofollow noopener\"><br \/>\nEl Utrecht empata ante el colista antes de visitar al Betis (1-1)<\/a><\/p>\n<p class=\"voc-p\">El <strong>Real Betis<\/strong> ya prepara el duelo europeo ante el <strong>Utrecht<\/strong>, correspondiente a la quinta jornada de la <strong>Europa League<\/strong>. El conjunto de Manuel Pellegrini, que no pudo pasar del empate en el encuentro ante el Girona (1-1), recibir\u00e1 al equipo\u00a0holand\u00e9s este jueves a las 21:00 horas, tres d\u00edas antes del derbi sevillano ante el Sevilla FC. Por su parte, el Utrecht, que ocupa la quinta posici\u00f3n en la liga holandesa, empat\u00f3 a uno ante el SC Telstar, actual colista de la Eredivisie.<\/p>\n<p>19:51<\/p>\n<p>El once del FC Utrecht<\/p>\n<p class=\"voc-p\">Estos son los once hombres elegidos por Ron Jans para el choque ante el Real Betis: Brouwer; Horemans, Van der Hoom, Viergever, El Karouani; Engwanda, De Wit, Bozdogan; Miguel, Cathlin y Haller.<\/p>\n<p>19:50<\/p>\n<p class=\"voc-p\"><a href=\"https:\/\/www.abc.es\/deportes\/alfinaldelapalmera\/noticias-betis\/manu-fajardo-joaquin-presentes-atletico-madrid-inter-20251127123212-nts.html\" data-voc-vtm-id=\"in-text-traffic\" target=\"_blank\" rel=\"nofollow noopener\"><br \/>\nManu Fajardo y Joaqu\u00edn, presentes en el Atl\u00e9tico de Madrid &#8211; Inter de Mil\u00e1n<\/a><\/p>\n<p class=\"voc-p\">El <strong>Real Betis<\/strong> disputa este jueves el primer compromiso de los dos que tiene por delante en esta semana. El equipo dirigido por Manuel Pellegrini tratar\u00e1 de asegurarse un hueco en la siguiente ronda de la Europa League con una victoria ante el <strong>Utrecht<\/strong>. Adem\u00e1s, para cerrar el mes de noviembre, el conjunto verdiblanco visitar\u00e1 el feudo del <strong>Sevilla FC<\/strong> el pr\u00f3ximo domingo 30 de noviembre a las 16:15 horas.<\/p>\n<p class=\"voc-p\">A poco m\u00e1s de un mes para que se abra el mercado de fichajes de invierno, los directores deportivos ya empiezan a mover hilos para incorporar a nuevos futbolistase en sus filas. En clave b\u00e9tica, tanto <strong>Manu Fajardo<\/strong> como <strong>Joaqu\u00edn S\u00e1nchez<\/strong>, estuvieron presentes en el partido de Champions League de este jueves entre el <strong>Atl\u00e9tico de Madrid<\/strong> y el <strong>Inter de Mil\u00e1n<\/strong>.<\/p>\n<p>19:49<\/p>\n<p>El once del Betis <\/p>\n<p class=\"voc-p\">Estos son los hombres elegidos por Manuel Pellegrini para afrontar el choque ante el Utrecht: Valles; Ortiz, Llorente, Natan, Ricardo; Altimira, Amrabat; Antony, Isco, Abde; y Cucho Hern\u00e1ndez.<\/p>\n<p>19:40<\/p>\n<p class=\"voc-p\"><a href=\"https:\/\/www.abc.es\/deportes\/alfinaldelapalmera\/noticias-betis\/betis-youth-league-oporto-20251126172928-nts.html\" data-voc-vtm-id=\"in-text-traffic\" target=\"_blank\" rel=\"nofollow noopener\"><br \/>\nEl Betis sentencia ante el Oporto en la Youth League (0-4)<\/a><\/p>\n<p class=\"voc-p\">El <strong>Betis<\/strong> de Divisi\u00f3n de Honor juvenil dej\u00f3 pr\u00e1cticamente sentenciada en Oporto la eliminatoria de la tercera ronda de la ruta de los campeones nacionales de la <strong>Youth League<\/strong> al vencer por 0-4 al conjunto portugu\u00e9s. Los de <strong>Dani Fragoso<\/strong> fueron un cicl\u00f3n en una primera parte para enmarcar en la que anotaron los tres tantos, obra de <strong>Rodrigo Marina, Rafa Oya y Antonio Gonz\u00e1lez, \u00e9ste en dos ocasiones<\/strong>. El triunfo verdiblanco le pone con un pie en la siguiente fase de treintaidosavos de final, donde se medir\u00edan a los clasificados entre el s\u00e9ptimo y decimosexto de la fase de liga, a la espera de jugar la vuelta en la ciudad deportiva Luis del Sol. Se trata de un paso hist\u00f3rico para el Betis que la temporada pasada cay\u00f3 en esta altura de la m\u00e1xima competici\u00f3n juvenil europea ante el Bayern de M\u00fanich.<\/p>\n<p>19:35<\/p>\n<p class=\"voc-p\"><a href=\"https:\/\/www.abc.es\/deportes\/alfinaldelapalmera\/noticias-betis\/zohran-mamdani-alcalde-nueva-york-fan-hector-20251126084706-nts.html\" data-voc-vtm-id=\"in-text-traffic\" target=\"_blank\" rel=\"nofollow noopener\"><br \/>\nZohran Mamdani, alcalde de Nueva York, fan de H\u00e9ctor Beller\u00edn: \u00abAmo a este hombre\u00bb<\/a><\/p>\n<p class=\"voc-p\">El nuevo alcalde de Nueva York, el socialista <strong>Zohran Mamdani<\/strong> es un reconocido aficionado al f\u00fatbol. Hincha del Arsenal, es un declarado aficionado del futbolista del <strong>Betis H\u00e9ctor Beller\u00edn<\/strong>, con pasado en el club londinense, el motivo por el que \u00e9ste le envi\u00f3\u00a0un mensaje durante el programa televisivo The Adam Friedland Show, que tambi\u00e9n es presentado por un reconocido humorista norteamericano y aficionado del Arsenal.<\/p>\n<p>19:30<\/p>\n<p class=\"voc-p\"><a href=\"https:\/\/www.abc.es\/deportes\/alfinaldelapalmera\/noticias-betis\/optimismo-tras-ultima-reunion-betis-pellegrini-cara-20251125163231-nts.html\" data-voc-vtm-id=\"in-text-traffic\" target=\"_blank\" rel=\"nofollow noopener\"><br \/>\nOptimismo tras la \u00faltima reuni\u00f3n del Betis con Pellegrini de cara a la renovaci\u00f3n hasta 2027<\/a><\/p>\n<p class=\"voc-p\">En el <strong>Real Betis<\/strong> y en el entorno de <strong>Manuel Pellegrini<\/strong>\u00a0ha crecido el optimismo de cara a poder firmar en breve el acuerdo para la renovaci\u00f3n del contrato del entrenador chileno hasta 2027. Hace unos d\u00edas se produjo la tercera reuni\u00f3n formal\u00a0entre las partes y en la misma se avanz\u00f3 de forma decisiva para un acuerdo para ampliar una campa\u00f1a m\u00e1s la vinculaci\u00f3n del preparador que ha hecho historia en club desde que lleg\u00f3 en el verano de 2020. Es la primera ocasi\u00f3n en la que los actores que participan en este di\u00e1logo reconocen que la situaci\u00f3n puede cerrarse de manera positiva despu\u00e9s de varias semanas de tira y afloja.<\/p>\n<p>19:20<\/p>\n<p class=\"voc-p\"><a href=\"https:\/\/www.abc.es\/deportes\/alfinaldelapalmera\/noticias-betis\/apelacion-antony-derbi-sevilla-betis-20251127120554-nts.html\" data-voc-vtm-id=\"in-text-traffic\" target=\"_blank\" rel=\"nofollow noopener\"><br \/>\nApelaci\u00f3n desestima el recurso del Betis y ratifica la sanci\u00f3n de Antony para el derbi; el club recurre al TAD para pedir la cautelar<\/a><\/p>\n<p class=\"voc-p\">El <strong>Comit\u00e9 de Apelaci\u00f3n ha desestimado<\/strong> el recurso presentado por el <strong>Real Betis<\/strong> por la tarjeta roja directa que vio el extremo brasile\u00f1o <strong>Antony<\/strong> dos Santos en el partido del pasado domingo en La Cartuja ante el Girona (1-1), de la decimotercera jornada de LaLiga, por lo que el ex del Manchester United <strong>no podr\u00e1 jugar el derbi Sevilla &#8211; Betis<\/strong> de este domingo en el S\u00e1nchez-Pizju\u00e1n, fijado para las 16.15. El Betis ha presentado ya recurso al Tribunal Administrativo del Deporte (TAD) solicitando la suspensi\u00f3n cautelar para que s\u00ed pueda jugar.<\/p>\n<p>19:10<\/p>\n<p class=\"voc-p\"><a href=\"https:\/\/www.abc.es\/deportes\/alfinaldelapalmera\/noticias-betis\/celso-descartado-jueves-ante-utrecht-duda-derbi-20251125145329-nts.html\" data-voc-vtm-id=\"in-text-traffic\" target=\"_blank\" rel=\"nofollow noopener\"><br \/>\nLo Celso, descartado para el jueves ante el Utrecht y duda para el derbi Sevilla &#8211; Betis<\/a><\/p>\n<p class=\"voc-p\">Giovani <strong>Lo Celso<\/strong>, jugador del <strong>Real Betis<\/strong>, est\u00e1 descartado para disputar este jueves el encuentro de la quinta jornada de la Europa League ante el Utrecht y es seria duda para el derbi del domingo en el Ram\u00f3n S\u00e1nchez-Pizju\u00e1n. El argentino pidi\u00f3\u00a0el cambio en el descanso del partido ante el Girona del pasado domingo y este martes se le ha inspeccionado por parte de los servicios m\u00e9dicos.<\/p>\n<p>19:05<\/p>\n<p class=\"voc-p\"><a href=\"https:\/\/www.abc.es\/deportes\/alfinaldelapalmera\/noticias-betis\/betis-confirma-lesion-soleo-bellerin-20251125135211-nts.html\" data-voc-vtm-id=\"in-text-traffic\" target=\"_blank\" rel=\"nofollow noopener\"><br \/>\nBeller\u00edn estar\u00e1 entre dos y tres semanas de baja por una lesi\u00f3n en el s\u00f3leo<\/a><\/p>\n<p class=\"voc-p\">A dos d\u00edas del duelo europeo donde el <strong>Real Betis<\/strong> recibir\u00e1 al Utrecht, el conjunto heliopolitano ha confirmado la <strong>lesi\u00f3n en el s\u00f3leo de H\u00e9ctor Beller\u00edn<\/strong>, que estar\u00e1 entre dos y tres semanas<strong\/>de baja. El defensa verdiblanco, que estaba siendo uno\u00a0de los jugadores con m\u00e1s minutos de la plantilla verdiblanca en lo que llevamos de temporada, sufri\u00f3 unas molestias durante el encuentro del pasado domingo ante el Girona FC que le impidieron saltar al terreno de juego en la segunda mitad.<\/p>\n<p>19:00<\/p>\n<p>\u00a1\u00a1\u00a1Apenas dos horas para el inicio del choque de la 5\u00aa jornada de la UEFA Europa League entre el Real Betis y el FC Utrecht!!! <\/p>\n<p>18:55<\/p>\n<p class=\"voc-p\"><a href=\"https:\/\/www.abc.es\/deportes\/alfinaldelapalmera\/noticias-betis\/betis-valora-entrenamiento-puertas-abiertas-cartuja-previo-20251125174326-nts.html\" data-voc-vtm-id=\"in-text-traffic\" target=\"_blank\" rel=\"nofollow noopener\"><br \/>\nEl Betis valora un entrenamiento a puertas abiertas en la Cartuja previo al derbi<\/a><\/p>\n<p class=\"voc-p\">El <strong>Real Betis<\/strong> tiene encima de la mesa la posibilidad de realizar un entrenamiento a puertas abiertas en el <strong>estadio de la Cartuja<\/strong>\u00a0este s\u00e1bado como previa al derbi que se jugar\u00e1 el domingo a las 16.15 en el estadio Ram\u00f3n S\u00e1nchez-Pizju\u00e1n. El club verdiblanco est\u00e1 valorando esta posibilidad pero la decisi\u00f3n final ser\u00e1 tomada tras el encuentro ante el Utrecht de este jueves correspondiente a la quinta jornada de la Europa League en el mismo escenario.<\/p>\n<p>18:45<\/p>\n<p class=\"voc-p\"><a href=\"https:\/\/www.abc.es\/deportes\/alfinaldelapalmera\/noticias-betis\/isco-quiere-retirarse-betis-20251125131359-nts.html\" data-voc-vtm-id=\"in-text-traffic\" target=\"_blank\" rel=\"nofollow noopener\"><br \/>\nIsco quiere retirarse en el Betis<\/a><\/p>\n<p class=\"voc-p\">El capit\u00e1n verdiblanco firm\u00f3 su renovaci\u00f3n hasta 2028 con la idea de colgar las botas en Heli\u00f3polis incluso m\u00e1s all\u00e1 de esa fecha<\/p>\n<p>18:40<\/p>\n<p class=\"voc-p\"><a href=\"https:\/\/www.abc.es\/deportes\/alfinaldelapalmera\/noticias-betis\/pau-lopez-trabaja-sobre-cesped-recuperacion-20251124191729-nts.html\" data-voc-vtm-id=\"in-text-traffic\" target=\"_blank\" rel=\"nofollow noopener\"><br \/>\nPau L\u00f3pez ya trabaja sobre el c\u00e9sped en su recuperaci\u00f3n<\/a><\/p>\n<p class=\"voc-p\">El <strong>Real Betis<\/strong> ha vuelto este lunes al trabajo tras el empate cosechado en el segundo duelo de la jornada dominical ante                                             <a href=\"https:\/\/www.abc.es\/deportes\/alfinaldelapalmera\/noticias-betis\/betis-girona-notas-futbolistas-20251123130605-nts.html\" data-voc-vtm-id=\"in-text-traffic\" target=\"_blank\" rel=\"nofollow noopener\"><strong>el Girona<\/strong><\/a> en el estadio de <strong>La Cartuja<\/strong> (1-1). La nota positiva del entrenamiento ha sido la vuelta de <strong>Pau L\u00f3pez<\/strong>. El guardameta gerundense <strong>ya trabaja sobre el c\u00e9sped de la ciudad deportiva Luis del Sol<\/strong>, aunque de momento lo hace <strong>en solitario<\/strong>.<\/p>\n<p>18:35<\/p>\n<p class=\"voc-p\"><a href=\"https:\/\/www.abc.es\/deportes\/alfinaldelapalmera\/noticias-betis\/petit-responde-paciencia-galvan-gol-mirandes-perdio-20251124115517-nts.html\" data-voc-vtm-id=\"in-text-traffic\" target=\"_blank\" rel=\"nofollow noopener\"><br \/>\nPetit responde a la paciencia de Galv\u00e1n con su quinto gol<\/a><\/p>\n<p class=\"voc-p\">Volvi\u00f3 a ver porter\u00eda <strong>Gonzalo Petit<\/strong> con la camiseta del CD Mirand\u00e9s en su cesi\u00f3n por parte del <strong>Real Betis<\/strong>\u00a0al equipo de LaLiga Hypermotion. En esta ocasi\u00f3n, el delantero uruguayo marc\u00f3 ante el M\u00e1laga, en el encuentro correspondiente a la 15\u00aa jornada\u00a0del campeonato liguero de Segunda divisi\u00f3n, el tanto que en ese momento pon\u00eda el empate a dos en el marcador de La Rosaleda y sum\u00f3 su cuarto gol en la competici\u00f3n liguera en los 14 partidos que el exatacante del Nacional de Montevideo lleva con la camiseta del cuadro burgal\u00e9s.<\/p>\n<p>18:30<\/p>\n<p class=\"voc-p\"><a href=\"https:\/\/www.abc.es\/deportes\/alfinaldelapalmera\/noticias-betis\/nueva-espinillera-isco-evito-susto-regreso-betis-20251124135616-nts.html\" data-voc-vtm-id=\"in-text-traffic\" target=\"_blank\" rel=\"nofollow noopener\"><br \/>\nLa nueva espinillera de Isco que evit\u00f3 un susto en su regreso con el Betis<\/a><\/p>\n<p class=\"voc-p\">En el documental \u00abEn Silencio\u00bb, rodado por Sara S\u00e1lamo, sobre la recuperaci\u00f3n de <strong>Isco<\/strong> de la lesi\u00f3n que se produjo en 2024 y que le hizo perderse la Eurocopa, el final de la temporada 2023-24 y el inicio de la 2024-25, hay un pasaje en el que el doctor<strong> Jos\u00e9 Manuel \u00c1lvarez<\/strong>, jefe de los servicios m\u00e9dicos del <strong>Betis<\/strong>, dialoga con Isco sobre la nueva espinillera que tiene que probarse para proteger la zona afectada.<\/p>\n<p>18:25<\/p>\n<p class=\"voc-p\"><a href=\"https:\/\/www.abc.es\/deportes\/alfinaldelapalmera\/noticias-betis\/ivan-corralejo-renueva-betis-2028-20251126230812-nts.html\" data-voc-vtm-id=\"in-text-traffic\" target=\"_blank\" rel=\"nofollow noopener\"><br \/>\nIv\u00e1n Corralejo renueva con el Betis hasta 2028<\/a><\/p>\n<p class=\"voc-p\">El <strong>Real Betis<\/strong> sigue construyendo su futuro. Tras anunciar la                                             <a href=\"https:\/\/www.abc.es\/deportes\/alfinaldelapalmera\/noticias-betis\/isco-20251123154632-nts.html\" data-voc-vtm-id=\"in-text-traffic\" target=\"_blank\" rel=\"nofollow noopener\"><strong>renovaci\u00f3n de Isco<\/strong><\/a> en los proleg\u00f3menos del encuentro ante el Girona, el conjunto verdiblanco anunci\u00f3 en la tarde de este lunes la ampliaci\u00f3n de contrato de <strong>Iv\u00e1n Corralejo<\/strong>, uno de los canteranos\u00a0m\u00e1s prometedores de la entidad b\u00e9tica. Con esta renovaci\u00f3n, el jugador de 18 a\u00f1os prolonga su etapa en el cuadro heliopolitano, al que lleg\u00f3 en benjamines.<\/p>\n<p>18:20<\/p>\n<p class=\"voc-p\"><a href=\"https:\/\/www.abc.es\/deportes\/alfinaldelapalmera\/noticias-betis\/amrabat-descarta-seguir-betis-contento-20251126141053-nts.html\" data-voc-vtm-id=\"in-text-traffic\" target=\"_blank\" rel=\"nofollow noopener\"><br \/>\nAmrabat no descarta seguir en el Betis: \u00abEstoy contento aqu\u00ed, \u00bfpor qu\u00e9 no?\u00bb<\/a><\/p>\n<p class=\"voc-p\">El <strong>Real Betis<\/strong> ha completado en la ma\u00f1ana de este mi\u00e9rcoles el \u00faltimo entrenamiento previo al encuentro ante el <strong>Utrecht<\/strong>, correspondiente a la quinta jornada de la <strong>Europa League<\/strong>. Como es habitual en cada compromiso europeo, <strong>Manuel Pellegrini<\/strong> comparece ante los medios de comunicaci\u00f3n junto a un jugador. En esta ocasi\u00f3n, ha estado acompa\u00f1ado de <strong>Sofyan Amrabat<\/strong>. El jugador marroqu\u00ed, cedido por el Fenerbah\u00e7e y canterano del rival neerland\u00e9s de este jueves, se ha convertido en un pilar indiscutible en los planes de Manuel Pellegrini desde que lleg\u00f3 a la disciplina verdiblanca.<\/p>\n<p>18:05<\/p>\n<p class=\"voc-p\"><a href=\"https:\/\/www.abc.es\/deportes\/alfinaldelapalmera\/noticias-betis\/betis-utrecht-amrabat-reencuentra-origenes-20251126182525-nts.html\" data-voc-vtm-id=\"in-text-traffic\" target=\"_blank\" rel=\"nofollow noopener\"><br \/>\nBetis &#8211; Utrecht: Amrabat se reencuentra con sus or\u00edgenes<\/a><\/p>\n<p class=\"voc-p\">El centrocampista b\u00e9tico se enfrenta al equipo en el que estuvo diez temporadas entre los escalafones inferiores y el primer equipo hasta debutar en la \u00e9lite; siempre ha declarado un cari\u00f1o especial por el rival de los verdiblancos en la Europa League<\/p>\n<p>18:00<\/p>\n<p>\u00a1\u00a1\u00a1Restan tres horas para que ruede el bal\u00f3n entre el Real Betis y el FC Utrecht!!! <\/p>\n<p>17:45<\/p>\n<p class=\"voc-p\"><a href=\"https:\/\/www.abc.es\/deportes\/alfinaldelapalmera\/noticias-betis\/pellegrini-renovacion-betis-veremos-momento-adecuado-llegue-20251126130731-nts.html\" data-voc-vtm-id=\"in-text-traffic\" target=\"_blank\" rel=\"nofollow noopener\"><br \/>\nPellegrini y su renovaci\u00f3n con el Betis: \u00abYa veremos el momento adecuado cuando se llegue a una soluci\u00f3n\u00bb<\/a><\/p>\n<p class=\"voc-p\">Manuel <strong>Pellegrini<\/strong>, entrenador del <strong>Real Betis<\/strong>, atend\u00eda a los medios de comunicaci\u00f3n en la previa del encuentro ante el Utrecht correspondiente a la quinta jornada de la Europa League que se disputar\u00e1 en el estadio de la Cartuja este jueves a las 21.00.<\/p>\n<p class=\"voc-p\">Acerca de su renovaci\u00f3n y el <strong>optimismo<\/strong> que hay en el club y en el entorno del t\u00e9cnico chileno para que se pueda cerrar hasta 2027, Pellegrini no quiso dar detalles. \u00abSobre el tema personal en estos momentos no he hablado con nadie. De mi lado estamos concentrados s\u00f3lo en el partido de ma\u00f1ana. Ya veremos el momento adecuado cuando se llegue a una soluci\u00f3n. De momento estamos centrados en el partido que se juega en casa\u00bb, afirmaba el preparador verdiblanco.<\/p>\n<p>17:15<\/p>\n<p class=\"voc-p\"><a href=\"https:\/\/www.abc.es\/deportes\/alfinaldelapalmera\/noticias-betis\/pellegrini-sobre-isco-ortiz-utrecht-amrabat-ojala-20251126132946-nts.html\" data-voc-vtm-id=\"in-text-traffic\" target=\"_blank\" rel=\"nofollow noopener\"><br \/>\nPellegrini, sobre Isco, Ortiz, el Utrecht y Amrabat: \u00abOjal\u00e1 lo mantengamos no s\u00f3lo esta temporada\u00bb<\/a><\/p>\n<p class=\"voc-p\">Manuel <strong>Pellegrini<\/strong>, entrenador del <strong>Real Betis<\/strong>, valoraba diferentes asuntos de la actualidad verdiblanca en su comparecencia previa al duelo europeo contra el Utrecht. Sobre Isco se\u00f1alaba que \u00ablo he visto muy bien, se entrena con normalidad. Jug\u00f3 30 minutos, se entrena sin molestias,\u00a0est\u00e1 en la lista. Y para el domingo s\u00f3lo pensamos en el partido de ma\u00f1ana para poner los cimientos del mejor once m\u00e1s los cambios. Cuando terminemos este partido nos centraremos en el derbi, que sabemos la importancia para todos. Son puntos indispensables para Europa pero ya veremos despu\u00e9s de este partido cu\u00e1l es la mejor manera\u00bb.<\/p>\n<p>17:00<\/p>\n<p>\u00a1\u00a1\u00a1Quedan cuatro horas para el comienzo del partido en el estadio de la Cartuja entre el Betis y el Utrecht!!! <\/p>\n<p>16:30<\/p>\n<p>La PREVIA del Real Betis &#8211; FC Utrecht<\/p>\n<p class=\"voc-p\"><a href=\"https:\/\/www.abc.es\/deportes\/alfinaldelapalmera\/noticias-betis\/betis-utrecht-peligro-mirar-alla-20251127135437-nts.html\" data-voc-vtm-id=\"in-text-traffic\" target=\"_blank\" rel=\"nofollow noopener\"><br \/>\nEl peligro est\u00e1 en mirar m\u00e1s all\u00e1<\/a><\/p>\n<p class=\"voc-p\">Los verdiblancos buscan sellar en casa virtualmente el pase a la siguiente ronda en la Europa League tres d\u00edas antes del derbi y con muchas rotaciones en el once<\/p>\n<p>16:15<\/p>\n<p class=\"voc-p\"><a href=\"https:\/\/www.abc.es\/deportes\/alfinaldelapalmera\/noticias-betis\/ver-betis-utrecht-canal-streaming-online-partido-20251125180412-nts.html\" data-voc-vtm-id=\"in-text-traffic\" target=\"_blank\" rel=\"nofollow noopener\"><br \/>\nD\u00f3nde ver Betis &#8211; Utrecht: canal de TV y streaming online del partido de UEFA Europa League 2025-2026<\/a><\/p>\n<p>Betis &#8211; Utrecht: en qu\u00e9 canal lo televisan y plataformas de streaming<\/p>\n<p class=\"voc-p\">El partido entre el conjunto b\u00e9tico y el neerland\u00e9s correspondiente a la 5\u00aa jornada de la Europa League ser\u00e1 retransmitido por                                             <a href=\"https:\/\/www.movistarplus.es\/canal\/m-plus-liga-de-campeones?id=chapio\" data-voc-vtm-id=\"in-text-traffic\" target=\"_blank\" rel=\"nofollow noopener\"><strong>Movistar Liga de Campeones<\/strong><\/a> (diales 60 en Movistar y 115 en Orange) y LaLiga TV Bar (dial 300) en los establecimientos.<\/p>\n<p>A qu\u00e9 hora es el Betis &#8211; Utrecht: fecha, d\u00eda, horario, estadio y d\u00f3nde se juega<\/p>\n<p class=\"voc-p\">El Real Betis y FC Utrecht se enfrentan <strong>este jueves, 27 de noviembre, a las 21.00 horas<\/strong> en el estadio de la Cartuja.<\/p>\n<p>C\u00f3mo seguir el Betis &#8211; Utrecht<\/p>\n<p class=\"voc-p\">El duelo de la 5\u00aa jornada de la Europa League entre el conjunto de Manuel Pellegrini y el de Ron Jans se puede seguir por dos v\u00edas online. En primer lugar, desde esta misma web:                                             <a href=\"https:\/\/www.abc.es\/deportes\/alfinaldelapalmera\/\" data-voc-vtm-id=\"in-text-traffic\" target=\"_blank\" rel=\"nofollow noopener\"><strong>Alfinaldelapalmera.com<\/strong><\/a>, donde contaremos el partido en directo y minuto a minuto. Tambi\u00e9n a trav\u00e9s de ABC de Sevilla. En ambas webs, aparte del transcurrir del choque, se podr\u00e1n leer estad\u00edsticas, comentarios, cr\u00f3nicas, res\u00famenes, v\u00eddeos y todo lo relacionado con este partido de la <strong>Europa League 2025-2026.<\/strong><\/p>\n","protected":false},"excerpt":{"rendered":"Del empate con el Girona en casa, que no entraba en los planes, quiere resarcirse el Real Betis&hellip;\n","protected":false},"author":2,"featured_media":259215,"comment_status":"","ping_status":"","sticky":false,"template":"","format":"standard","meta":{"footnotes":""},"categories":[93],"tags":[291,168,2125,25,24,700,1458,315,1211,1045,23,167,6674,1885,64297,1852],"class_list":{"0":"post-259214","1":"post","2":"type-post","3":"status-publish","4":"format-standard","5":"has-post-thumbnail","7":"category-deportes","8":"tag-betis","9":"tag-deportes","10":"tag-directo","11":"tag-es","12":"tag-espana","13":"tag-europa","14":"tag-hora","15":"tag-hoy","16":"tag-league","17":"tag-partido","18":"tag-spain","19":"tag-sports","20":"tag-uefa","21":"tag-ultima","22":"tag-utrecht","23":"tag-vivo"},"share_on_mastodon":{"url":"https:\/\/pubeurope.com\/@es\/115623851641850222","error":""},"_links":{"self":[{"href":"https:\/\/www.europesays.com\/es\/wp-json\/wp\/v2\/posts\/259214","targetHints":{"allow":["GET"]}}],"collection":[{"href":"https:\/\/www.europesays.com\/es\/wp-json\/wp\/v2\/posts"}],"about":[{"href":"https:\/\/www.europesays.com\/es\/wp-json\/wp\/v2\/types\/post"}],"author":[{"embeddable":true,"href":"https:\/\/www.europesays.com\/es\/wp-json\/wp\/v2\/users\/2"}],"replies":[{"embeddable":true,"href":"https:\/\/www.europesays.com\/es\/wp-json\/wp\/v2\/comments?post=259214"}],"version-history":[{"count":0,"href":"https:\/\/www.europesays.com\/es\/wp-json\/wp\/v2\/posts\/259214\/revisions"}],"wp:featuredmedia":[{"embeddable":true,"href":"https:\/\/www.europesays.com\/es\/wp-json\/wp\/v2\/media\/259215"}],"wp:attachment":[{"href":"https:\/\/www.europesays.com\/es\/wp-json\/wp\/v2\/media?parent=259214"}],"wp:term":[{"taxonomy":"category","embeddable":true,"href":"https:\/\/www.europesays.com\/es\/wp-json\/wp\/v2\/categories?post=259214"},{"taxonomy":"post_tag","embeddable":true,"href":"https:\/\/www.europesays.com\/es\/wp-json\/wp\/v2\/tags?post=259214"}],"curies":[{"name":"wp","href":"https:\/\/api.w.org\/{rel}","templated":true}]}}