{"id":259222,"date":"2025-11-27T21:49:11","date_gmt":"2025-11-27T21:49:11","guid":{"rendered":"https:\/\/www.europesays.com\/es\/259222\/"},"modified":"2025-11-27T21:49:11","modified_gmt":"2025-11-27T21:49:11","slug":"la-oposicion-califica-de-autogolpe-el-levantamiento-militar-en-guinea-bissau-el-salto","status":"publish","type":"post","link":"https:\/\/www.europesays.com\/es\/259222\/","title":{"rendered":"La oposici\u00f3n califica de autogolpe el levantamiento militar en Guinea-Bissau &#8211; El Salto"},"content":{"rendered":"<p>Guinea-Bissau est\u00e1 viviendo su en\u00e9sima asonada militar, esta vez respondida de forma pac\u00edfica por la poblaci\u00f3n que <a href=\"https:\/\/www.instagram.com\/reel\/DRjraANiGxi\/?igsh=YmNmZWVqNmExdnRh\" rel=\"nofollow noopener\" target=\"_blank\">ha salido a la calle<\/a> en la capital, fuertemente militarizada, para exigir que se conozcan los resultados electorales del pasado domingo y sea liberado el principal l\u00edder opositor, Domingos Sim\u00f5es Pereira, del partido PAIGC, detenido ayer en la comisar\u00eda de Segunda Esquadra de la capital, donde est\u00e1 el Ministerio del Interior. Las protestas pac\u00edficas se han extendido tambi\u00e9n hacia la sede del Consejo Nacional Electoral (CNE), que ten\u00eda previsto dar los resultados de las elecciones este 27 de noviembre a las 10 de la ma\u00f1ana.<\/p>\n<p>Todo comenz\u00f3 el 26 de noviembre a mediod\u00eda, cuando se oyeron disparos en varios puntos de la capital, en el barrio QJ \u2014donde est\u00e1n las oficinas del Estado Mayor del Ej\u00e9rcito\u2014 y en la rotonda de Segunda Esquadra. Un grupo de militares consigui\u00f3 entrar en la sede del CNE, donde se custodiaban las actas de los resultados de las elecciones presidenciales y legislativas del pasado domingo 23 de noviembre, y dar por anulado el proceso electoral.<\/p>\n<p>Los resultados, seg\u00fan fuentes consultadas por este medio, daban como ganador\u00a0al candidato opositor Fernando Dias frente al actual presidente Umaro Sissoko Embalo. Horas despu\u00e9s,\u00a0a las 15:30h del 26 de noviembre, un comando militar inform\u00f3 por\u00a0<a href=\"https:\/\/www.facebook.com\/watch\/live\/?mibextid=VhDh1V&amp;ref=watch_permalink&amp;v=1891857928208800\" rel=\"nofollow noopener\" target=\"_blank\">televisi\u00f3n nacional<\/a>\u00a0que el presidente Sissoko\u00a0estaba bajo arresto. Los militares tambi\u00e9n anunciaron que asum\u00edan el control total de las instituciones, suspend\u00edan el proceso electoral, declaraban el toque de queda nocturno y el cierre de fronteras del pa\u00eds. Todo ello porque, seg\u00fan ellos, \u201cpol\u00edticos y un alto bar\u00f3n de la droga hab\u00edan intentado manipular los resultados del proceso electoral\u201d.<\/p>\n<p>\u00bfQui\u00e9n da \u00f3rdenes al ej\u00e9rcito?<\/p>\n<p> Quienes leyeron el comunicado de prensa \u2014de forma dubitativa y err\u00e1tica\u2014 fueron militares de alto rango del autoproclamado Comando Militar para a Restaura\u00e7\u00e3o da Seguran\u00e7a Nacional e a Ordem P\u00fablica (sic). Seg\u00fan palabras del general Dinis N\u2019Canha, los militares asumieron \u201cla plenitud de los poderes del Estado de la Rep\u00fablica de Guinea-Bissau\u201d. Estos militares son conocidos por ser parte del equipo habitual de seguridad que acompa\u00f1a al presidente Sissoko, quien, a pesar de estar supuestamente detenido, continuaba concediendo entrevistas y hablando con colegas de otros pa\u00edses. \u201cHe sido depuesto\u201d, declar\u00f3 a France 24TV.\u00a0En teor\u00eda, Sissoko sigue bajo arresto junto con el jefe de las Fuerzas Armadas, general Biague Na Ntan, su segundo general Mamadu Tour\u00e9 y el Ministro del Interior, Botche Cand\u00e9, aunque los partidos opositores dudan que se trate de un arresto real y lo acusan de estar detr\u00e1s del golpe de Estado.\u00a0<\/p>\n<p>A las 19h del 26 de noviembre, el Gobierno militar cort\u00f3 el acceso a redes sociales y orden\u00f3 el\u00a0<a href=\"https:\/\/www.facebook.com\/story.php?story_fbid=pfbid0XuNciGBKXZYryfABHZDe2njrg8zytoR1BY5Z1UzYo8YgAdwHdg5XU64KJg6mumd3l&amp;id=100064584076197&amp;sfnsn=wa&amp;mibextid=VhDh1V&amp;_rdr\" rel=\"nofollow noopener\" target=\"_blank\">cierre de radios y medios<\/a> de comunicaci\u00f3n. La censura ha sido denunciada como un intento de acallar la organizaci\u00f3n de cualquier tipo de protesta. En Guinea-Bissau, los directos de Facebook son una fuente de informaci\u00f3n y las radios comunitarias y nacionales emiten sus programas a trav\u00e9s de esas plataformas.<\/p>\n<p>Los jefes de misi\u00f3n de los observadores de la Uni\u00f3n Africana y la Comunidad Econ\u00f3mica de Estados de \u00c1frica Occidental (CEDEAO) presentes en las elecciones guineanas informaron, en un comunicado conjunto lanzado este mi\u00e9rcoles, que el anuncio del golpe de Estado se produjo \u201cen un momento en el que las misiones acababan de concluir reuniones con los dos principales candidatos presidenciales, quienes aseguraron su disposici\u00f3n a aceptar la voluntad del pueblo\u201d. <\/p>\n<p>Un periodista guineano declar\u00f3 al peri\u00f3dico portugu\u00e9s P\u00fablico que los primeros disparos se oyeron en los jardines del Palacio Presidencial unos 20 minutos despu\u00e9s de la salida de los jefes de la misi\u00f3n. Los observadores fueron recibidos por el presidente Sissoko en el palacio presidencial y tambi\u00e9n por el l\u00edder opositor, Fernando Dias, en la sede de su campa\u00f1a.<\/p>\n<p>Detenido l\u00edder opositor: reacci\u00f3n de la oposici\u00f3n y la sociedad civil\u00a0<\/p>\n<p>En la tarde del 26 de noviembre se conoci\u00f3 la noticia de la detenci\u00f3n del l\u00edder del hist\u00f3rico partido PAIGC y principal opositor al r\u00e9gimen, Domingos Sim\u00f5es Pereira. Este pol\u00edtico fue capturado y llevado a la c\u00e1rcel de Segunda Esquadra junto con uno de sus colaboradores, Ot\u00e1vio Lopes.\u00a0<\/p>\n<p>Por su lado, el independiente Fernando Dias, apoyado por los dos principales partidos del pa\u00eds \u2014PRS y PAIGC\u2014 logr\u00f3 escapar de un intento de detenci\u00f3n gracias al apoyo popular en la propia sede de su campa\u00f1a electoral cuando acababa de terminar la reuni\u00f3n con los observadores internacionales de la CEDEAO. El candidato afirma estar en un lugar seguro y llama a los militares a respetar la voluntad del pueblo y a publicar los resultados del proceso electoral. Adem\u00e1s, hizo un llamamiento a sus seguidores y al conjunto de la poblaci\u00f3n para manifestarse pac\u00edficamente este jueves 27 por todo el pa\u00eds, pidiendo la liberaci\u00f3n de los presos y la continuidad del proceso electoral.\u00a0<\/p>\n<p>La Liga para los Derechos Humanos y otras organizaciones de la sociedad civil guineense agrupadas en el llamado Frente Popular sacaron <a href=\"https:\/\/www.facebook.com\/story.php?story_fbid=122220418556265511&amp;id=61557965336060&amp;rdid=LZaIWkiy8C3gav6u\" rel=\"nofollow noopener\" target=\"_blank\">un comunicado acusando a Sissoko<\/a> de estar detr\u00e1s de todo este intento de paralizar el orden democr\u00e1tico en el pa\u00eds con el objetivo de mantenerse en el poder. Las noticias de esta ma\u00f1ana, se\u00f1alan, parecen confirmar esta idea, pues ya se <a href=\"https:\/\/www.facebook.com\/share\/p\/1DNUwnwJmY\/?mibextid=wwXIfr\" rel=\"nofollow noopener\" target=\"_blank\">ha nombrado un gobierno de transici\u00f3n<\/a> encabezado por el general Horta N\u2019ta que asumir\u00e1 su cargo de manera indefinida y se extiende el toque de queda nocturno en todo el pa\u00eds con \u201cla prioridad de mantener el orden p\u00fablico.\u201d<\/p>\n<p>Proceso electoral viciado y respuesta de la comunidad internacional<\/p>\n<p>Guinea-Bissau llevaba con el poder legislativo cerrado desde diciembre de 2023 por orden del presidente Sissoko, que no ten\u00eda la mayor\u00eda parlamentaria y ve\u00eda c\u00f3mo la oposici\u00f3n del PAIGC, de Domingos Sim\u00f5es Pereira, tumbaba sus medidas en la Asamblea Nacional Popular. Desde entonces el pa\u00eds vive en una situaci\u00f3n de dudosa legalidad democr\u00e1tica, sin que la comunidad internacional parezca importarle demasiado. El presidente\u00a0Sissoko visita habitualmente a Macron en Par\u00eds y a otros dirigentes europeos y mundiales (fue recibido por el propio Trump). Adem\u00e1s, los tribunales son controlados por el poder ejecutivo, el poder legislativo contin\u00faa cerrado y durante este tiempo ha habido numerosas denuncias de persecuciones a periodistas, pol\u00edticos y <a href=\"https:\/\/www.change.org\/p\/prote%C3%A7%C3%A3o-para-bubacar-tur%C3%A9\" rel=\"nofollow noopener\" target=\"_blank\">organizaciones de la sociedad civil<\/a> que no comulgan con lo que est\u00e1 pasando en el pa\u00eds.\u00a0<\/p>\n<p>Este control de los tribunales permiti\u00f3 al presidente Sissoko impedir por un defecto de forma que las dos principales coaliciones pudieran concurrir en las elecciones presidenciales: PAI-Terra Ranka (liderada por el PAIGC) y API-Cabas Garandi tuvieron que apoyar a Fernando Dias, l\u00edder del Partido de Renovaci\u00f3n Social (PRS), quien result\u00f3 vencedor de las elecciones seg\u00fan las actas consolidadas a las que tuvo acceso este medio y que el CNE se dispon\u00eda a presentar.<\/p>\n<p>Conviene subrayar este punto: la campa\u00f1a electoral transcurri\u00f3 pr\u00e1cticamente sin competencia real. El partido del presidente acapar\u00f3 el espacio p\u00fablico mientras que el material de campa\u00f1a de otras formaciones era casi inexistente. Adem\u00e1s, Sissoko impidi\u00f3 que las principales coaliciones se presentaran a las legislativas, en las que \u2014seg\u00fan los datos que el CNE estaba a punto de publicar\u2014 su partido obtendr\u00eda 97 de los 102 esca\u00f1os de la nueva Asamblea Nacional Popular. Una forma peculiar de asegurar unas elecciones en igualdad de condiciones. Igual de llamativo ha sido el silencio mantenido durante a\u00f1os por el Sistema de Naciones Unidas y por las embajadas europeas presentes en el pa\u00eds \u2014UE, Portugal, Francia y Espa\u00f1a\u2014, que todav\u00eda no han emitido ning\u00fan posicionamiento.<\/p>\n<p>  <img alt=\"Comunicado CEDEAO\" class=\"card-img-top figure-img\" \/><\/p>\n<p>\n        Comunicado de la CEDEAO en la ma\u00f1ana del 27 de noviembre<\/p>\n<p>Quien s\u00ed lo ha hecho es la CEDEAO, que esta ma\u00f1ana difundi\u00f3 un comunicado instando a reanudar el proceso electoral y a liberar a todas las personas detenidas. Adem\u00e1s de los dos l\u00edderes pol\u00edticos ya mencionados, contin\u00faan bajo custodia los opositores Pieer C\u00e1, Nhjossam, Januario Betunde, Marcos da Costa, Roberto Imbesba, Ernesto \u00c9l y Victor Oliveira, as\u00ed como los magistrados del Ministerio P\u00fablico Mario Ial\u00e1, Romelo Barai, Cipriano Nanquilin, Jose Bado y Quintino Inqueb\u00e9, sin que todav\u00eda se conozcan los cargos que se les imputan.<\/p>\n<p>A esta hora \u201412:30 hora local\u2014 se reportan nuevos disparos en las inmediaciones del CNE, donde la poblaci\u00f3n permanece concentrada de forma pac\u00edfica. Seguiremos informando.<\/p>\n<p>                    <script async src=\"\/\/www.instagram.com\/embed.js\"><\/script><\/p>\n","protected":false},"excerpt":{"rendered":"Guinea-Bissau est\u00e1 viviendo su en\u00e9sima asonada militar, esta vez respondida de forma pac\u00edfica por la poblaci\u00f3n que ha&hellip;\n","protected":false},"author":2,"featured_media":259223,"comment_status":"","ping_status":"","sticky":false,"template":"","format":"standard","meta":{"footnotes":""},"categories":[42],"tags":[517,17,18,13,14,11,61,62,63,64,19,20,9,10,15,16,12,21,22,65,66,67],"class_list":{"0":"post-259222","1":"post","2":"type-post","3":"status-publish","4":"format-standard","5":"has-post-thumbnail","7":"category-internacional","8":"tag-actualidad","9":"tag-breaking-news","10":"tag-breakingnews","11":"tag-featured-news","12":"tag-featurednews","13":"tag-headlines","14":"tag-internacional","15":"tag-international","16":"tag-international-news","17":"tag-internationalnews","18":"tag-latest-news","19":"tag-latestnews","20":"tag-news","21":"tag-noticias","22":"tag-noticias-destacadas","23":"tag-noticiasdestacadas","24":"tag-titulares","25":"tag-ultimas-noticias","26":"tag-ultimasnoticias","27":"tag-world","28":"tag-world-news","29":"tag-worldnews"},"share_on_mastodon":{"url":"https:\/\/pubeurope.com\/@es\/115623871747909155","error":""},"_links":{"self":[{"href":"https:\/\/www.europesays.com\/es\/wp-json\/wp\/v2\/posts\/259222","targetHints":{"allow":["GET"]}}],"collection":[{"href":"https:\/\/www.europesays.com\/es\/wp-json\/wp\/v2\/posts"}],"about":[{"href":"https:\/\/www.europesays.com\/es\/wp-json\/wp\/v2\/types\/post"}],"author":[{"embeddable":true,"href":"https:\/\/www.europesays.com\/es\/wp-json\/wp\/v2\/users\/2"}],"replies":[{"embeddable":true,"href":"https:\/\/www.europesays.com\/es\/wp-json\/wp\/v2\/comments?post=259222"}],"version-history":[{"count":0,"href":"https:\/\/www.europesays.com\/es\/wp-json\/wp\/v2\/posts\/259222\/revisions"}],"wp:featuredmedia":[{"embeddable":true,"href":"https:\/\/www.europesays.com\/es\/wp-json\/wp\/v2\/media\/259223"}],"wp:attachment":[{"href":"https:\/\/www.europesays.com\/es\/wp-json\/wp\/v2\/media?parent=259222"}],"wp:term":[{"taxonomy":"category","embeddable":true,"href":"https:\/\/www.europesays.com\/es\/wp-json\/wp\/v2\/categories?post=259222"},{"taxonomy":"post_tag","embeddable":true,"href":"https:\/\/www.europesays.com\/es\/wp-json\/wp\/v2\/tags?post=259222"}],"curies":[{"name":"wp","href":"https:\/\/api.w.org\/{rel}","templated":true}]}}