{"id":259224,"date":"2025-11-27T21:50:18","date_gmt":"2025-11-27T21:50:18","guid":{"rendered":"https:\/\/www.europesays.com\/es\/259224\/"},"modified":"2025-11-27T21:50:18","modified_gmt":"2025-11-27T21:50:18","slug":"cuantos-exministros-del-pp-y-psoe-han-entrado-en-prision-espana","status":"publish","type":"post","link":"https:\/\/www.europesays.com\/es\/259224\/","title":{"rendered":"\u00bfCu\u00e1ntos exministros del PP y PSOE han entrado en prisi\u00f3n? | Espa\u00f1a"},"content":{"rendered":"<p class=\"\">A las 19.28 del 11 de septiembre de 1998 <a href=\"https:\/\/elpais.com\/diario\/1998\/09\/11\/espana\/905464801_850215.html\" target=\"_self\" rel=\"nofollow noopener\" title=\"https:\/\/elpais.com\/diario\/1998\/09\/11\/espana\/905464801_850215.html\">entr\u00f3 en prisi\u00f3n el primer ministro de la democracia<\/a> en Espa\u00f1a. El socialista y titular de la cartera de Interior de entonces, Jos\u00e9 Barrionuevo, pisaba la c\u00e1rcel de Guadalajara para cumplir una pena de 10 a\u00f1os. <\/p>\n<p class=\"\">M\u00e1s de 7.000 personas, entre ellas toda la c\u00fapula del PSOE \u2212incluido el presidente Felipe Gonz\u00e1lez\u2212 le acompa\u00f1aron hasta la misma puerta. <\/p>\n<p class=\"\">Barrionuevo y su principal colaborador, Rafael Vera, empezaban a cumplir su condena por el secuestro de Segundo Marey, ciudadano hispano-franc\u00e9s reivindicado por los Grupos Antiterrorista de Liberaci\u00f3n (GAL) en 1983. <\/p>\n<p class=\"\">Tanto Barrionuevo como Vera fueron indultados dos meses despu\u00e9s de entrar en prisi\u00f3n por el Gobierno de Jos\u00e9 Mar\u00eda Aznar. La medida de gracia <a href=\"https:\/\/elpais.com\/diario\/1998\/12\/24\/portada\/914454001_850215.html\" target=\"_self\" rel=\"nofollow noopener\" title=\"https:\/\/elpais.com\/diario\/1998\/12\/24\/portada\/914454001_850215.html\">se produjo el 23 de diciembre de 1998<\/a>. El ministro portavoz de entonces, Josep Piqu\u00e9, justific\u00f3 la urgencia por lo excepcional del caso. Y record\u00f3 que el Gobierno del PP de Aznar se hab\u00eda comprometido a actuar en este caso con \u201caltura de miras\u201d.<\/p>\n<p><img decoding=\"auto\" class=\"_re lazyload a_m-h\" height=\"273\"  width=\"414\"  src=\"https:\/\/www.europesays.com\/es\/wp-content\/uploads\/2025\/11\/NJFENNJAZNF27LFIQRPPHFKQVI.jpg\" loading=\"lazy\"\/>Jos\u00e9 Barrionuevo saluda a sus simpatizantes, junto a Felipe Gonz\u00e1lez, mientras Rafael Vera se despide de otros simpatizantes a las puertas de la c\u00e1rcel de Guadalajara, en septiembre de 1998.ULY MART\u00cdN<\/p>\n<p class=\"\">27 a\u00f1os despu\u00e9s, J<a href=\"https:\/\/elpais.com\/espana\/2025-11-27\/el-juez-envia-a-abalos-y-a-koldo-garcia-prision-preventiva.html\" target=\"_self\" rel=\"nofollow noopener\" title=\"https:\/\/elpais.com\/espana\/2025-11-27\/el-juez-envia-a-abalos-y-a-koldo-garcia-prision-preventiva.html\">os\u00e9 Luis \u00c1balos dormir\u00e1 tambi\u00e9n en prisi\u00f3n<\/a>. El que fuera secretario de organizaci\u00f3n del PSOE (2017-2021) y exministro de Transportes (2018-2021), est\u00e1 siendo juzgado por el caso Koldo, una presunta trama de corrupci\u00f3n vinculada a la compra de mascarillas durante la pandemia, en 2020. <\/p>\n<p class=\"\">El caso Koldo debe su nombre al principal colaborador de \u00c1balos, Koldo Garc\u00eda, que tambi\u00e9n est\u00e1 siendo investigado en la causa. <\/p>\n<p class=\"\">La Fiscal\u00eda Anticorrupci\u00f3n atribuye al exministro cinco delitos graves: organizaci\u00f3n criminal, cohecho, tr\u00e1fico de influencias, malversaci\u00f3n de caudales p\u00fablicos y uso de informaci\u00f3n privilegiada.<\/p>\n<p class=\"\">Anticorrupci\u00f3n pide para \u00e9l hasta 24 a\u00f1os de prisi\u00f3n, mientras que las acusaciones populares elevan la petici\u00f3n a 30. El juez ha tomado la decisi\u00f3n de enviarle a prisi\u00f3n a petici\u00f3n de Anticorrupci\u00f3n y de las acusaciones populares (dirigidas por el PP) durante la vista celebrada este jueves en el alto tribunal para revisar las medidas cautelares que pesaban hasta ahora sobre el exministro (comparecencias quincenales ante el juez, retirada de pasaporte y prohibici\u00f3n de salir de Espa\u00f1a).<\/p>\n<p class=\"\">Adem\u00e1s de \u00c1balos y Barrionuevo, estos son los otros cuatro exministros condenados con penas de prisi\u00f3n en democracia, aunque no por el ejercicio en sus ministerios: <\/p>\n<p class=\"\"><b>Jaume Matas (PP), <\/b><b>caso Palma Arena<\/b><b> (2014)<\/b><\/p>\n<p><img decoding=\"auto\" class=\"_re lazyload a_m-h\" height=\"196\"  width=\"414\"  src=\"https:\/\/www.europesays.com\/es\/wp-content\/uploads\/2025\/11\/ZBJZVFNNQNIV3KCIMI5REMLVLA.jpg\" loading=\"lazy\"\/>Jaume Matas, condenado a 6 a\u00f1os de prisi\u00f3n.Reuters<\/p>\n<p class=\"\">La Audiencia de Palma conden\u00f3 a seis a\u00f1os de c\u00e1rcel a <a href=\"http:\/\/elpais.com\/tag\/jaume_matas\/a\/\" rel=\"nofollow noopener\" target=\"_blank\">Jaume Matas, <\/a>del PP, presidente de Baleares en dos etapas (1996-1999) y (2003-2007) y ministro de Medio Ambiente con <a href=\"http:\/\/elpais.com\/tag\/jose_maria_aznar\/a\/\" rel=\"nofollow noopener\" target=\"_blank\">Jos\u00e9 Mar\u00eda Aznar<\/a> (2000-2003).<\/p>\n<p class=\"\">Tres magistrados le consideraron culpable de malversaci\u00f3n, prevaricaci\u00f3n, falsedad documental y fraude a la Administraci\u00f3n. Cuatro delitos que sumaban una condena de cinco a\u00f1os y tres meses, a los que se a\u00f1adieron otros nueve meses m\u00e1s por tr\u00e1fico de influencias. <\/p>\n<p class=\"\">Matas ingres\u00f3 en prisi\u00f3n en 2014. Desde entonces, el exministro <a href=\"https:\/\/elpais.com\/espana\/2020-08-26\/prisiones-concede-el-tercer-grado-al-exministro-jaume-matas-condenado-por-el-caso-noos.html\" target=\"_self\" rel=\"nofollow noopener\" title=\"https:\/\/elpais.com\/espana\/2020-08-26\/prisiones-concede-el-tercer-grado-al-exministro-jaume-matas-condenado-por-el-caso-noos.html\">ha hecho frente a una decena de casos<\/a> judiciales, entre ellos el caso N\u00f3os, por el que tambi\u00e9n cumpli\u00f3 condena <a href=\"https:\/\/elpais.com\/politica\/2019\/09\/19\/actualidad\/1568876675_369334.html\" rel=\"nofollow noopener\" target=\"_blank\">en la prisi\u00f3n de \u00c1vila I\u00f1aki Urdangarin<\/a>. <\/p>\n<p class=\"\">Instituciones Penitenciarias concedi\u00f3 a Matas en agosto de 2020 el tercer grado tras haber cumplido en la c\u00e1rcel de Aranjuez (Madrid) m\u00e1s de la mitad de la condena. <\/p>\n<p class=\"\">Un mes despu\u00e9s fue visto como auxiliar de farmacia en la botica que regenta su hijo en el municipio madrile\u00f1o de Rivas, tal y como cont\u00f3 el suplemento <a href=\"https:\/\/www.elmundo.es\/cronica\/2020\/09\/19\/5f65bbb5fdddff521d8b45fd.html\" target=\"_self\" rel=\"nofollow noopener\" title=\"https:\/\/www.elmundo.es\/cronica\/2020\/09\/19\/5f65bbb5fdddff521d8b45fd.html\">Cr\u00f3nica<\/a> del diario El Mundo.<\/p>\n<p class=\"\"><b>Rodrigo Rato (PP), <\/b><b>caso tarjetas black<\/b><b> (2018)<\/b><\/p>\n<p><img decoding=\"auto\" class=\"_re lazyload a_m-h\" height=\"276\"  width=\"414\"  src=\"https:\/\/www.europesays.com\/es\/wp-content\/uploads\/2025\/11\/VTFRGCMF3BB4RLTDXO3CQCFJSU.JPG\" loading=\"lazy\"\/>Rodrigo Rato, durante su entrada en la c\u00e1rcel de Soto del Real.ULY MARTIN<\/p>\n<p class=\"\">Rodrigo Rato tambi\u00e9n entr\u00f3 en la c\u00e1rcel. El exministro de Econom\u00eda de Jos\u00e9 Mar\u00eda Aznar que simboliz\u00f3 el \u00e9xito de la Espa\u00f1a que emerg\u00eda a finales de los noventa para competir con las grandes potencias del mundo y que dirigi\u00f3 tambi\u00e9n el Fondo Monetario Internacional se convirti\u00f3, m\u00e1s tarde, en banquero para sacar a flote a una Caja Madrid en plena recesi\u00f3n. Y fue condenado por el caso de las tarjetas black.<\/p>\n<p class=\"\">El exministro del PP hizo un uso indebido de unas tarjetas de cr\u00e9ditos opacas al fisco. Rato, directivos y consejeros las utilizaban para gastos personales sin control. <\/p>\n<p class=\"\">Ahora, Rato se encuentra en libertad. A la espera de que se confirme su \u00faltima sentencia, que est\u00e1 relacionada <a href=\"https:\/\/elpais.com\/economia\/2024-12-20\/rodrigo-rato-condenado-a-4-anos-y-nueves-meses-de-prision-por-el-origen-de-su-fortuna.html\" target=\"_self\" rel=\"nofollow noopener\" title=\"https:\/\/elpais.com\/economia\/2024-12-20\/rodrigo-rato-condenado-a-4-anos-y-nueves-meses-de-prision-por-el-origen-de-su-fortuna.html\">con el origen de su fortuna<\/a> y por la que le piden cuatro a\u00f1os de prisi\u00f3n. <\/p>\n<p class=\"\"><b>Eduardo Zaplana (PP), <\/b><b>caso Erial<\/b><b> (2018)<\/b><\/p>\n<p><img decoding=\"auto\" class=\"_re lazyload a_m-h\" height=\"276\"  width=\"414\"  src=\"https:\/\/www.europesays.com\/es\/wp-content\/uploads\/2025\/11\/J3YKHNNH2T5MHRTWELV3XFA3SQ.jpg\" loading=\"lazy\"\/>VALENCIA, 07\/11\/2024.- El exministro y expresident de la Generalitat Eduardo Zaplana en los juzgados de Val\u00e8ncia para hacer frente a la petici\u00f3n de ingreso en prisi\u00f3n que ha formulado la Fiscal\u00eda tras la condena de 10 a\u00f1os y 5 meses por cohecho, blanqueo de capitales, falsedad y prevaricaci\u00f3n. EFE\/ Manuel Bruque&#13;<br \/>\nManuel Bruque (EFE)<\/p>\n<p class=\"\">Eduardo Zaplana, expresidente de la Generalitat Valenciana (1995-2002) y exministro de Trabajo y portavoz del Gobierno (2002-2004), fue condenado a 10 a\u00f1os y cinco meses de c\u00e1rcel por delitos de prevaricaci\u00f3n, cohecho, falsedad y blanqueo de capitales. <\/p>\n<p class=\"\">El dirigente del PP fue juzgado por el caso Erial, la trama de <a href=\"https:\/\/elpais.com\/espana\/comunidad-valenciana\/2024-05-08\/juicio-a-zaplana-el-interventor-del-concurso-de-las-itv-fue-separado-de-su-puesto-dos-horas-antes-de-adjudicar-el-amano.html\" rel=\"nofollow noopener\" target=\"_blank\">adjudicaci\u00f3n de las estaciones de servicio de las inspecciones t\u00e9cnicas de veh\u00edculos (ITV)<\/a> a cambio de sobornos entre 1997 y 2000, cuando Zaplana era presidente de la Generalitat Valenciana. Es uno de los mayores esc\u00e1ndalos de corrupci\u00f3n de la regi\u00f3n.<\/p>\n<p class=\"\">La condena a Zaplana <a href=\"https:\/\/elpais.com\/espana\/comunidad-valenciana\/2024-10-15\/eduardo-zaplana-condenado-a-10-anos-de-carcel-por-el-cobro-de-mordidas-tras-la-concesion-de-las-itv.html\" target=\"_self\" rel=\"nofollow noopener\" title=\"https:\/\/elpais.com\/espana\/comunidad-valenciana\/2024-10-15\/eduardo-zaplana-condenado-a-10-anos-de-carcel-por-el-cobro-de-mordidas-tras-la-concesion-de-las-itv.html\">extendi\u00f3 una sombra sobre una etapa<\/a>, la del zaplanismo, de grandes gastos, grandes eventos y privatizaciones, de las que, al menos en dos casos, el dirigente popular sac\u00f3 tajada. <\/p>\n<p class=\"\">Ahora se encuentra en libertad provisional porque la justicia consider\u00f3 que no exist\u00eda riesgo de fuga, a la espera <a href=\"https:\/\/elpais.com\/espana\/comunidad-valenciana\/2024-11-11\/el-tribunal-acuerda-que-eduardo-zaplana-no-entre-en-prision-hasta-que-su-condena-sea-firme.html\" target=\"_self\" rel=\"nofollow noopener\" title=\"https:\/\/elpais.com\/espana\/comunidad-valenciana\/2024-11-11\/el-tribunal-acuerda-que-eduardo-zaplana-no-entre-en-prision-hasta-que-su-condena-sea-firme.html\">de que se pronuncie el Tribunal Supremo<\/a>. <\/p>\n","protected":false},"excerpt":{"rendered":"A las 19.28 del 11 de septiembre de 1998 entr\u00f3 en prisi\u00f3n el primer ministro de la democracia&hellip;\n","protected":false},"author":2,"featured_media":259225,"comment_status":"","ping_status":"","sticky":false,"template":"","format":"standard","meta":{"footnotes":""},"categories":[8],"tags":[17,18,4334,49395,10316,25,24,13,14,42487,11,10215,64928,64929,5610,10318,5611,19,20,9,10,15,16,952,1670,956,1699,64927,651,23,12,4873,21,22],"class_list":{"0":"post-259224","1":"post","2":"type-post","3":"status-publish","4":"format-standard","5":"has-post-thumbnail","7":"category-espana","8":"tag-breaking-news","9":"tag-breakingnews","10":"tag-caso-koldo","11":"tag-casos-judiciales","12":"tag-eduardo-zaplana","13":"tag-es","14":"tag-espana","15":"tag-featured-news","16":"tag-featurednews","17":"tag-felipe-gonzalez-marquez","18":"tag-headlines","19":"tag-inaki-urdangarin","20":"tag-jaume-matas","21":"tag-jose-antonio-grinan","22":"tag-jose-luis-abalos","23":"tag-jose-maria-aznar","24":"tag-koldo-garcia","25":"tag-latest-news","26":"tag-latestnews","27":"tag-news","28":"tag-noticias","29":"tag-noticias-destacadas","30":"tag-noticiasdestacadas","31":"tag-politica","32":"tag-politicos","33":"tag-pp","34":"tag-psoe","35":"tag-rafael-vera","36":"tag-rodrigo-rato","37":"tag-spain","38":"tag-titulares","39":"tag-tribunal-constitucional","40":"tag-ultimas-noticias","41":"tag-ultimasnoticias"},"share_on_mastodon":{"url":"","error":"Validation failed: Text character limit of 500 exceeded"},"_links":{"self":[{"href":"https:\/\/www.europesays.com\/es\/wp-json\/wp\/v2\/posts\/259224","targetHints":{"allow":["GET"]}}],"collection":[{"href":"https:\/\/www.europesays.com\/es\/wp-json\/wp\/v2\/posts"}],"about":[{"href":"https:\/\/www.europesays.com\/es\/wp-json\/wp\/v2\/types\/post"}],"author":[{"embeddable":true,"href":"https:\/\/www.europesays.com\/es\/wp-json\/wp\/v2\/users\/2"}],"replies":[{"embeddable":true,"href":"https:\/\/www.europesays.com\/es\/wp-json\/wp\/v2\/comments?post=259224"}],"version-history":[{"count":0,"href":"https:\/\/www.europesays.com\/es\/wp-json\/wp\/v2\/posts\/259224\/revisions"}],"wp:featuredmedia":[{"embeddable":true,"href":"https:\/\/www.europesays.com\/es\/wp-json\/wp\/v2\/media\/259225"}],"wp:attachment":[{"href":"https:\/\/www.europesays.com\/es\/wp-json\/wp\/v2\/media?parent=259224"}],"wp:term":[{"taxonomy":"category","embeddable":true,"href":"https:\/\/www.europesays.com\/es\/wp-json\/wp\/v2\/categories?post=259224"},{"taxonomy":"post_tag","embeddable":true,"href":"https:\/\/www.europesays.com\/es\/wp-json\/wp\/v2\/tags?post=259224"}],"curies":[{"name":"wp","href":"https:\/\/api.w.org\/{rel}","templated":true}]}}