{"id":259226,"date":"2025-11-27T21:51:24","date_gmt":"2025-11-27T21:51:24","guid":{"rendered":"https:\/\/www.europesays.com\/es\/259226\/"},"modified":"2025-11-27T21:51:24","modified_gmt":"2025-11-27T21:51:24","slug":"abalos-primer-diputado-en-activo-que-ingresa-en-prision-en-la-historia-de-la-democracia-politica","status":"publish","type":"post","link":"https:\/\/www.europesays.com\/es\/259226\/","title":{"rendered":"\u00c1balos, primer diputado en activo que ingresa en prisi\u00f3n en la historia de la democracia | Pol\u00edtica"},"content":{"rendered":"<p class=\"loc\">Madrid<\/p>\n<p>El exministro de Transportes Jos\u00e9 Luis \u00c1balos, actualmente diputado del Grupo Mixto, se ha convertido en el primer miembro del Congreso en activo en ingresar en prisi\u00f3n y en el quinto exministro que lo hace, despu\u00e9s de que el<a href=\"https:\/\/cadenaser.com\/nacional\/2025\/11\/27\/abalos-y-koldo-afrontan-su-posible-ingreso-en-prision-con-varios-avisos-al-gobierno-cadena-ser\/\" target=\"_blank\" rel=\"nofollow noopener\" title=\"https:\/\/cadenaser.com\/nacional\/2025\/11\/27\/abalos-y-koldo-afrontan-su-posible-ingreso-en-prision-con-varios-avisos-al-gobierno-cadena-ser\/\"> Tribunal Supremo haya decretado este jueves prisi\u00f3n provisional sin fianza<\/a> por el caso Koldo. El juez ha adoptado la misma medida para su exasesor, Koldo Garc\u00eda, investigado en la misma causa por presuntas comisiones cobradas en los contratos de mascarillas durante la pandemia.<\/p>\n<p>M\u00e1s informaci\u00f3n<\/p>\n<p>\u00danicamente hay un caso similar en toda la historia<\/p>\n<p>El \u00fanico precedente similar fue el del exministro socialista Jos\u00e9 Barrionuevo, que por un d\u00eda no lleg\u00f3 a entrar en prisi\u00f3n siendo diputado. Barrionuevo, titular de Interior y tambi\u00e9n de Transportes con Felipe Gonz\u00e1lez, fue condenado en 1998 a diez a\u00f1os de c\u00e1rcel y doce de inhabilitaci\u00f3n por el secuestro del empresario vasco-franc\u00e9s Segundo Marey. Ingres\u00f3 en la c\u00e1rcel de Guadalajara el 10 de septiembre de 1998, junto a su secretario de Estado de Seguridad, Rafael Vera, tras causar baja en la C\u00e1mara un d\u00eda antes por la inhabilitaci\u00f3n incluida en la sentencia.<\/p>\n<p>Un parlamentario solo pierde su acta si existe una sentencia firme que as\u00ed lo contemple, pero queda suspendido de sus derechos y deberes \u2014sueldo, voto, etc.\u2014 cuando se encuentra en prisi\u00f3n preventiva, cuando hay condena firme o cuando el cumplimiento de la pena impide ejercer la funci\u00f3n parlamentaria.<\/p>\n<p>Diputados condenados<\/p>\n<p>Entre los diputados condenados por la justicia figuran los del proc\u00e9s, que acudieron al Congreso en mayo de 2019 para acreditarse antes de regresar a prisi\u00f3n preventiva: Oriol Junqueras (ERC), Jordi S\u00e0nchez, Josep Rull y Jordi Turull (JxCat), adem\u00e1s del senador electo Ra\u00fcl Romeva.Tambi\u00e9n el exsecretario de Organizaci\u00f3n del PSOE, Santos Cerd\u00e1n, dej\u00f3 su esca\u00f1o antes de ingresar en prisi\u00f3n provisional por el caso Koldo el pasado 30 de junio, aunque fue puesto en libertad la semana pasada.El diputado popular Alberto Casero, conocido por su error en el voto telem\u00e1tico que permiti\u00f3 aprobar la reforma laboral, fue condenado en 2022 a un a\u00f1o y nueve meses de c\u00e1rcel por prevaricaci\u00f3n y malversaci\u00f3n cuando era alcalde de Trujillo (C\u00e1ceres), aunque evit\u00f3 la prisi\u00f3n tras pactar con la Fiscal\u00eda.<\/p>\n<p>Exministros en prisi\u00f3n<\/p>\n<p>Adem\u00e1s de Barrionuevo, otros tres exministros que ejercieron en gobiernos de Jos\u00e9 Mar\u00eda Aznar ingresaron en prisi\u00f3n: Jaume Matas (Medio Ambiente), Rodrigo Rato (Econom\u00eda y vicepresidente del Gobierno) y Eduardo Zaplana (Trabajo).Otros exministros fueron condenados a penas de c\u00e1rcel, aunque no llegaron a ingresar: Ana Mato (Sanidad, con Mariano Rajoy), Virgilio Zapatero (Relaciones con las Cortes, con Felipe Gonz\u00e1lez) y Jos\u00e9 Antonio Gri\u00f1\u00e1n (Sanidad y Trabajo, tambi\u00e9n con Gonz\u00e1lez).<\/p>\n","protected":false},"excerpt":{"rendered":"Madrid El exministro de Transportes Jos\u00e9 Luis \u00c1balos, actualmente diputado del Grupo Mixto, se ha convertido en el&hellip;\n","protected":false},"author":2,"featured_media":259227,"comment_status":"","ping_status":"","sticky":false,"template":"","format":"standard","meta":{"footnotes":""},"categories":[5],"tags":[17,18,25,24,13,14,11,19,20,9,10,15,16,23,12,21,22],"class_list":{"0":"post-259226","1":"post","2":"type-post","3":"status-publish","4":"format-standard","5":"has-post-thumbnail","7":"category-titulares","8":"tag-breaking-news","9":"tag-breakingnews","10":"tag-es","11":"tag-espana","12":"tag-featured-news","13":"tag-featurednews","14":"tag-headlines","15":"tag-latest-news","16":"tag-latestnews","17":"tag-news","18":"tag-noticias","19":"tag-noticias-destacadas","20":"tag-noticiasdestacadas","21":"tag-spain","22":"tag-titulares","23":"tag-ultimas-noticias","24":"tag-ultimasnoticias"},"share_on_mastodon":{"url":"https:\/\/pubeurope.com\/@es\/115623879078123476","error":""},"_links":{"self":[{"href":"https:\/\/www.europesays.com\/es\/wp-json\/wp\/v2\/posts\/259226","targetHints":{"allow":["GET"]}}],"collection":[{"href":"https:\/\/www.europesays.com\/es\/wp-json\/wp\/v2\/posts"}],"about":[{"href":"https:\/\/www.europesays.com\/es\/wp-json\/wp\/v2\/types\/post"}],"author":[{"embeddable":true,"href":"https:\/\/www.europesays.com\/es\/wp-json\/wp\/v2\/users\/2"}],"replies":[{"embeddable":true,"href":"https:\/\/www.europesays.com\/es\/wp-json\/wp\/v2\/comments?post=259226"}],"version-history":[{"count":0,"href":"https:\/\/www.europesays.com\/es\/wp-json\/wp\/v2\/posts\/259226\/revisions"}],"wp:featuredmedia":[{"embeddable":true,"href":"https:\/\/www.europesays.com\/es\/wp-json\/wp\/v2\/media\/259227"}],"wp:attachment":[{"href":"https:\/\/www.europesays.com\/es\/wp-json\/wp\/v2\/media?parent=259226"}],"wp:term":[{"taxonomy":"category","embeddable":true,"href":"https:\/\/www.europesays.com\/es\/wp-json\/wp\/v2\/categories?post=259226"},{"taxonomy":"post_tag","embeddable":true,"href":"https:\/\/www.europesays.com\/es\/wp-json\/wp\/v2\/tags?post=259226"}],"curies":[{"name":"wp","href":"https:\/\/api.w.org\/{rel}","templated":true}]}}