{"id":259268,"date":"2025-11-27T22:25:14","date_gmt":"2025-11-27T22:25:14","guid":{"rendered":"https:\/\/www.europesays.com\/es\/259268\/"},"modified":"2025-11-27T22:25:14","modified_gmt":"2025-11-27T22:25:14","slug":"trescientos-deseos-para-el-macba-en-el-arranque-de-su-treinta-aniversario","status":"publish","type":"post","link":"https:\/\/www.europesays.com\/es\/259268\/","title":{"rendered":"Trescientos deseos para el Macba en el arranque de su treinta aniversario"},"content":{"rendered":"<p data-gtm-element-container=\"modulo-texto-link\" class=\"paragraph\">\u201c\u00bfMola o no mola?\u201d \u201c\u00bfSe queda o no se queda?\u201d. Finalizado el ceremonial que acaban de oficiar para festejar el 30 aniversario del Macba, Jorge Dutor y Guillem Mont de Palol le piden a la directora del museo barcelon\u00e9s, Elvira Dyangani Ose, que emita su veredicto. Que decida si lo que acaban de crear colectivamente se desvanecer\u00e1 en apenas unas horas o si lo indulta, al menos este fin de semana. La expectaci\u00f3n es m\u00e1xima, ella sostiene un intencionado silencio y finalmente estalla: \u201cMola, se queda\u201d. Ahora s\u00ed, la fiesta puede comenzar. Que salga el cava y el pastel. Las puertas se abren para todo el mundo que espera fuera del museo y los reci\u00e9n llegados se encuentran con el atrio engalanado de guirnaldas, globos con forma de an\u00e9monas, dragones, palomitas reci\u00e9n hechas, bombillas de colores y los m\u00fasicos de Doble Pletina tocando sobre una tarima, como si una verbena callejera se hubiera colado dentro. Sobrevolando el aire, 300 deseos, uno por cada uno de los participantes en el ceremonial, para acompa\u00f1ar los pasos del museo en esta nueva etapa de madurez.<\/p>\n<p data-gtm-element-container=\"modulo-texto-link\" class=\"paragraph\">A Dutor y Mont de Palol, pareja en la vida real (convirtieron su boda en una obra: Las cosas del amor ) e integrantes del t\u00e1ndem art\u00edstico Montdedutor, les lleg\u00f3 desde el Macba el encargo de dar el pistoletazo de salida de su A\u00f1o Treinta con una acci\u00f3n inspirada en aquellos rituales colectivos y ef\u00edmeros de Antoni Miralda, Doroth\u00e9e Selz, Joan Rabascall, Jaume Xifra y Benet Rossell, artistas que hoy forman parte de sus colecciones. \u201cNos interesaba mucho ese concepto de ceremonial, de crear un lugar de comunidad, de conexi\u00f3n, donde poder construir algo entre todas\u201d, se\u00f1alaba Jorge Dutor en las horas previas. Tambi\u00e9n la idea de \u201cponer el museo patas abajo\u201d. \u201cPensar en c\u00f3mo hacerlo y mantener la incertidumbre ha sido bastante emocionante\u201d, confesaba.<\/p>\n<p>                <img loading=\"lazy\" decoding=\"async\" data-full-src=\"https:\/\/www.lavanguardia.com\/uploads\/2025\/11\/27\/6928ae81e4ba7.jpeg\" alt=\"Horizontal\" width=\"449\" height=\"302\" src=\"https:\/\/www.europesays.com\/es\/wp-content\/uploads\/2025\/11\/6928ae81e4ba7.jpeg\" class=\"lazy\"\/><\/p>\n<p class=\"caption-title \">El ceremonial marc\u00f3 el inicio de la fiesta fiesta\u00a0<\/p>\n<p>                    Man\u00e9 Espinosa<\/p>\n<p>Jorge Dutor y Guillem Mont de Palol engalanan el museo y lo hacen vibrar con las voces del p\u00fablico<\/p>\n<p data-gtm-element-container=\"modulo-texto-link\" class=\"paragraph\">La cita para los primeros 300 invitados era a las siete de la tarde, momento en el que a medida que iban entrando en el atrio eran distribuidos, seg\u00fan el atuendo asignado, en uno de los siete equipos cada uno de los cuales se iba a encargar de construir una parte de la gigantesca instalaci\u00f3n. Los materiales, en su mayor\u00eda, formaban parte del d\u00eda a d\u00eda del museo. Unos han hecho palomitas, a las que los creadores otorgaron el poder de la conexi\u00f3n con la vida y el agradecimiento. Los dem\u00e1s han trabajado con cuerdas (la fuerza), confeccionado guirnaldas (la devoci\u00f3n), se han encargado de los dragones (la transformaci\u00f3n y la prosperidad) o de crear con globos la ilusi\u00f3n de unas amebas (la resiliencia y el refugio) que han aparecido por sorpresa. Durante el ritual, cada uno ha pedido\u00a0 un deseo para el museo y aprendido una melod\u00eda que ha acabado retumbando en el edificio Meier en forma de emocionante coro polif\u00f3nico. El museo ha vibrado.<\/p>\n<p>                <img loading=\"lazy\" decoding=\"async\" data-full-src=\"https:\/\/www.lavanguardia.com\/uploads\/2025\/11\/27\/69288c23e3105.jpeg\" alt=\"Exposici\u00f3n por los treinta a\u00f1os del MACBA \" com=\"\" una=\"\" dansa=\"\" d=\"\" col.lecci=\"\" macba=\"\" width=\"449\" height=\"298\" src=\"https:\/\/www.europesays.com\/es\/wp-content\/uploads\/2025\/11\/69288c23e3105.jpeg\" class=\"lazy\"\/><\/p>\n<p class=\"caption-title \">Autorretrato, de Jean-Michel Basquiat, junto a obras de Josep Ucl\u00e9s\u00a0<\/p>\n<p>                    Ana Jim\u00e9nez<\/p>\n<p data-gtm-element-container=\"modulo-texto-link\" class=\"paragraph\"> C\u00e9r\u00e9monials, lo ha prometido la directora, se quedar\u00e1 en el museo este fin de semana de puertas abiertas y en el futuro tal vez forme parte de una nueva presentaci\u00f3n de su colecci\u00f3n, como la que Claudia Segura ha dise\u00f1ado con motivo de este aniversario. No es ni retrospectiva ni mucho menos exhaustiva (llegar\u00e1 en 2027 al inaugurar la ampliaci\u00f3n del museo), sino que mira atr\u00e1s contemplando las obras como \u201cuna polifon\u00eda de voces, una multiplicidad de individualidades que a veces se juntan para formar una imagen y luego pueden formar otra\u201d, se\u00f1ala la comisaria.\u00a0<\/p>\n<p>                <img loading=\"lazy\" decoding=\"async\" data-full-src=\"https:\/\/www.lavanguardia.com\/uploads\/2025\/11\/27\/69288c80af54f.jpeg\" alt=\"Exposici\u00f3n por los treinta a\u00f1os del MACBA \" com=\"\" una=\"\" dansa=\"\" d=\"\" col.lecci=\"\" macba=\"\" width=\"449\" height=\"299\" src=\"https:\/\/www.europesays.com\/es\/wp-content\/uploads\/2025\/11\/69288c80af54f.jpeg\" class=\"lazy\"\/><\/p>\n<p class=\"caption-title \">&#8216;Flamenco Figure&#8217;, de\u00a0Tony Oursler\u00a0\u00a0<\/p>\n<p>                    Ana Jim\u00e9nez<\/p>\n<p data-gtm-element-container=\"modulo-texto-link\" class=\"paragraph\">De ah\u00ed el t\u00edtulo, Como una danza de estorninos, de una muestra audaz que pone en com\u00fan la vida nocturna del Raval (Oca\u00f1a, Josep Ucl\u00e9s y Antonio Beneyt) con la de Manhattan (Basquiat, Francesco Clemente y George Condo), marcadas por la crisis de la hero\u00edna y el sida; rescata a artistas a menudo ignoradas como Am\u00e8lia Riera, Alicia Fingerhut y Sara Gibert alrededor del maravilloso Labyrinthe de \u00c0ngels Rib\u00e9 y, a modo de declaraci\u00f3n de intenciones, le pide a la angustiada mu\u00f1eca de Tony Oursler (Flamenco Figure ) que nos reciba con sus preguntas: \u201c\u00bfDe qui\u00e9n soy? \u00bfDe d\u00f3nde soy? \u00bfDe d\u00f3nde vengo?\u201d.<\/p>\n<p>Tras el ritual, se inaugur\u00f3 la nueva presentaci\u00f3n de la colecci\u00f3n y tres jornadas de puertas abiertas<\/p>\n<p>                <img loading=\"lazy\" decoding=\"async\" data-full-src=\"https:\/\/www.lavanguardia.com\/uploads\/2025\/11\/27\/69288dc4e96a3.jpeg\" alt=\"Imagen de la videoinstalaci\u00f3n 'Voracidad m\u00e1xima', sobre los chaperos y sus clientes en Barcelona\" width=\"449\" height=\"299\" src=\"https:\/\/www.europesays.com\/es\/wp-content\/uploads\/2025\/11\/69288dc4e96a3.jpeg\" class=\"lazy\"\/><\/p>\n<p class=\"caption-title \">Imagen de la videoinstalaci\u00f3n &#8216;Voracidad m\u00e1xima&#8217;, de\u00a0Dias &amp; Riedweg,\u00a0 sobre los chaperos y sus clientes en Barcelona\u00a0<\/p>\n<p>                    Ana Jim\u00e9nez<\/p>\n<p data-gtm-element-container=\"modulo-texto-link\" class=\"paragraph\">Son m\u00e1s de 200 obras, algunas producidas por el propio museo, como Voracidad m\u00e1xima , la videoinstalaci\u00f3n interactiva de Dias &amp; Riedweg sobre los chaperos que ejercen la prostituci\u00f3n en las calles, saunas y bares de Barcelona (\u201cNunca me han gustado los hombres. Ninguno. Solo me gustan las mujeres. Pero soy m\u00fasico, un artista. Nac\u00ed en el lugar equivocado, en la familia equivocada. Y las \u00fanicas personas que quisieron ayudarme quer\u00edan algo a cambio. Algo no, sexo\u201d, confiesa uno de origen venezolano).\u00a0<\/p>\n<p>                <img loading=\"lazy\" decoding=\"async\" data-full-src=\"https:\/\/www.lavanguardia.com\/uploads\/2025\/11\/27\/69288d4481f9b.jpeg\" alt=\"Autorretratos de la serie 'Fotomat\u00f3n', de Onofre Bachiller\" width=\"449\" height=\"299\" src=\"https:\/\/www.europesays.com\/es\/wp-content\/uploads\/2025\/11\/69288d4481f9b.jpeg\" class=\"lazy\"\/><\/p>\n<p class=\"caption-title \">Autorretratos de la serie &#8216;Fotomat\u00f3n&#8217;, de Onofre Bachiller\u00a0<\/p>\n<p>                    Ana Jim\u00e9nez<\/p>\n<p data-gtm-element-container=\"modulo-texto-link\" class=\"paragraph\">Tambi\u00e9n hay viejas conocidas como O   tras formas de organizar el mundo, el M.I.T. Projec   t de Matt Mullican (el esqueleto humano real con el que siempre se hab\u00eda exhibido se ha sustituido por otro de pl\u00e1stico). Y benditos reci\u00e9n llegados como los retratos de la serie Fotomat\u00f3n de Onofre Bachiller, aves nocturnas que el fot\u00f3grafo reclut\u00f3 en un bar del Raval, un centro cultural del Born o un local gay del Eixample. Colocaba una c\u00e1mara sobre un tr\u00edpode y los propios protagonistas se disparaban. Segura, que ha contado con la colaboraci\u00f3n de N\u00faria Montcl\u00fas, los ha colocado sobre todo el muro blanco . \u201cSon retratos y a la vez son firmas, porque al final son ellos los que se han representado como han querido. Aqu\u00ed es como si dejaran su esencia en el lugar que habitan\u201d.<\/p>\n","protected":false},"excerpt":{"rendered":"\u201c\u00bfMola o no mola?\u201d \u201c\u00bfSe queda o no se queda?\u201d. Finalizado el ceremonial que acaban de oficiar para&hellip;\n","protected":false},"author":2,"featured_media":259269,"comment_status":"","ping_status":"","sticky":false,"template":"","format":"standard","meta":{"footnotes":""},"categories":[173],"tags":[229,233,231,230,232,234,146,147,25,24,23],"class_list":{"0":"post-259268","1":"post","2":"type-post","3":"status-publish","4":"format-standard","5":"has-post-thumbnail","7":"category-arte-y-diseno","8":"tag-arte","9":"tag-arte-y-diseno","10":"tag-arts","11":"tag-arts-and-design","12":"tag-design","13":"tag-diseno","14":"tag-entertainment","15":"tag-entretenimiento","16":"tag-es","17":"tag-espana","18":"tag-spain"},"share_on_mastodon":{"url":"https:\/\/pubeurope.com\/@es\/115624012988032449","error":""},"_links":{"self":[{"href":"https:\/\/www.europesays.com\/es\/wp-json\/wp\/v2\/posts\/259268","targetHints":{"allow":["GET"]}}],"collection":[{"href":"https:\/\/www.europesays.com\/es\/wp-json\/wp\/v2\/posts"}],"about":[{"href":"https:\/\/www.europesays.com\/es\/wp-json\/wp\/v2\/types\/post"}],"author":[{"embeddable":true,"href":"https:\/\/www.europesays.com\/es\/wp-json\/wp\/v2\/users\/2"}],"replies":[{"embeddable":true,"href":"https:\/\/www.europesays.com\/es\/wp-json\/wp\/v2\/comments?post=259268"}],"version-history":[{"count":0,"href":"https:\/\/www.europesays.com\/es\/wp-json\/wp\/v2\/posts\/259268\/revisions"}],"wp:featuredmedia":[{"embeddable":true,"href":"https:\/\/www.europesays.com\/es\/wp-json\/wp\/v2\/media\/259269"}],"wp:attachment":[{"href":"https:\/\/www.europesays.com\/es\/wp-json\/wp\/v2\/media?parent=259268"}],"wp:term":[{"taxonomy":"category","embeddable":true,"href":"https:\/\/www.europesays.com\/es\/wp-json\/wp\/v2\/categories?post=259268"},{"taxonomy":"post_tag","embeddable":true,"href":"https:\/\/www.europesays.com\/es\/wp-json\/wp\/v2\/tags?post=259268"}],"curies":[{"name":"wp","href":"https:\/\/api.w.org\/{rel}","templated":true}]}}