{"id":259279,"date":"2025-11-27T22:33:16","date_gmt":"2025-11-27T22:33:16","guid":{"rendered":"https:\/\/www.europesays.com\/es\/259279\/"},"modified":"2025-11-27T22:33:16","modified_gmt":"2025-11-27T22:33:16","slug":"the-bearer-and-the-last-flame-un-soulslike-hecho-en-espana-anuncia-dos-ediciones-fisicas-para-ps5-de-la-mano-de-meridiem","status":"publish","type":"post","link":"https:\/\/www.europesays.com\/es\/259279\/","title":{"rendered":"The Bearer and The Last Flame, un soulslike hecho en Espa\u00f1a, anuncia dos ediciones f\u00edsicas para PS5 de la mano de Meridiem"},"content":{"rendered":"<p class=\"\"><b>The Bearer and The Last Flame <\/b>es uno de los lanzamientos espa\u00f1oles que m\u00e1s llama la atenci\u00f3n en <b>2026<\/b>. Un t\u00edtulo <a href=\"https:\/\/as.com\/meristation\/reportajes\/mejores-souls-ordenados-de-peor-a-mejor-sekiro-elden-ring-lies-of-p-dark-souls-3-r\/\" target=\"_blank\" rel=\"noreferrer nofollow noopener\" title=\"https:\/\/as.com\/meristation\/reportajes\/mejores-souls-ordenados-de-peor-a-mejor-sekiro-elden-ring-lies-of-p-dark-souls-3-r\/\"><b>soulslike<\/b> <\/a>creado en solitario por <b>Javier Castilla<\/b>, es una aventura \u00e9pica de acci\u00f3n y <b>fantas\u00eda oscura <\/b>que sumergir\u00e1 al jugador en un mundo asolado por la muerte.<\/p>\n<p class=\"\">El juego saldr\u00e1 a la venta el <b>6 de marzo de 2026<\/b> en <b>PlayStation 5 <\/b>y <b>PC<\/b>, y tendr\u00e1 edici\u00f3n f\u00edsica de la mano de <a href=\"https:\/\/as.com\/meristation\/analisis\/analisis-de-madison-vr-la-experiencia-de-realidad-virtual-mas-aterradora-n\/\" target=\"_blank\" rel=\"nofollow noopener\" title=\"https:\/\/as.com\/meristation\/analisis\/analisis-de-madison-vr-la-experiencia-de-realidad-virtual-mas-aterradora-n\/\"><b>Meridiem<\/b><\/a>. Dos ediciones entre las que escoger: <b>The Bearer &amp; The Last Flame &#8211; Standard Edition <\/b>que incluye el juego para <b>PS5 <\/b>y <b>The Bearer &amp; The Last Flame &#8211; The Knight\u2019s Edition <\/b>que incluye tambi\u00e9n una gu\u00eda del juego y una funda especial. <\/p>\n<p><img decoding=\"async\" src=\"https:\/\/www.europesays.com\/es\/wp-content\/uploads\/2025\/11\/XTLSAY2DIVA4JEZJPPOE3BCC7E.png\" alt=\"The Bearer and The Last Flame, un soulslike hecho en Espa\u00f1a, anuncia dos ediciones f\u00edsicas para PS5 de la mano de Meridiem\" height=\"900\" width=\"1600\"   loading=\"lazy\"\/>Un soulslike hecho en Espa\u00f1a y que tendr\u00e1 dos ediciones f\u00edsicas<\/p>\n<p class=\"\">El juego de <b>Dark Reaper Studio<\/b> busca revivir la esencia de los soulslike m\u00e1s cl\u00e1sicos, sumergi\u00e9ndonos en combates estrat\u00e9gicos en un mundo lleno de misterios y una historia profunda que es narrada a trav\u00e9s del entorno y personajes enigm\u00e1ticos que encontraremos a lo largo de nuestro viaje.<\/p>\n<p class=\"\">Enemigos y jefes que nos obligar\u00e1n a afrontar batallas \u00e9picas, pudiendo escoger a nuestro h\u00e9roe entre distintos personajes que proceden de mundos \u00fanicos. Todo bajo una dificultad desafiante, y que podremos disfrutar tambi\u00e9n con unas ediciones f\u00edsicas que en el caso de<b> <\/b>The Bearer &amp; The Last Flame &#8211; The Knight\u2019s Edition, nos ayudar\u00e1 en la aventura gracias a la gu\u00eda que incluye.<\/p>\n<p>Noticias relacionadas<\/p>\n<p class=\"\">Suscr\u00edbete al <a href=\"https:\/\/www.youtube.com\/@meristation\" target=\"_self\" rel=\"nofollow noopener\" title=\"https:\/\/www.youtube.com\/@meristation\">canal de MeriStation en YouTube<\/a>, tu web de videojuegos y entretenimiento para conocer todas las noticias y novedades sobre el mundo del videojuego, cine, series, manga y anime. An\u00e1lisis, entrevistas, tr\u00e1ileres, gameplays, p\u00f3dcast y mucho m\u00e1s. Tambi\u00e9n te animamos a seguir <a href=\"https:\/\/www.tiktok.com\/@meristation\" rel=\"nofollow noopener\" title=\"https:\/\/www.tiktok.com\/@meristation\" target=\"_blank\">nuestra cuenta de TikTok<\/a>. <\/p>\n<p class=\"\">\u00a1S\u00edguenos en ambas y, si est\u00e1s interesado en licenciar este contenido, pincha <a href=\"https:\/\/profesional.elpais.com\/soluciones-sindicacion?utm_medium=interno&amp;utm_source=crosslinking&amp;utm_campaign=sindicacion_as_pie_articulos\" target=\"_blank\" rel=\"nofollow noopener\" title=\"https:\/\/profesional.elpais.com\/soluciones-sindicacion?utm_medium=interno&amp;utm_source=crosslinking&amp;utm_campaign=sindicacion_as_pie_articulos\">aqu\u00ed<\/a>!<\/p>\n<p><script async src=\"\/\/www.tiktok.com\/embed.js\"><\/script><\/p>\n","protected":false},"excerpt":{"rendered":"The Bearer and The Last Flame es uno de los lanzamientos espa\u00f1oles que m\u00e1s llama la atenci\u00f3n en&hellip;\n","protected":false},"author":2,"featured_media":259280,"comment_status":"","ping_status":"","sticky":false,"template":"","format":"standard","meta":{"footnotes":""},"categories":[81],"tags":[119,123,124,25,24,117,121,122,23,118,120],"class_list":{"0":"post-259279","1":"post","2":"type-post","3":"status-publish","4":"format-standard","5":"has-post-thumbnail","7":"category-ciencia-y-tecnologia","8":"tag-ciencia","9":"tag-ciencia-y-tecnologia","10":"tag-cienciaytecnologia","11":"tag-es","12":"tag-espana","13":"tag-science","14":"tag-science-and-technology","15":"tag-scienceandtechnology","16":"tag-spain","17":"tag-technology","18":"tag-tecnologia"},"share_on_mastodon":{"url":"https:\/\/pubeurope.com\/@es\/115624044707049423","error":""},"_links":{"self":[{"href":"https:\/\/www.europesays.com\/es\/wp-json\/wp\/v2\/posts\/259279","targetHints":{"allow":["GET"]}}],"collection":[{"href":"https:\/\/www.europesays.com\/es\/wp-json\/wp\/v2\/posts"}],"about":[{"href":"https:\/\/www.europesays.com\/es\/wp-json\/wp\/v2\/types\/post"}],"author":[{"embeddable":true,"href":"https:\/\/www.europesays.com\/es\/wp-json\/wp\/v2\/users\/2"}],"replies":[{"embeddable":true,"href":"https:\/\/www.europesays.com\/es\/wp-json\/wp\/v2\/comments?post=259279"}],"version-history":[{"count":0,"href":"https:\/\/www.europesays.com\/es\/wp-json\/wp\/v2\/posts\/259279\/revisions"}],"wp:featuredmedia":[{"embeddable":true,"href":"https:\/\/www.europesays.com\/es\/wp-json\/wp\/v2\/media\/259280"}],"wp:attachment":[{"href":"https:\/\/www.europesays.com\/es\/wp-json\/wp\/v2\/media?parent=259279"}],"wp:term":[{"taxonomy":"category","embeddable":true,"href":"https:\/\/www.europesays.com\/es\/wp-json\/wp\/v2\/categories?post=259279"},{"taxonomy":"post_tag","embeddable":true,"href":"https:\/\/www.europesays.com\/es\/wp-json\/wp\/v2\/tags?post=259279"}],"curies":[{"name":"wp","href":"https:\/\/api.w.org\/{rel}","templated":true}]}}