{"id":259300,"date":"2025-11-27T22:48:11","date_gmt":"2025-11-27T22:48:11","guid":{"rendered":"https:\/\/www.europesays.com\/es\/259300\/"},"modified":"2025-11-27T22:48:11","modified_gmt":"2025-11-27T22:48:11","slug":"johnny-depp-expone-por-primera-vez-su-caotico-arte-en-tokio-en-el-debut-internacional-de-a-bunch-of-stuff","status":"publish","type":"post","link":"https:\/\/www.europesays.com\/es\/259300\/","title":{"rendered":"Johnny Depp expone por primera vez su ca\u00f3tico arte en Tokio, en el debut internacional de &#8216;A bunch of stuff&#8217;"},"content":{"rendered":"<p class=\"c-paragraph\">El actor, m\u00fasico y artista <a href=\"https:\/\/www.20minutos.es\/tags\/personas\/johnny-depp-actor.html\" title=\"Johnny Depp\" rel=\"nofollow noopener\" target=\"_blank\">Johnny Depp<\/a> ha llevado su universo art\u00edstico hasta Tokio,<b> ciudad escogida por el actor para el debut internacional de su exposici\u00f3n<\/b> A bunch of stuff (Un mont\u00f3n de cosas), un ca\u00f3tico recorrido por su vida y mente a trav\u00e9s de m\u00e1s de cien obras y objetos personales.<\/p>\n<p class=\"c-paragraph\">\u00abDibujar, crear, pintar&#8230; han sido una parte enorme de mi vida. <b>Pero pintaba estos cuadros y luego los guardaba en un garaje para que nadie los viera<\/b>\u00ab, explic\u00f3 este jueves Depp durante la presentaci\u00f3n de la muestra a la prensa, un d\u00eda antes de su apertura al p\u00fablico en el NEWoMan Takanawa del barrio capitalino de Minato.<\/p>\n<p class=\"c-paragraph\">En su primera visita a Jap\u00f3n en ocho a\u00f1os, el actor subray\u00f3 el car\u00e1cter personal de la exposici\u00f3n, que<b> combina pinturas, retratos, escritos y objetos de su d\u00eda a d\u00eda recopilados<\/b> durante m\u00e1s de tres d\u00e9cadas, y que podr\u00e1n visitarse hasta el 6 de mayo de 2026.<\/p>\n<p class=\"c-paragraph\">\u00abCrear es una necesidad constante que tengo; si no, siento que mi cerebro explotar\u00eda\u00bb, describi\u00f3 el actor, quien admiti\u00f3 que durante muchos a\u00f1os se <b>puso ciertos \u00abl\u00edmites\u00bb que le impidieron seguir creando<\/b>, algo que ahora considera un \u00abgrave error\u00bb.<\/p>\n<p class=\"c-paragraph\">La muestra es un recorrido por la mente del artista donde pueden verse retratos de personas que ha conocido, lugares en los que ha estado o, simplemente, <b>\u00abcaprichos extra\u00f1os\u00bb que surgen en su cabeza cuando tiene tiempo libre<\/b> y muchos pensamientos, relat\u00f3.<\/p>\n<p>Un viaje inmersivo al \u00absantuario art\u00edstico\u00bb del actor<\/p>\n<p class=\"c-paragraph\">Tras cruzar un pasillo de cortinas rojas, la exposici\u00f3n se organiza como una sucesi\u00f3n de cap\u00edtulos que mezclan lo cotidiano con el expresionismo y surrealismo de sus obras, donde Depp re\u00fane algunas de las piezas m\u00e1s representativas de su carrera, <b>entre ellas lienzos dedicados a sus hijos y a personajes imaginarios.<\/b><\/p>\n<p class=\"c-paragraph\">Tambi\u00e9n destacan colecciones como Death by confetti (Muerte por confeti), una serie donde el artista plasma la mezcla de celebraci\u00f3n y asfixia por la fama, y la atenci\u00f3n de Hollywood; o su colecci\u00f3n en honor a la actriz Hedy Lamarr, donde Depp presenta frases escritas a modo de grafiti sobre la int\u00e9rprete: \u00ab<b>Borrada por el mismo mundo que la convirti\u00f3 en estrella<\/b>\u00ab, se lee en algunas de esas obras.<\/p>\n<p class=\"c-paragraph\">Una segunda sala, te\u00f1ida de azul, re\u00fane objetos de lo m\u00e1s diverso colgados del techo. <b>Plumas, postales y notas escritas en hojas de libretas de hotel tendidos sobre el espacio<\/b> para rendir homenaje al propio t\u00edtulo de la exposici\u00f3n: un mont\u00f3n de cosas.<\/p>\n<p class=\"c-paragraph\">Latas vac\u00edas, pinceles, calaveras, una l\u00e1mpara en un zapato de madera o lienzos pintados son algunos de los objetos que decoran los diferentes espacios de la muestra, <b>que quieren recrear el espacio personal del artista con muebles de su propia casa<\/b>.<\/p>\n<p class=\"c-paragraph\">En el centro de la exposici\u00f3n se encuentra la Black Box, un corto de trece minutos reproducido en 360 grados que muestra pinturas del actor acompa\u00f1adas de m\u00fasica y <b>con su propia voz como narrador, <\/b>donde recuerda su infancia n\u00f3mada, su impulso creativo y comparte momentos que han definido su vida art\u00edstica.<\/p>\n<p class=\"c-paragraph\">\u00abHe sido m\u00e1s personas que la mayor\u00eda de la gente. <b>La pregunta es, \u00bfhay algo que pueda ofrecer?<\/b>\u00ab, dice en voz en &#8216;off&#8217;.<\/p>\n<p class=\"c-paragraph\">A bunch of stuff es una exposici\u00f3n personal a la vez que ca\u00f3tica que pretende saciar esa \u00abliberaci\u00f3n\u00bb que Depp siente al crear sus obras y que ha decidido exhibir en la capital japonesa, <b>un lugar \u00abmundialmente reconocido por sus siglos de arte\u00bb<\/b>, expres\u00f3 el actor, que manifest\u00f3 \u00abun honor absoluto\u00bb por estar en ella.<\/p>\n","protected":false},"excerpt":{"rendered":"El actor, m\u00fasico y artista Johnny Depp ha llevado su universo art\u00edstico hasta Tokio, ciudad escogida por el&hellip;\n","protected":false},"author":2,"featured_media":259301,"comment_status":"","ping_status":"","sticky":false,"template":"","format":"standard","meta":{"footnotes":""},"categories":[173],"tags":[229,233,231,230,9131,232,234,146,147,25,24,18134,9130,5043,1078,23],"class_list":{"0":"post-259300","1":"post","2":"type-post","3":"status-publish","4":"format-standard","5":"has-post-thumbnail","7":"category-arte-y-diseno","8":"tag-arte","9":"tag-arte-y-diseno","10":"tag-arts","11":"tag-arts-and-design","12":"tag-depp","13":"tag-design","14":"tag-diseno","15":"tag-entertainment","16":"tag-entretenimiento","17":"tag-es","18":"tag-espana","19":"tag-expone","20":"tag-johnny","21":"tag-por","22":"tag-primera","23":"tag-spain"},"share_on_mastodon":{"url":"https:\/\/pubeurope.com\/@es\/115624103351065394","error":""},"_links":{"self":[{"href":"https:\/\/www.europesays.com\/es\/wp-json\/wp\/v2\/posts\/259300","targetHints":{"allow":["GET"]}}],"collection":[{"href":"https:\/\/www.europesays.com\/es\/wp-json\/wp\/v2\/posts"}],"about":[{"href":"https:\/\/www.europesays.com\/es\/wp-json\/wp\/v2\/types\/post"}],"author":[{"embeddable":true,"href":"https:\/\/www.europesays.com\/es\/wp-json\/wp\/v2\/users\/2"}],"replies":[{"embeddable":true,"href":"https:\/\/www.europesays.com\/es\/wp-json\/wp\/v2\/comments?post=259300"}],"version-history":[{"count":0,"href":"https:\/\/www.europesays.com\/es\/wp-json\/wp\/v2\/posts\/259300\/revisions"}],"wp:featuredmedia":[{"embeddable":true,"href":"https:\/\/www.europesays.com\/es\/wp-json\/wp\/v2\/media\/259301"}],"wp:attachment":[{"href":"https:\/\/www.europesays.com\/es\/wp-json\/wp\/v2\/media?parent=259300"}],"wp:term":[{"taxonomy":"category","embeddable":true,"href":"https:\/\/www.europesays.com\/es\/wp-json\/wp\/v2\/categories?post=259300"},{"taxonomy":"post_tag","embeddable":true,"href":"https:\/\/www.europesays.com\/es\/wp-json\/wp\/v2\/tags?post=259300"}],"curies":[{"name":"wp","href":"https:\/\/api.w.org\/{rel}","templated":true}]}}