{"id":259311,"date":"2025-11-27T22:58:08","date_gmt":"2025-11-27T22:58:08","guid":{"rendered":"https:\/\/www.europesays.com\/es\/259311\/"},"modified":"2025-11-27T22:58:08","modified_gmt":"2025-11-27T22:58:08","slug":"el-gobierno-palestino-publica-el-video-de-una-ejecucion-de-israel-a-dos-hombres-en-cisjordania","status":"publish","type":"post","link":"https:\/\/www.europesays.com\/es\/259311\/","title":{"rendered":"El Gobierno palestino publica el v\u00eddeo de una ejecuci\u00f3n de Israel a dos hombres en Cisjordania"},"content":{"rendered":"<p class=\"L6-news-detail__text\">El Gobierno palestino ha difundido este jueves un v\u00eddeo en el que se muestra l<b>a aparente ejecuci\u00f3n de dos personas que se hab\u00edan entregado a las fuerzas israel\u00edes<\/b>. Un v\u00eddeo que muestra unas im\u00e1genes muy duras, inexplicables y dif\u00edciles de asimilar que el Ej\u00e9rcito de Israel ya ha reconocido.<\/p>\n<p class=\"L6-news-detail__text\">Se trata de dos ejecuciones a sangre fr\u00eda durante una redada en Yen\u00edn, Cisjordania. Los soldados israel\u00edes, con una excavadora, comenzaron a destrozar una casa cuando <b>dos j\u00f3venes salieron agachados y con las manos en alto, quedando claro que no supon\u00edan ning\u00fan peligro<\/b>. Pero los soldados les dispararon y asesinaron.<\/p>\n<p class=\"L6-news-detail__text\">Israel, sin embargo, califica lo ocurrido de \u00abincidente\u00bb. El Ej\u00e9rcito israel\u00ed describe en un comunicado que, durante una operaci\u00f3n conjunta con la Polic\u00eda de Fronteras de Israel, las fuerzas rodearon un edificio en el que se encontraban dos <b>sospechosos de participar en una \u00abred terrorista\u00bb <\/b>en Yen\u00edn. Tras varias horas, consiguieron que salieran del edificio con las manos en alto, algo que muestra el v\u00eddeo difundido por el Gobierno palestino. \u00abTras su salida, hubo fuego dirigido a los sospechosos\u00bb, recoge de forma escueta y sin dar m\u00e1s detalles el comunicado castrense.<\/p>\n<p class=\"L6-news-detail__text\">En el v\u00eddeo del Gobierno palestino se muestra c\u00f3mo dos individuos salen de la estructura con las manos en alto mientras varios uniformados israel\u00edes les apuntan con fusiles. Poco despu\u00e9s, los dos palestinos se dirigen de nuevo lentamente hacia la estructura, a\u00fan vigilados por los soldados, y se escuchan disparos, momento en el que se aprecia c\u00f3mo uno de ellos cae inm\u00f3vil. \u00abEl incidente est\u00e1 bajo supervisi\u00f3n de los comandantes en el terreno y ser\u00e1 transferido a los cuerpos profesionales relevantes\u00bb, concluye el comunicado.<\/p>\n<p class=\"L6-news-detail__text\">Horas antes, las fuerzas armadas hab\u00edan anunciado que la Polic\u00eda de Fronteras de Israel hab\u00eda entrado a Yen\u00edn como parte de la operaci\u00f3n que desde el mi\u00e9rcoles llevan a cabo las fuerzas israel\u00edes en el norte de Cisjordania. EFE consult\u00f3 a la Polic\u00eda de Fronteras, que depende del Ej\u00e9rcito, sobre las presuntas ejecuciones. Esta remiti\u00f3 a EFE a la Polic\u00eda de Israel, que a\u00fan no se ha pronunciado al respecto.<\/p>\n<p>\u00abEjecuci\u00f3n a sangre fr\u00eda\u00bb<\/p>\n<p class=\"L6-news-detail__text\">La organizaci\u00f3n islamista palestina <b>Ham\u00e1s ha condenado \u00abla ejecuci\u00f3n a sangre fr\u00eda\u00bb<\/b> de dos j\u00f3venes palestinos \u00abdesarmados\u00bb por parte de las fuerzas israel\u00edes en Yen\u00edn, \u00aba pesar de haber abandonado sus hogares y no representar ninguna amenaza\u00bb. \u00abLa ejecuci\u00f3n a sangre fr\u00eda de dos j\u00f3venes palestinos desarmados en Yen\u00edn por parte de las fuerzas de ocupaci\u00f3n, a pesar de haber abandonado sus hogares y no representar ninguna amenaza, expone una vez m\u00e1s la mentalidad criminal que rige el comportamiento de la ocupaci\u00f3n y su total desprecio por la sangre palestina, violando todas las leyes y normas humanitarias\u00bb, ha firmado Ham\u00e1s en un comunicado.<\/p>\n<p class=\"L6-news-detail__text\">Los islamistas consideran que \u00abeste crimen<b> no es un incidente aislado, sino un nuevo eslab\u00f3n en una campa\u00f1a sistem\u00e1tica de exterminio <\/b>y limpieza \u00e9tnica adoptada por la ocupaci\u00f3n, dirigida contra nuestro pueblo en Cisjordania en un intento desesperado por implementar su plan de anexi\u00f3n y desplazamiento\u00bb.<\/p>\n<p class=\"L6-news-detail__text\">Hasta ahora, al menos 25 palestinos hab\u00edan resultado heridos en la gobernaci\u00f3n de Tubas, junto a Yen\u00edn, a causa de esta nueva redada de Israel. La operaci\u00f3n es distinta a Muro de Hierro, la macrooperaci\u00f3n contra las milicias que Israel lanz\u00f3 en el norte de Cisjordania el 21 de enero.<\/p>\n<p class=\"L6-news-detail__text\">Muro de Hierro, que se concentra en los campamentos de refugiados de Yen\u00edn, Nur Shams y Tulkarem, todos en el norte de Cisjordania, mantiene a\u00fan a unos 32.000 palestinos de estos lugares desplazados, seg\u00fan ha denunciado la agencia de la ONU para los refugiados palestinos (UNRWA). Israel sostiene que dichas operaciones son para mantener bajo control a las milicias palestinas, a las que califica de terroristas, y las autoridades palestinas denuncian el desplazamiento de personas y un endurecimiento de las restricciones de movimiento en Cisjordania que est\u00e1 afectando gravemente a la econom\u00eda del territorio.<\/p>\n<p class=\"L6-news-detail__text\"><b><a title=\"*Sigue a laSexta en Google. Toda la actualidad y el mejor contenido aqu\u00ed.\" href=\"https:\/\/profile.google.com\/cp\/CgkvbS8wZG5xejA\" target=\"_blank\" rel=\"nofollow noopener\">*Sigue a laSexta en Google. Toda la actualidad y el mejor contenido aqu\u00ed.<\/a><\/b><\/p>\n<p class=\"L6-support-news-video__title\">Nuevo president<\/p>\n<p>            <a href=\"https:\/\/www.lasexta.com\/noticias\/nacional\/vox-celebra-que-perez-llorca-haya-asumido-que-tenian-razon-psoe-habla-sumision-absoluta_20251127692898a76e5e5012dcd0e9d6.html\" class=\"L6-news__link\" rel=\"nofollow noopener\" target=\"_blank\"><br \/>\n                Vox celebra que P\u00e9rez Llorca haya asumido que \u00abten\u00edan raz\u00f3n\u00bb y el PSOE habla de \u00absumisi\u00f3n absoluta\u00bb del PP<\/p>\n<p class=\"recirculation-video-desc\">El contexto El discurso de investidura de P\u00e9rez Llorca ha estado lleno de agradecimientos a Vox, donde los gui\u00f1os no han parado: bajada de impuestos, defensa de las presas o hachazo al cambio clim\u00e1tico. De hecho, el &#8216;popular&#8217; se ha mostrado muy duro con la migraci\u00f3n tach\u00e1ndola como un \u00abproblema real\u00bb.<\/p>\n<p>            <\/a><\/p>\n","protected":false},"excerpt":{"rendered":"El Gobierno palestino ha difundido este jueves un v\u00eddeo en el que se muestra la aparente ejecuci\u00f3n de&hellip;\n","protected":false},"author":2,"featured_media":259312,"comment_status":"","ping_status":"","sticky":false,"template":"","format":"standard","meta":{"footnotes":""},"categories":[42],"tags":[17,18,13,14,11,61,62,63,64,19,20,9,10,15,16,12,21,22,65,66,67],"class_list":{"0":"post-259311","1":"post","2":"type-post","3":"status-publish","4":"format-standard","5":"has-post-thumbnail","7":"category-internacional","8":"tag-breaking-news","9":"tag-breakingnews","10":"tag-featured-news","11":"tag-featurednews","12":"tag-headlines","13":"tag-internacional","14":"tag-international","15":"tag-international-news","16":"tag-internationalnews","17":"tag-latest-news","18":"tag-latestnews","19":"tag-news","20":"tag-noticias","21":"tag-noticias-destacadas","22":"tag-noticiasdestacadas","23":"tag-titulares","24":"tag-ultimas-noticias","25":"tag-ultimasnoticias","26":"tag-world","27":"tag-world-news","28":"tag-worldnews"},"share_on_mastodon":{"url":"https:\/\/pubeurope.com\/@es\/115624142840185471","error":""},"_links":{"self":[{"href":"https:\/\/www.europesays.com\/es\/wp-json\/wp\/v2\/posts\/259311","targetHints":{"allow":["GET"]}}],"collection":[{"href":"https:\/\/www.europesays.com\/es\/wp-json\/wp\/v2\/posts"}],"about":[{"href":"https:\/\/www.europesays.com\/es\/wp-json\/wp\/v2\/types\/post"}],"author":[{"embeddable":true,"href":"https:\/\/www.europesays.com\/es\/wp-json\/wp\/v2\/users\/2"}],"replies":[{"embeddable":true,"href":"https:\/\/www.europesays.com\/es\/wp-json\/wp\/v2\/comments?post=259311"}],"version-history":[{"count":0,"href":"https:\/\/www.europesays.com\/es\/wp-json\/wp\/v2\/posts\/259311\/revisions"}],"wp:featuredmedia":[{"embeddable":true,"href":"https:\/\/www.europesays.com\/es\/wp-json\/wp\/v2\/media\/259312"}],"wp:attachment":[{"href":"https:\/\/www.europesays.com\/es\/wp-json\/wp\/v2\/media?parent=259311"}],"wp:term":[{"taxonomy":"category","embeddable":true,"href":"https:\/\/www.europesays.com\/es\/wp-json\/wp\/v2\/categories?post=259311"},{"taxonomy":"post_tag","embeddable":true,"href":"https:\/\/www.europesays.com\/es\/wp-json\/wp\/v2\/tags?post=259311"}],"curies":[{"name":"wp","href":"https:\/\/api.w.org\/{rel}","templated":true}]}}