{"id":259313,"date":"2025-11-27T22:59:11","date_gmt":"2025-11-27T22:59:11","guid":{"rendered":"https:\/\/www.europesays.com\/es\/259313\/"},"modified":"2025-11-27T22:59:11","modified_gmt":"2025-11-27T22:59:11","slug":"este-es-el-tono-de-la-vicepresidenta-segunda-del-gobierno","status":"publish","type":"post","link":"https:\/\/www.europesays.com\/es\/259313\/","title":{"rendered":"\u00abEste es el tono de la vicepresidenta segunda del Gobierno\u00bb"},"content":{"rendered":"<p style=\"\">La vicepresidenta primera del Gobierno y ministra de Trabajo, <strong>Yolanda D\u00edaz<\/strong>, se ha pronunciado sin tapujos en los \u00faltimos d\u00edas sobre la condena del Tribunal Supremo (TS) <a href=\"https:\/\/www.abc.es\/espana\/supremo-condena-fiscal-general-estado-revelacion-secretos-20251120140311-nt.html\" title=\"www.abc.es\" data-voc-vtm-id=\"in-text-traffic\" data-mrf-link=\"www.abc.es\" rel=\"nofollow noopener\" target=\"_blank\">al fiscal general del Estado, \u00c1lvaro Garc\u00eda Ortiz<\/a>, y su posterior <strong>renuncia al cargo<\/strong>.<\/p>\n<p style=\"\">Este  &#8230; lunes, la ministra lament\u00f3 que haya <strong>\u00abdimitido un hombre bueno e inocente\u00bb<\/strong> y llam\u00f3 a la sociedad espa\u00f1ola a movilizarse ante una \u00abparte de la judicatura\u00bb que se <strong>\u00abcree impune\u00bb<\/strong> y vulnera el principio de separaci\u00f3n de poderes.<\/p>\n<p class=\"voc-p\" style=\"\">\u00abCreo que ha llegado la hora de <strong>dar un paso adelante <\/strong>y le pido a los espa\u00f1oles que se movilicen en defensa de la democracia y del respeto institucional en nuestro pa\u00eds\u00bb, asegur\u00f3 la vicepresidenta ante los medios, en una petici\u00f3n que reiter\u00f3 el martes en rueda de prensa tras el Consejo de Ministros.<\/p>\n<p class=\"voc-p\" style=\"\">Adem\u00e1s, Yolanda D\u00edaz insisti\u00f3 este martes en que, cinco d\u00edas despu\u00e9s de difundirse el fallo del TS, \u00abno conozcamos la sentencia\u00bb que condena \u00abs\u00ed o s\u00ed\u00bb a Garc\u00eda Ortiz. Un hecho que calific\u00f3 de <strong>\u00aban\u00f3malo\u00bb<\/strong>.<\/p>\n<p class=\"voc-p\" style=\"\">\u00abHoy es el quinto d\u00eda y <strong>no sabemos qu\u00e9 hechos probados se adveran de una vista oral que vio toda Espa\u00f1a<\/strong>, ni los fundamentos jur\u00eddicos que motivan el fallo que hemos conocido el pasado jueves. Y esto s\u00ed que es profundamente an\u00f3malo\u00bb, denunci\u00f3 D\u00edaz. \u00abLo que <strong>conocemos es un fallo<\/strong>\u00bb, dijo. \u00abCuando leamos la sentencia, podremos opinar sobre el contenido jur\u00eddico de la misma\u00bb, a\u00f1adi\u00f3.<\/p>\n<p>\nVicente Vall\u00e9s opina sobre la llamada a la movilizaci\u00f3n contra los jueces de Yolanda D\u00edaz\n<\/p>\n<p class=\"voc-p\" style=\"\">Unas declaraciones sobre las que se hicieron eco este martes los distintos informativos. Este fue el caso de <strong>&#8216;Antena 3 Noticias 2&#8217;<\/strong>, donde <strong>Vicente Vall\u00e9s <\/strong>se mostr\u00f3 muy cr\u00edtico con la ministra, de quien dijo \u00abtrata de aprovechar la situaci\u00f3n con <strong>mayor virulencia verbal<\/strong>\u00bb. Algo nada casual, ya que se\u00f1al\u00f3 que se produce \u00aben medio de los <strong>malos augurios <\/strong>que los sondeos reflejan para Sumar\u00bb.<\/p>\n<p class=\"voc-p\" style=\"\">\u00abUna vicepresidenta del Gobierno alienta una movilizaci\u00f3n popular contra los jueces con <strong>lenguaje de activista <\/strong>y lo hace en la sala de prensa de Moncloa acompa\u00f1ada por tres ministros del PSOE\u00bb, critic\u00f3 Valles, antes de dar paso a las im\u00e1genes con las declaraciones pronunciadas por D\u00edaz en las que llama a protestar contra la condena a Garc\u00eda Ortiz.<\/p>\n<p class=\"voc-p\" style=\"\">\u00abEste es el tono de la vicepresidenta segunda del Gobierno\u00bb, insisti\u00f3 el presentador de Antena 3, quien recalc\u00f3 que \u00abnadie hab\u00eda preguntado\u00bb a la ministra \u00absobre este asunto\u00bb: \u00abHa sido D\u00edaz quien <strong>se ha concedido el turno de palabra a s\u00ed misma<\/strong> para lanzar este alegato con el objetivo de que el Gobierno movilice a las masas contra el TS\u00bb.<\/p>\n<p class=\"voc-p\" style=\"\">Mientras tanto, inform\u00f3 Vall\u00e9s, \u00ablos ministros socialistas han dejado hacer en el d\u00eda en que su pretensi\u00f3n era presentar a la nueva fiscal general del estado\u00bb, <a href=\"https:\/\/www.abc.es\/espana\/peramato-promocionada-dos-veces-delgado-garcia-ortiz-20251125100340-nt.html\" title=\"www.abc.es\" data-voc-vtm-id=\"in-text-traffic\" data-mrf-link=\"www.abc.es\" rel=\"nofollow noopener\" target=\"_blank\">Teresa Peramato<\/a>.<\/p>\n<p>\nVall\u00e9s, sobre que el TS no haya publicado la sentencia: \u00abNo es tan an\u00f3malo, es lo habitual\u00bb\n<\/p>\n<p class=\"voc-p\" style=\"\">&#8216;Antena 3 Noticias 2&#8217; tambi\u00e9n recogi\u00f3 las cr\u00edticas del Gobierno al TS por no publicar la sentencia condenatoria a Garc\u00eda Ortiz. En este sentido, el ministro de Justicia, <strong>F\u00e9lix Bola\u00f1os<\/strong>, expres\u00f3 su deseo de que se conozca \u00abcuanto antes\u00bb, aunque insisti\u00f3 \u00aben la importancia de respetar y no generar desconfianza generalizada sobre una instituci\u00f3n tan importante\u00bb.<\/p>\n<p class=\"voc-p\" style=\"\">Una declaraciones que Vall\u00e9s tild\u00f3 de cr\u00edticas, pero \u00abcon un tono moderado y manteniendo un cierto equilibrio argumental\u00bb. Sin embargo, el presentador destac\u00f3 las de la vicepresidenta, quien \u00abtambi\u00e9n quer\u00eda hablar de eso sin que tampoco en esta ocasi\u00f3n<strong> nadie le hubiera preguntado a ella sobre el asunto<\/strong>\u00bb.<\/p>\n<p class=\"voc-title\">\u00abNo es an\u00f3malo, es de lo m\u00e1s habitual, especialmente cuando es un caso con gran trascendencia p\u00fablica y el objetivo es evitar que el fallo se conozca mediante una filtraci\u00f3n\u00bb<\/p>\n<p class=\"voc-article-position__name\">Vicente Vall\u00e9s<\/p>\n<p class=\"voc-article-position__employ\">Presentador de &#8216;Antena 3 Noticias 2&#8217;<\/p>\n<p class=\"voc-p\" style=\"\">En este sentido, el presentador de Antena 3 se mostr\u00f3 tajante: \u00abPues <strong>no, no es tan an\u00f3malo<\/strong>\u00bb, asegur\u00f3, en relaci\u00f3n a la decisi\u00f3n del TS de anunciar el fallo antes de hacer p\u00fablica la sentencia. \u00ab<strong>Es algo de lo m\u00e1s habitual<\/strong>, especialmente cuando se trata de un caso con gran trascendencia p\u00fablica y el objetivo es evitar que el fallo se conozca mediante una filtraci\u00f3n\u00bb, explic\u00f3.<\/p>\n<p class=\"voc-p\" style=\"\">Vall\u00e9s recalc\u00f3 que tambi\u00e9n se sigui\u00f3 este procedimiento con la sentencia de<strong> &#8216;La Manada&#8217;<\/strong>, emitida tambi\u00e9n por el TS, \u00abal que se acusa de ser una herramienta de la derecha\u00bb. Sin embargo, se\u00f1al\u00f3, \u00abel Tribunal Constitucional (TC), que es de <strong>mayor\u00eda progresista<\/strong>, tiene por costumbre hacer eso mismo con la pr\u00e1ctica totalidad de sus sentencias\u00bb.<\/p>\n<p><img decoding=\"async\" loading=\"lazy\" src=\"https:\/\/www.europesays.com\/es\/wp-content\/uploads\/2025\/11\/fallo-valles-kwND--760x427@diario_abc.jpeg\" class=\"voc-img\" width=\"760\" height=\"427\" alt=\"Vicente Vall\u00e9s en 'Antena 3 Noticias 2' este martes\" data-voc-vtm-id=\"in-text-traffic\"\/><\/p>\n<p>Vicente Vall\u00e9s en &#8216;Antena 3 Noticias 2&#8217; este martes<\/p>\n<p>ANTENA 3<\/p>\n<p class=\"voc-p\" style=\"\">El periodista mostr\u00f3 un ejemplo en pantalla de una nota de prensa del TC del 20 de noviembre. \u00abEs, casualmente, <strong>el mismo d\u00eda en el que se conoci\u00f3 el fallo del TS sobre el fiscal general<\/strong>. El Constitucional anuncia que ha desestimado una cuesti\u00f3n de inconstitucionalidad, pero no hace p\u00fablica la sentencia\u00bb, explic\u00f3.<\/p>\n<p class=\"voc-p\" style=\"\">\u00abHan pasado 5 d\u00edas, tanto para la sentencia del fiscal como para esta sentencia del Constitucional. Ni el Tribunal Supremo, de mayor\u00eda conservadora, ni el Tribunal Constitucional, de mayor\u00eda progresista, han hecho p\u00fablicas todav\u00eda las sentencias\u00bb, contin\u00fao explicando, para zanjar el asunto despu\u00e9s: <strong>\u00abNo es tan an\u00f3malo, es m\u00e1s bien lo habitual\u00bb<\/strong>.<\/p>\n","protected":false},"excerpt":{"rendered":"La vicepresidenta primera del Gobierno y ministra de Trabajo, Yolanda D\u00edaz, se ha pronunciado sin tapujos en los&hellip;\n","protected":false},"author":2,"featured_media":259314,"comment_status":"","ping_status":"","sticky":false,"template":"","format":"standard","meta":{"footnotes":""},"categories":[8],"tags":[17,18,779,25,24,13,14,11,19,20,9,10,15,16,57,23,12,21,22,2976,13291,12392],"class_list":{"0":"post-259313","1":"post","2":"type-post","3":"status-publish","4":"format-standard","5":"has-post-thumbnail","7":"category-espana","8":"tag-breaking-news","9":"tag-breakingnews","10":"tag-diaz","11":"tag-es","12":"tag-espana","13":"tag-featured-news","14":"tag-featurednews","15":"tag-headlines","16":"tag-latest-news","17":"tag-latestnews","18":"tag-news","19":"tag-noticias","20":"tag-noticias-destacadas","21":"tag-noticiasdestacadas","22":"tag-sobre","23":"tag-spain","24":"tag-titulares","25":"tag-ultimas-noticias","26":"tag-ultimasnoticias","27":"tag-valles","28":"tag-vicente","29":"tag-yolanda"},"share_on_mastodon":{"url":"https:\/\/pubeurope.com\/@es\/115624147303469438","error":""},"_links":{"self":[{"href":"https:\/\/www.europesays.com\/es\/wp-json\/wp\/v2\/posts\/259313","targetHints":{"allow":["GET"]}}],"collection":[{"href":"https:\/\/www.europesays.com\/es\/wp-json\/wp\/v2\/posts"}],"about":[{"href":"https:\/\/www.europesays.com\/es\/wp-json\/wp\/v2\/types\/post"}],"author":[{"embeddable":true,"href":"https:\/\/www.europesays.com\/es\/wp-json\/wp\/v2\/users\/2"}],"replies":[{"embeddable":true,"href":"https:\/\/www.europesays.com\/es\/wp-json\/wp\/v2\/comments?post=259313"}],"version-history":[{"count":0,"href":"https:\/\/www.europesays.com\/es\/wp-json\/wp\/v2\/posts\/259313\/revisions"}],"wp:featuredmedia":[{"embeddable":true,"href":"https:\/\/www.europesays.com\/es\/wp-json\/wp\/v2\/media\/259314"}],"wp:attachment":[{"href":"https:\/\/www.europesays.com\/es\/wp-json\/wp\/v2\/media?parent=259313"}],"wp:term":[{"taxonomy":"category","embeddable":true,"href":"https:\/\/www.europesays.com\/es\/wp-json\/wp\/v2\/categories?post=259313"},{"taxonomy":"post_tag","embeddable":true,"href":"https:\/\/www.europesays.com\/es\/wp-json\/wp\/v2\/tags?post=259313"}],"curies":[{"name":"wp","href":"https:\/\/api.w.org\/{rel}","templated":true}]}}