{"id":259315,"date":"2025-11-27T23:00:12","date_gmt":"2025-11-27T23:00:12","guid":{"rendered":"https:\/\/www.europesays.com\/es\/259315\/"},"modified":"2025-11-27T23:00:12","modified_gmt":"2025-11-27T23:00:12","slug":"salida-cultural-para-mayores-belenes-en-madrid-puerta-del-sol-y-palacio-real","status":"publish","type":"post","link":"https:\/\/www.europesays.com\/es\/259315\/","title":{"rendered":"Salida cultural para Mayores \u00abBelenes en Madrid-Puerta del Sol y Palacio Real\u00bb"},"content":{"rendered":"<p>\t\t\t\t\t\ud83d\udd0a Escuchar la entrada<\/p>\n<ul>\n<li><strong>Fecha:<\/strong> 12 de diciembre<\/li>\n<li><strong>Horario:\u00a0<\/strong>9:00 a 14:00 horas<\/li>\n<li><strong>Lugar:\u00a0<\/strong>Salida desde Plaza Mayor<\/li>\n<li><strong>Inscripciones del\u00a02 al 9 de diciembre\u00a0<\/strong><\/li>\n<li><strong>Actividad con un coste de 5\u20ac precio p\u00fablico<\/strong><\/li>\n<\/ul>\n<p>\u00a0<\/p>\n<p>La concejal\u00eda de Servicios Sociales y la Mancomunidad THAM organizan una nueva salida cultural, destinada a personas mayores, para\u00a0<strong>visitar los Belenes de Puerta del Sol y el Palacio Real.\u00a0<\/strong><\/p>\n<p>Con motivo de las pr\u00f3ximas fiestas navide\u00f1as, el\u00a0<strong>pr\u00f3ximo 12 de diciembre<\/strong>, disfrutaremos de un recorrido guiado para recordar el origen de la tradici\u00f3n de tomar las uvas en la Puerta del Sol, as\u00ed como otras tradiciones de estas fiestas tan se\u00f1aladas. El recorrido comprender\u00e1 poder visitar algunos de los belenes m\u00e1s interesantes de Madrid, comenzando por el Bel\u00e9n de la Casa de Correos y siguiendo nuestros pasos por aquellos otros que el tiempo nos permita visitar.<\/p>\n<p>\u00a0<\/p>\n<p><strong>Inscripciones y precio de la actividad<\/strong><\/p>\n<p>Las inscripciones pueden realizarse del\u00a0<strong>2 al 9 de diciembre de<\/strong>\u00a0<strong>9:00 a 14:00 horas<\/strong> de forma\u00a0<strong>presencial en el centro de Servicios Sociales de Hoyo de Manzanares<\/strong>\u00a0(Avenida de la Paloma, N.\u00ba 11), en el horario de 9:00 a 14:00 horas, o en la\u00a0<strong>Sede Electr\u00f3nica de la THAM<\/strong>\u00a0a trav\u00e9s del enlace:\u00a0<strong><a role=\"link\" href=\"https:\/\/sede.mancomunidad-tham.es\/eAdmin\/Registrar.do?action=listadoEntradas\" target=\"_blank\" rel=\"nofollow noopener\">sede.mancomunidad-tham.es\u00a0<\/a><\/strong><\/p>\n<p><strong>El coste de la actividad es de5 \u20ac, correspondiente al precio p\u00fablico.\u00a0 \u00a0 \u00a0 \u00a0 \u00a0 \u00a0 \u00a0 \u00a0 \u00a0 \u00a0 \u00a0 \u00a0 \u00a0 \u00a0 \u00a0 \u00a0 \u00a0 \u00a0 \u00a0 \u00a0 \u00a0 \u00a0 \u00a0 \u00a0 \u00a0 \u00a0 \u00a0 \u00a0<\/strong><\/p>\n<p>Desde Servicios Sociales se ruega a los asistentes llegar al punto de encuentro 10 minutos antes de la hora de salida para una mejor organizaci\u00f3n de la actividad.<\/p>\n<p><img loading=\"lazy\" decoding=\"async\" class=\"alignnone wp-image-55864\" src=\"https:\/\/www.europesays.com\/es\/wp-content\/uploads\/2025\/11\/salida-cultural-diciembre_hoyodemanzanares.es-2.jpg\" alt=\"\" width=\"673\" height=\"841\"\/><\/p>\n","protected":false},"excerpt":{"rendered":"\ud83d\udd0a Escuchar la entrada Fecha: 12 de diciembre Horario:\u00a09:00 a 14:00 horas Lugar:\u00a0Salida desde Plaza Mayor Inscripciones del\u00a02&hellip;\n","protected":false},"author":2,"featured_media":259316,"comment_status":"","ping_status":"","sticky":false,"template":"","format":"standard","meta":{"footnotes":""},"categories":[5],"tags":[17,18,25,24,13,14,11,19,20,9,10,15,16,23,12,21,22],"class_list":{"0":"post-259315","1":"post","2":"type-post","3":"status-publish","4":"format-standard","5":"has-post-thumbnail","7":"category-titulares","8":"tag-breaking-news","9":"tag-breakingnews","10":"tag-es","11":"tag-espana","12":"tag-featured-news","13":"tag-featurednews","14":"tag-headlines","15":"tag-latest-news","16":"tag-latestnews","17":"tag-news","18":"tag-noticias","19":"tag-noticias-destacadas","20":"tag-noticiasdestacadas","21":"tag-spain","22":"tag-titulares","23":"tag-ultimas-noticias","24":"tag-ultimasnoticias"},"share_on_mastodon":{"url":"https:\/\/pubeurope.com\/@es\/115624150930257893","error":""},"_links":{"self":[{"href":"https:\/\/www.europesays.com\/es\/wp-json\/wp\/v2\/posts\/259315","targetHints":{"allow":["GET"]}}],"collection":[{"href":"https:\/\/www.europesays.com\/es\/wp-json\/wp\/v2\/posts"}],"about":[{"href":"https:\/\/www.europesays.com\/es\/wp-json\/wp\/v2\/types\/post"}],"author":[{"embeddable":true,"href":"https:\/\/www.europesays.com\/es\/wp-json\/wp\/v2\/users\/2"}],"replies":[{"embeddable":true,"href":"https:\/\/www.europesays.com\/es\/wp-json\/wp\/v2\/comments?post=259315"}],"version-history":[{"count":0,"href":"https:\/\/www.europesays.com\/es\/wp-json\/wp\/v2\/posts\/259315\/revisions"}],"wp:featuredmedia":[{"embeddable":true,"href":"https:\/\/www.europesays.com\/es\/wp-json\/wp\/v2\/media\/259316"}],"wp:attachment":[{"href":"https:\/\/www.europesays.com\/es\/wp-json\/wp\/v2\/media?parent=259315"}],"wp:term":[{"taxonomy":"category","embeddable":true,"href":"https:\/\/www.europesays.com\/es\/wp-json\/wp\/v2\/categories?post=259315"},{"taxonomy":"post_tag","embeddable":true,"href":"https:\/\/www.europesays.com\/es\/wp-json\/wp\/v2\/tags?post=259315"}],"curies":[{"name":"wp","href":"https:\/\/api.w.org\/{rel}","templated":true}]}}