{"id":259321,"date":"2025-11-27T23:08:10","date_gmt":"2025-11-27T23:08:10","guid":{"rendered":"https:\/\/www.europesays.com\/es\/259321\/"},"modified":"2025-11-27T23:08:10","modified_gmt":"2025-11-27T23:08:10","slug":"kawhi-y-clippers-ya-no-dan-miedo-pero-lakers-si-con-doncic-reaves-y-lebron-minimo-de-veterano-5x16","status":"publish","type":"post","link":"https:\/\/www.europesays.com\/es\/259321\/","title":{"rendered":"Kawhi y Clippers ya no dan miedo, pero Lakers s\u00ed con Doncic, Reaves y LeBron | M\u00ednimo de Veterano 5&#215;16"},"content":{"rendered":"<p class=\"\">Con tanta (y tan buena) creaci\u00f3n de contenido, a veces parece que dejemos de lado lo que pasa en la NBA. Para nada, por favor, no os equivoqu\u00e9is (pese a todos los motivos que damos para ello). Aunque salga un debate absurdo como si Nikola Jokic sea el mejor jugador de la historia, nosotros siempre reconducimos el rumbo, nos dirigimos con firmeza hacia la sensatez y acabamos analizando por qu\u00e9 Kawhi Leonard est\u00e1 sobrevalord\u00edsimo hist\u00f3ricamente, pero a su vez infravalorad\u00edsimo. Todo es posible en La Comunidad del Anillo. <\/p>\n<p>Noticias relacionadas<\/p>\n<p class=\"\">Al menos de vez en cuando aparece cierto criterio para que el debate se centre en el equipo m\u00e1s transgresor, innovador y competidor que tiene la NBA. No hace falta detallar cu\u00e1l es porque todos lo ten\u00e9is en la cabeza (y en el t\u00edtulo del episodio).<\/p>\n<p>Sobre \u2018NBA &#8211; M\u00ednimo de Veterano\u2019<\/p>\n<p class=\"\"><a href=\"https:\/\/twitter.com\/PepeBrasin\" rel=\"nofollow noopener\" target=\"_blank\">Pepe Rodr\u00edguez<\/a>, <a href=\"https:\/\/twitter.com\/vidalchow\" rel=\"nofollow noopener\" target=\"_blank\">Toni Vidal<\/a> y <a href=\"https:\/\/twitter.com\/juanma_rubio\" rel=\"nofollow noopener\" target=\"_blank\">Juanma Rubio<\/a> analizan y comentan la actualidad m\u00e1s y menos relevante de la NBA con su caracter\u00edstica mirada cr\u00edtica. Cada lunes y jueves, nuevo episodio de este <a href=\"https:\/\/as.com\/audio\/podcast\/nba-minimo-de-veterano\/\" rel=\"nofollow noopener\" target=\"_blank\">podcast original de AS Audio<\/a>. S\u00edguenos en <a href=\"https:\/\/twitter.com\/AsAudio\" rel=\"nofollow noopener\" target=\"_blank\">@AsAudio<\/a> y <a href=\"https:\/\/twitter.com\/MinimoDVeterano\" rel=\"nofollow noopener\" target=\"_blank\">@MinimoDVeterano<\/a>. Si est\u00e1s interesado en licenciar este contenido, pincha <a href=\"https:\/\/profesional.elpais.com\/soluciones-sindicacion?utm_medium=interno&amp;utm_source=crosslinking&amp;utm_campaign=sindicacion_as_pie_articulos\" target=\"_blank\" rel=\"nofollow noopener\" title=\"https:\/\/profesional.elpais.com\/soluciones-sindicacion?utm_medium=interno&amp;utm_source=crosslinking&amp;utm_campaign=sindicacion_as_pie_articulos\">aqu\u00ed<\/a>.<\/p>\n<p><script async src=\"https:\/\/platform.twitter.com\/widgets.js\" charset=\"utf-8\"><\/script><\/p>\n","protected":false},"excerpt":{"rendered":"Con tanta (y tan buena) creaci\u00f3n de contenido, a veces parece que dejemos de lado lo que pasa&hellip;\n","protected":false},"author":2,"featured_media":259322,"comment_status":"","ping_status":"","sticky":false,"template":"","format":"standard","meta":{"footnotes":""},"categories":[269],"tags":[299,298,168,25,24,23,167],"class_list":{"0":"post-259321","1":"post","2":"type-post","3":"status-publish","4":"format-standard","5":"has-post-thumbnail","7":"category-baloncesto","8":"tag-baloncesto","9":"tag-basketball","10":"tag-deportes","11":"tag-es","12":"tag-espana","13":"tag-spain","14":"tag-sports"},"share_on_mastodon":{"url":"https:\/\/pubeurope.com\/@es\/115624182219419719","error":""},"_links":{"self":[{"href":"https:\/\/www.europesays.com\/es\/wp-json\/wp\/v2\/posts\/259321","targetHints":{"allow":["GET"]}}],"collection":[{"href":"https:\/\/www.europesays.com\/es\/wp-json\/wp\/v2\/posts"}],"about":[{"href":"https:\/\/www.europesays.com\/es\/wp-json\/wp\/v2\/types\/post"}],"author":[{"embeddable":true,"href":"https:\/\/www.europesays.com\/es\/wp-json\/wp\/v2\/users\/2"}],"replies":[{"embeddable":true,"href":"https:\/\/www.europesays.com\/es\/wp-json\/wp\/v2\/comments?post=259321"}],"version-history":[{"count":0,"href":"https:\/\/www.europesays.com\/es\/wp-json\/wp\/v2\/posts\/259321\/revisions"}],"wp:featuredmedia":[{"embeddable":true,"href":"https:\/\/www.europesays.com\/es\/wp-json\/wp\/v2\/media\/259322"}],"wp:attachment":[{"href":"https:\/\/www.europesays.com\/es\/wp-json\/wp\/v2\/media?parent=259321"}],"wp:term":[{"taxonomy":"category","embeddable":true,"href":"https:\/\/www.europesays.com\/es\/wp-json\/wp\/v2\/categories?post=259321"},{"taxonomy":"post_tag","embeddable":true,"href":"https:\/\/www.europesays.com\/es\/wp-json\/wp\/v2\/tags?post=259321"}],"curies":[{"name":"wp","href":"https:\/\/api.w.org\/{rel}","templated":true}]}}