{"id":259323,"date":"2025-11-27T23:09:11","date_gmt":"2025-11-27T23:09:11","guid":{"rendered":"https:\/\/www.europesays.com\/es\/259323\/"},"modified":"2025-11-27T23:09:11","modified_gmt":"2025-11-27T23:09:11","slug":"su-camino-express-hasta-el-primer-equipo","status":"publish","type":"post","link":"https:\/\/www.europesays.com\/es\/259323\/","title":{"rendered":"su camino express hasta el primer equipo"},"content":{"rendered":"<p data-gtm-element-container=\"modulo-texto-link\" class=\"paragraph\"><strong>A\u00efcha Camara<\/strong>, con apenas 18 a\u00f1os, ha necesitado solo tres meses en el primer equipo del <strong>Bar\u00e7a <\/strong>para demostrar que su irrupci\u00f3n en la \u00e9lite del f\u00fatbol femenino est\u00e1 lejos de ser pasajera. Con un talento precoz y una madurez impropia de su edad, la defensa de <strong>Sabadell <\/strong>se ha ganado a la afici\u00f3n blaugrana, que ya la se\u00f1ala como \u201cel futuro del <strong>Bar\u00e7a<\/strong>\u201d. En la \u00faltima jornada liguera el pasado domingo ante el <strong>Levante<\/strong>, la lateral azulgrana complet\u00f3 los noventa minutos con un despliegue f\u00edsico extraordinario: <strong>fue la jugadora que m\u00e1s duelos gan\u00f3<\/strong> y obtuvo una <strong>calificaci\u00f3n media de 8,1 <\/strong>en FOTMOB, que la incluy\u00f3 en el once ideal de la jornada de la<strong> Liga F Moeve<\/strong>.<\/p>\n<p data-gtm-element-container=\"modulo-texto-link\" class=\"paragraph\"><strong>A\u00efcha <\/strong>es una de las tres jugadoras que ha ascendido este a\u00f1o al primer equipo azulgrana, junto a <strong>Clara Serrajordi<\/strong> y <strong>Sydney Schertenleib<\/strong>. Desde su incorporaci\u00f3n a la plantilla de <strong>Pere Romeu<\/strong>, ha participado en 12 de los 16 partidos disputados, sumando un total de 544 minutos, cinco titularidades y dos encuentros completos, contra el <strong>Deportivo ABANCA <\/strong>y el propio <strong>Levante<\/strong>. Si juega todo el partido, su energ\u00eda no cesa; si le toca entrar en escenarios exigentes, como en su debut en <strong>Champions <\/strong>ante el <strong>Chelsea <\/strong>en un duelo que ped\u00eda frescor, cumple con solvencia. Su personalidad y su f\u00edsico hacen pensar que lleva a\u00f1os en la \u00e9lite.<\/p>\n<p>                <img loading=\"lazy\" decoding=\"async\" data-full-src=\"https:\/\/www.mundodeportivo.com\/uploads\/2025\/11\/27\/692881f25872d.jpeg\" alt=\"A\u00cdcha C\u00e1mara y Clara Serrajordi con sus dorsales del primer equipo\" width=\"449\" height=\"561\" src=\"https:\/\/www.europesays.com\/es\/wp-content\/uploads\/2025\/11\/692881f25872d.r_d.480-600-4872.jpeg\" class=\"lazy\"\/><\/p>\n<p class=\"caption-title \">A\u00efcha Camara y Clara Serrajordi con sus dorsales del primer equipo<\/p>\n<p>                    FCB<\/p>\n<p>Una nueva joya de La Masia<\/p>\n<p data-gtm-element-container=\"modulo-texto-link\" class=\"paragraph\">Nacida el 11 de diciembre de 2006, <strong>Camara<\/strong> ha crecido en el barrio de <strong>Can Puiggener<\/strong>, en <strong>Sabadell<\/strong>. La defensa catalana dio sus primeros pasos en el f\u00fatbol en la base del club sabadellense, donde pronto destac\u00f3 por sus actuaciones y varios clubes se interesaron en ella. Aterriz\u00f3 en <strong>La Masia <\/strong>en la temporada 2017\/18, en la categor\u00eda de alev\u00edn de segundo a\u00f1o, y r\u00e1pidamente quem\u00f3 etapas del f\u00fatbol base cul\u00e9 hasta llegar, con tan solo 15 a\u00f1os, a formar parte del filial (2022\/23).\u00a0<\/p>\n<p data-gtm-element-container=\"modulo-texto-link\" class=\"paragraph\">\u201cLa sensaci\u00f3n que nos daba a los entrenadores era que iba muy sobrada f\u00edsicamente, pero daba el 50% de ella porque era consciente de que, incluso sin ir a tope, ganar\u00eda las batallas\u201d, declar\u00f3 a MD un t\u00e9cnico que entren\u00f3 a la joven de <strong>Sabadell <\/strong>en las categor\u00edas base cul\u00e9s. Pero desde el staff siempre se le ha subrayado la importancia de dar el 100% desde el principio, porque<strong> \u201cno te tienes que acostumbrar, que en un futuro lo necesitar\u00e1s\u201d<\/strong>. Dicho y hecho. R\u00e1pidamente cambi\u00f3 de \u2018chip\u2019 y pronto le fueron llegando las oportunidades.<\/p>\n<p>                <img loading=\"lazy\" decoding=\"async\" data-full-src=\"https:\/\/www.mundodeportivo.com\/uploads\/2025\/11\/27\/6928809ba3146.png\" alt=\"Mapi, A\u00efcha y Ona con CAT despu\u00e9s de Cl\u00e1sico femenino\" width=\"449\" height=\"281\" src=\"https:\/\/www.europesays.com\/es\/wp-content\/uploads\/2025\/11\/6928809ba3146.r_d.600-375-3744.png\" class=\"lazy\"\/><\/p>\n<p class=\"caption-title \">Mapi, A\u00efcha y Ona con CAT despu\u00e9s de Cl\u00e1sico femenino (4-0)<\/p>\n<p>                    FCB<\/p>\n<p>Un gran talento que le facilit\u00f3 la adaptaci\u00f3n<\/p>\n<p data-gtm-element-container=\"modulo-texto-link\" class=\"paragraph\">Su primer gran d\u00eda como jugadora del <strong>Bar\u00e7a femenino <\/strong>lleg\u00f3 el 7 de febrero de 2025, cuando debut\u00f3 oficialmente con el primer equipo en las semifinales de la <strong>Copa de Catalunya <\/strong>disputadas en <strong>Lleida<\/strong>. Para entonces ya se hab\u00eda proclamado campeona de <strong>Europa<\/strong>\u00a0con <strong>Espa\u00f1a sub-19\u00a0<\/strong>el verano de 2024. Un a\u00f1o despu\u00e9s volvi\u00f3 a alzar el trofeo continental. Disput\u00f3 todos los minutos del torneo y form\u00f3 parte del equipo ideal de la <strong>Eurocopa,<\/strong> siendo una\u00a0pieza clave para el conjunto espa\u00f1ol y actuando como central, mientras que en el <strong>Bar\u00e7a <\/strong>suele jugar como lateral derecho.<\/p>\n<p data-gtm-element-container=\"modulo-texto-link\" class=\"paragraph\">\u201cCuando <strong>A\u00efcha <\/strong>lleg\u00f3 al club jugaba como central. De hecho, le gustaba m\u00e1s ocupar esa posici\u00f3n. Pero en el equipo de <strong>Infantil <\/strong>necesit\u00e1bamos una lateral y ella ten\u00eda las condiciones f\u00edsicas ideales para serlo: era r\u00e1pida, ten\u00eda buen f\u00edsico y ganaba los duelos. Nosotros (los t\u00e9cnicos) siempre coment\u00e1bamos que cuando hab\u00eda la t\u00edpica jugada con un duelo en la espalda, ella los superaba siempre, aun estando en desventaja\u201d, explica su ex entrenador. No le fue dif\u00edcil adaptarse a la nueva posici\u00f3n porque \u201csiempre ten\u00eda predisposici\u00f3n para trabajar\u201d.<\/p>\n<p>    Lee tambi\u00e9n<\/p>\n<p data-gtm-element-container=\"modulo-texto-link\" class=\"paragraph\">Tras completar la temporada 2024\/25 a las \u00f3rdenes de <strong>\u00d3scar Belis<\/strong>, la sabadellense se convirti\u00f3 oficialmente en jugadora del primer equipo del <strong>Bar\u00e7a<\/strong>. Desde entonces, su rendimiento no ha hecho m\u00e1s que confirmar lo que ya apuntaba en las categor\u00edas inferiores. No solo ha triunfado en lo que al f\u00fatbol respecta, sino que en el vestuario tambi\u00e9n se ha integrado r\u00e1pidamente: \u201cLas j\u00f3venes han entrado bien al equipo, han encajado bien con sus compa\u00f1eras.  No s\u00e9 si hemos encontrado el equilibrio perfecto, pero puedo garantizar que est\u00e1n ayudando mucho, cada una haciendo su rol y tirando por el camino correcto\u00bb, declar\u00f3 <strong>Pere Romeu<\/strong>, actual entrenador del <strong>Bar\u00e7a,\u00a0<\/strong>sobre la sabadellense, <strong>Serrajordi <\/strong>y <strong>Sydney <\/strong>en la rueda de prensa posterior al <strong>Cl\u00e1sico femenino<\/strong>.\u00a0<\/p>\n<p data-gtm-element-container=\"modulo-texto-link\" class=\"paragraph\"><strong>A\u00efcha Camara<\/strong> es esa jugadora que cualquiera que la haya entrenado se acordar\u00e1 de ella: \u201cEs super atenta. Normalmente cuando el equipo funciona todas est\u00e1n felices, pero cuando las cosas no salen bien es cuando empieza a haber problemas. <strong>A\u00efcha <\/strong>nunca ha sido ese perfil de jugadora. Es sencilla, humilde, nunca ha puesto una mala cara y tiene una autoexigencia muy alta\u201d, remarcan desde la que fue el equipo t\u00e9cnico de sus primeros a\u00f1os en el <strong>Bar\u00e7a<\/strong>.\u00a0A pocos d\u00edas de cumplir 19 a\u00f1os, la canterana tiene todo lo necesario para convertirse en una estrella de la \u00e9lite. <strong>Sin prisa, pero con paso firme, la defensa se est\u00e1 abriendo un importante hueco en un equipo repleto de talento donde su nombre empezar\u00e1 a sonar cada vez m\u00e1s.<\/strong><\/p>\n","protected":false},"excerpt":{"rendered":"A\u00efcha Camara, con apenas 18 a\u00f1os, ha necesitado solo tres meses en el primer equipo del Bar\u00e7a para&hellip;\n","protected":false},"author":2,"featured_media":259324,"comment_status":"","ping_status":"","sticky":false,"template":"","format":"standard","meta":{"footnotes":""},"categories":[268],"tags":[168,25,24,280,282,281,23,167],"class_list":{"0":"post-259323","1":"post","2":"type-post","3":"status-publish","4":"format-standard","5":"has-post-thumbnail","7":"category-futbol","8":"tag-deportes","9":"tag-es","10":"tag-espana","11":"tag-football","12":"tag-futbol","13":"tag-soccer","14":"tag-spain","15":"tag-sports"},"share_on_mastodon":{"url":"https:\/\/pubeurope.com\/@es\/115624186346983326","error":""},"_links":{"self":[{"href":"https:\/\/www.europesays.com\/es\/wp-json\/wp\/v2\/posts\/259323","targetHints":{"allow":["GET"]}}],"collection":[{"href":"https:\/\/www.europesays.com\/es\/wp-json\/wp\/v2\/posts"}],"about":[{"href":"https:\/\/www.europesays.com\/es\/wp-json\/wp\/v2\/types\/post"}],"author":[{"embeddable":true,"href":"https:\/\/www.europesays.com\/es\/wp-json\/wp\/v2\/users\/2"}],"replies":[{"embeddable":true,"href":"https:\/\/www.europesays.com\/es\/wp-json\/wp\/v2\/comments?post=259323"}],"version-history":[{"count":0,"href":"https:\/\/www.europesays.com\/es\/wp-json\/wp\/v2\/posts\/259323\/revisions"}],"wp:featuredmedia":[{"embeddable":true,"href":"https:\/\/www.europesays.com\/es\/wp-json\/wp\/v2\/media\/259324"}],"wp:attachment":[{"href":"https:\/\/www.europesays.com\/es\/wp-json\/wp\/v2\/media?parent=259323"}],"wp:term":[{"taxonomy":"category","embeddable":true,"href":"https:\/\/www.europesays.com\/es\/wp-json\/wp\/v2\/categories?post=259323"},{"taxonomy":"post_tag","embeddable":true,"href":"https:\/\/www.europesays.com\/es\/wp-json\/wp\/v2\/tags?post=259323"}],"curies":[{"name":"wp","href":"https:\/\/api.w.org\/{rel}","templated":true}]}}