{"id":259325,"date":"2025-11-27T23:10:12","date_gmt":"2025-11-27T23:10:12","guid":{"rendered":"https:\/\/www.europesays.com\/es\/259325\/"},"modified":"2025-11-27T23:10:12","modified_gmt":"2025-11-27T23:10:12","slug":"desde-los-seis-meses-toma-solidos","status":"publish","type":"post","link":"https:\/\/www.europesays.com\/es\/259325\/","title":{"rendered":"Desde los seis meses toma s\u00f3lidos"},"content":{"rendered":"<p class=\"c-paragraph\"><a href=\"https:\/\/www.20minutos.es\/tags\/instituciones-empresas\/el-hormiguero.html\" title=\"El hormiguero\" rel=\"nofollow noopener\" target=\"_blank\">El Hormiguero<\/a> cierra su semana de invitados con <a href=\"https:\/\/www.20minutos.es\/tags\/personas\/david-munoz.html\" title=\"David Mu\u00f1oz\" rel=\"nofollow noopener\" target=\"_blank\">Dabiz Mu\u00f1oz<\/a>. El chef ha visitado el programa de Pablo Motos para <b>presentar su c\u00f3mic XOTIME,<\/b> inspirado en sus aventuras gastron\u00f3micas a las que le llevar\u00e1 la b\u00fasqueda de las recetas m\u00e1s incre\u00edbles y sabrosas.<\/p>\n<p class=\"c-paragraph\">Sin embargo, su c\u00f3mic no ha sido lo \u00fanico que ha llevado. Cocinero y presentador han hecho una<b> cata de los nuevos turrones <\/b>que ha lanzado para las navidades. Pizza margarita, pollo,\u00a0galletas con crema ahumada y nachos estilo texmex son los sabores protagonistas de su creaci\u00f3n navide\u00f1a este 2025.<\/p>\n<p class=\"c-paragraph\">Adem\u00e1s de hablar sobre sus proyectos, el chef tambi\u00e9n se ha pronunciado sobre su familia, en concreto sobre su hija Laia, de dos a\u00f1os. \u00abEs un terremoto, es una terrorista. <b>Ha salido a mi y a mi madre, y yo soy la versi\u00f3n descafeinada de ella<\/b>&#8230;\u00bb, brome\u00f3 el chef.\u00a0<\/p>\n<p class=\"c-paragraph\">\u00abPonme un ejemplo\u00bb, quiso saber Pablo Motos en relaci\u00f3n a las travesuras que hace la peque\u00f1a. \u00abHace dos semanas est\u00e1bamos en Per\u00fa y fuimos al restaurante de Gast\u00f3n Acurio. Me llev\u00f3 a mi suegros para que me echasen una mano. <b>Ha sido precioso, pero superintenso<\/b>\u00ab, reconoci\u00f3 el marido de Cristina Pedroche en una primera instancia.\u00a0<\/p>\n<p class=\"c-paragraph\">\u00abHac\u00edamos una cena con un mont\u00f3n de gente supercool de Lima y de Latinoam\u00e9rica. Cuando fui a hablar yo, cojo el micro y escucho gritos de &#8216;pap\u00e1, pap\u00e1&#8217; y la veo que no para de moverse en los brazos de su madre\u00bb, detall\u00f3 sobre el \u00faltimo episodio de Laia. \u00ab<b>A mi me tiene loco y empatizo con ella <\/b>porque veo muchas cosas que me recuerdan a mi y a mi madre\u00bb, reconoci\u00f3 el cocinero.\u00a0<\/p>\n<p class=\"c-paragraph\">\u00abEn el men\u00fa de DiverXO hay un gui\u00f1o a ella que es la cococha de pescadilla de pincho a la brasa con pilpil de hierbas, chuntey indio de tomates asados, garam masala. <b>\u00bfDe verdad un beb\u00e9 de dos a\u00f1os pide cochocas indias?<\/b>\u00ab, le pregunt\u00f3 Motos muy sorprendido. \u00abMi hija desde los seis meses come s\u00f3lidos\u00bb, respondi\u00f3 \u00e9l. \u00abYo com\u00eda plastelina\u00bb matiz\u00f3 el de Requena entre risas.\u00a0<\/p>\n<p class=\"c-paragraph\">A continuaci\u00f3n, Dabiz Mu\u00f1oz explic\u00f3 el motivo por el que la comida favorita de su hija es la cococha: \u00abSi tu a un ni\u00f1o peque\u00f1o le das una textura tan rara, cuando se va haciendo mayor no la extra\u00f1a, y <b>para una ni\u00f1a de seis meses era superfacil.<\/b> Recurr\u00eda a eso cuando quer\u00eda que comiera pescado, porque hay algunos que son m\u00e1s migosos y con seis o siete a\u00f1os me daba miedo\u00bb.<\/p>\n<p class=\"c-paragraph\">Asimismo, el chef matiz\u00f3 en por qu\u00e9 el nombre del plato es tan largo: \u00abNuestro primero viaje gastron\u00f3mico fue a Singapur y hay una cultura de street food impresionante. <b>Todos los d\u00edas com\u00edamos de street food y le d\u00e1bamos para probar<\/b>. Hab\u00eda cosas que le gustaban m\u00e1s, entonces por eso ese plato est\u00e1 inspirado en ella\u00bb. \u00abEres un crack\u00bb, le halag\u00f3 Pablo Motos.<\/p>\n","protected":false},"excerpt":{"rendered":"El Hormiguero cierra su semana de invitados con Dabiz Mu\u00f1oz. El chef ha visitado el programa de Pablo&hellip;\n","protected":false},"author":2,"featured_media":259326,"comment_status":"","ping_status":"","sticky":false,"template":"","format":"standard","meta":{"footnotes":""},"categories":[174],"tags":[4040,255,6341,5813,146,147,25,24,256,5812,23],"class_list":{"0":"post-259325","1":"post","2":"type-post","3":"status-publish","4":"format-standard","5":"has-post-thumbnail","7":"category-famosos","8":"tag-antena-3","9":"tag-celebrities","10":"tag-dabiz-munoz","11":"tag-el-hormiguero","12":"tag-entertainment","13":"tag-entretenimiento","14":"tag-es","15":"tag-espana","16":"tag-famosos","17":"tag-pablo-motos","18":"tag-spain"},"share_on_mastodon":{"url":"https:\/\/pubeurope.com\/@es\/115624190070747711","error":""},"_links":{"self":[{"href":"https:\/\/www.europesays.com\/es\/wp-json\/wp\/v2\/posts\/259325","targetHints":{"allow":["GET"]}}],"collection":[{"href":"https:\/\/www.europesays.com\/es\/wp-json\/wp\/v2\/posts"}],"about":[{"href":"https:\/\/www.europesays.com\/es\/wp-json\/wp\/v2\/types\/post"}],"author":[{"embeddable":true,"href":"https:\/\/www.europesays.com\/es\/wp-json\/wp\/v2\/users\/2"}],"replies":[{"embeddable":true,"href":"https:\/\/www.europesays.com\/es\/wp-json\/wp\/v2\/comments?post=259325"}],"version-history":[{"count":0,"href":"https:\/\/www.europesays.com\/es\/wp-json\/wp\/v2\/posts\/259325\/revisions"}],"wp:featuredmedia":[{"embeddable":true,"href":"https:\/\/www.europesays.com\/es\/wp-json\/wp\/v2\/media\/259326"}],"wp:attachment":[{"href":"https:\/\/www.europesays.com\/es\/wp-json\/wp\/v2\/media?parent=259325"}],"wp:term":[{"taxonomy":"category","embeddable":true,"href":"https:\/\/www.europesays.com\/es\/wp-json\/wp\/v2\/categories?post=259325"},{"taxonomy":"post_tag","embeddable":true,"href":"https:\/\/www.europesays.com\/es\/wp-json\/wp\/v2\/tags?post=259325"}],"curies":[{"name":"wp","href":"https:\/\/api.w.org\/{rel}","templated":true}]}}