{"id":259327,"date":"2025-11-27T23:11:11","date_gmt":"2025-11-27T23:11:11","guid":{"rendered":"https:\/\/www.europesays.com\/es\/259327\/"},"modified":"2025-11-27T23:11:11","modified_gmt":"2025-11-27T23:11:11","slug":"juan-gomila-presenta-en-el-museo-casa-natal-de-jovellanos-su-emblematica-obra-cajas-ambiente-paisajes-urbanos-un-hito-de-la-vanguardia-de-los-70","status":"publish","type":"post","link":"https:\/\/www.europesays.com\/es\/259327\/","title":{"rendered":"Juan Gomila presenta en el Museo Casa Natal de Jovellanos su emblem\u00e1tica obra \u201cCajas Ambiente, Paisajes Urbanos\u201d, un hito de la vanguardia de los 70"},"content":{"rendered":"<p class=\"ft-text ft-helper-closenews ft-helper-align-justify\">El Museo Casa Natal de Jovellanos inaugur\u00f3 esta ma\u00f1ana la exposici\u00f3n de \u201cCajas Ambiente, Paisajes Urbanos\u201d, <a class=\"ft-link ft-link--decoration\" href=\"https:\/\/www.lne.es\/mas-domingo\/2023\/07\/31\/juan-gomila-artista-plastico-haber-90499147.html\" rel=\"nofollow noopener\" target=\"_blank\">una de las obras fundamentales de Juan Gomila<\/a> y <strong>pieza clave de la vanguardia art\u00edstica de los a\u00f1os setenta<\/strong>. La instalaci\u00f3n, presentada por primera vez <strong>en 1973<\/strong>, regresa ahora a Gij\u00f3n tras un <strong>extenso recorrido internacional <\/strong>y lo hace como donaci\u00f3n del propio artista, que ha cedido al museo los elementos conservados de esta obra pionera.<\/p>\n<p class=\"ft-text ft-helper-align-justify\">La <strong>concejala de Cultura, la forista Montserrat L\u00f3pez Moro<\/strong>, subray\u00f3 el valor de la incorporaci\u00f3n de la pieza a las colecciones municipales. \u201cLa obra que conforma esta muestra <strong>pasa a formar parte del Museo de Bellas Artes de la ciudad<\/strong>\u201d, afirm\u00f3, recordando que se trata de \u201cuna pieza fundamental en la trayectoria de Juan Gomila\u201d y una de las primeras experiencias en Asturias en las que el espectador \u201centraba f\u00edsicamente en la obra, rompiendo el car\u00e1cter solemne del objeto art\u00edstico\u201d.<\/p>\n<p>Un retorno simb\u00f3lico a la ciudad donde se form\u00f3<\/p>\n<p class=\"ft-text ft-helper-align-justify\">Para el museo, la llegada de la instalaci\u00f3n supone mucho m\u00e1s que una exposici\u00f3n temporal. As\u00ed lo expres\u00f3 <a class=\"ft-link ft-link--decoration\" href=\"https:\/\/www.lne.es\/gijon\/2024\/07\/01\/saturnino-noval-sucesor-lucia-pelaez-104676975.html\" rel=\"nofollow noopener\" target=\"_blank\">el director del centro, Saturnino Noval<\/a>, visiblemente satisfecho por el regreso de la obra. \u201cHoy estamos emocionados de presentar esta pieza, que <strong>supone una recuperaci\u00f3n patrimonial muy importante para la ciudad<\/strong>\u201d, se\u00f1al\u00f3. Noval destac\u00f3 adem\u00e1s la estrecha relaci\u00f3n del artista con Gij\u00f3n, \u00abaunque no haya nacido aqu\u00ed, <strong>Juan (Gomila) estuvo muy vinculado familiarmente y durante toda su carrera a nuestra ciudad<\/strong>\u201d.<\/p>\n<p class=\"ft-text ft-helper-align-justify\">El director record\u00f3 tambi\u00e9n el papel que el propio Gomila desempe\u00f1\u00f3 en la proyecci\u00f3n exterior del arte asturiano: \u201cLa pieza demuestra la internacionalizaci\u00f3n de nuestros artistas\u201d, apunt\u00f3, citando su paso por la X Bienal de Alejandr\u00eda -donde obtuvo el primer premio- y la Bienal de S\u00e3o Paulo, as\u00ed como su presentaci\u00f3n en espacios clave como el antiguo Museo Espa\u00f1ol de Arte Contempor\u00e1neo o la hist\u00f3rica galer\u00eda Tantra, \u201c<strong>vanguardista y fundamental en los a\u00f1os 70<\/strong>\u201d.<\/p>\n<p>Una obra que invita a entrar, mover y tocar<\/p>\n<p class=\"ft-text ft-helper-align-justify\">\u201cCajas Ambiente, Paisajes Urbanos\u201d se presenta en el museo como una reconstrucci\u00f3n fiel de aquella instalaci\u00f3n que, desde 1973, <strong>propon\u00eda al espectador un papel activo<\/strong>: entrar en las cajas, desplazarlas y recomponer el espacio. La obra reflexiona sobre la ciudad, sus movimientos, sus c\u00f3digos visuales y <strong>la relaci\u00f3n corporal del ciudadano con el paisaje urbano<\/strong>.<\/p>\n<p class=\"ft-text ft-helper-align-justify\">La instalaci\u00f3n podr\u00e1 visitarse en el Museo Casa Natal Jovellanos <strong>hasta el pr\u00f3ximo mes de abril<\/strong>. Desde el museo se invita expresamente al p\u00fablico a <strong>entrar, tocar y recorrer la obra<\/strong>, recuperando <a class=\"ft-link ft-link--decoration\" href=\"https:\/\/www.lne.es\/sociedad\/2022\/05\/22\/artistas-mueren-estudio-trabajando-66384150.html\" rel=\"nofollow noopener\" target=\"_blank\">el esp\u00edritu l\u00fadico y experimental que defini\u00f3 a Gomila<\/a> y a la vanguardia art\u00edstica gijonesa de los\u00a0a\u00f1os\u00a0setenta.<\/p>\n<p data-close=\"closedContent\" class=\"subscribeHideForDisplay\">Suscr\u00edbete para seguir leyendo<\/p>\n","protected":false},"excerpt":{"rendered":"El Museo Casa Natal de Jovellanos inaugur\u00f3 esta ma\u00f1ana la exposici\u00f3n de \u201cCajas Ambiente, Paisajes Urbanos\u201d, una de&hellip;\n","protected":false},"author":2,"featured_media":259328,"comment_status":"","ping_status":"","sticky":false,"template":"","format":"standard","meta":{"footnotes":""},"categories":[173],"tags":[229,233,231,230,385,209,232,234,146,147,25,24,2003,64941,409,470,64942,474,2782,23],"class_list":{"0":"post-259327","1":"post","2":"type-post","3":"status-publish","4":"format-standard","5":"has-post-thumbnail","7":"category-arte-y-diseno","8":"tag-arte","9":"tag-arte-y-diseno","10":"tag-arts","11":"tag-arts-and-design","12":"tag-casa","13":"tag-cultura","14":"tag-design","15":"tag-diseno","16":"tag-entertainment","17":"tag-entretenimiento","18":"tag-es","19":"tag-espana","20":"tag-exposicion","21":"tag-gomila","22":"tag-juan","23":"tag-museo","24":"tag-museo-casa-natal-de-jovellanos","25":"tag-obras","26":"tag-presenta","27":"tag-spain"},"share_on_mastodon":{"url":"https:\/\/pubeurope.com\/@es\/115624193741938045","error":""},"_links":{"self":[{"href":"https:\/\/www.europesays.com\/es\/wp-json\/wp\/v2\/posts\/259327","targetHints":{"allow":["GET"]}}],"collection":[{"href":"https:\/\/www.europesays.com\/es\/wp-json\/wp\/v2\/posts"}],"about":[{"href":"https:\/\/www.europesays.com\/es\/wp-json\/wp\/v2\/types\/post"}],"author":[{"embeddable":true,"href":"https:\/\/www.europesays.com\/es\/wp-json\/wp\/v2\/users\/2"}],"replies":[{"embeddable":true,"href":"https:\/\/www.europesays.com\/es\/wp-json\/wp\/v2\/comments?post=259327"}],"version-history":[{"count":0,"href":"https:\/\/www.europesays.com\/es\/wp-json\/wp\/v2\/posts\/259327\/revisions"}],"wp:featuredmedia":[{"embeddable":true,"href":"https:\/\/www.europesays.com\/es\/wp-json\/wp\/v2\/media\/259328"}],"wp:attachment":[{"href":"https:\/\/www.europesays.com\/es\/wp-json\/wp\/v2\/media?parent=259327"}],"wp:term":[{"taxonomy":"category","embeddable":true,"href":"https:\/\/www.europesays.com\/es\/wp-json\/wp\/v2\/categories?post=259327"},{"taxonomy":"post_tag","embeddable":true,"href":"https:\/\/www.europesays.com\/es\/wp-json\/wp\/v2\/tags?post=259327"}],"curies":[{"name":"wp","href":"https:\/\/api.w.org\/{rel}","templated":true}]}}