{"id":259370,"date":"2025-11-27T23:44:09","date_gmt":"2025-11-27T23:44:09","guid":{"rendered":"https:\/\/www.europesays.com\/es\/259370\/"},"modified":"2025-11-27T23:44:09","modified_gmt":"2025-11-27T23:44:09","slug":"los-militares-nombran-un-lider-de-la-transicion","status":"publish","type":"post","link":"https:\/\/www.europesays.com\/es\/259370\/","title":{"rendered":"los militares nombran un l\u00edder de la transici\u00f3n"},"content":{"rendered":"<p>La Junta Militar que este pasado mi\u00e9rcoles tom\u00f3 el poder en <strong>Guinea Bissau<\/strong> ha nombrado al general Horta N&#8217;ta, hasta ahora jefe del Estado Mayor, como responsable del Gobierno para dirigir una supuesta transici\u00f3n que salvaguarde \u00abla democracia y la estabilidad pol\u00edtica\u00bb.<\/p>\n<p>La Junta, que se hace llamar Alto Comando Militar para el Restablecimiento de la Seguridad Nacional y el Orden P\u00fablico, ha comunicado adem\u00e1s la <strong>prohibici\u00f3n de manifestaciones, huelgas<\/strong> y cualquier acci\u00f3n \u00abque perturbe la paz y la estabilidad del pa\u00eds\u00bb, informa Efe. <\/p>\n<p>En un comunicado difundido por la televisi\u00f3n p\u00fablica, la Junta militar ha ordenado la apertura y reanudaci\u00f3n del funcionamiento normal de las escuelas y centros de formaci\u00f3n p\u00fablicos y privados, as\u00ed como de los mercados, centros comerciales y todas las instituciones privadas. El toque de queda decretado entre las 19:00 y las 6:00 horas quedar\u00e1 anulado a partir del viernes. <\/p>\n<p>En la capital, <strong>Bis\u00e1u<\/strong>, <strong>se han desplegado refuerzos militares<\/strong> en puntos estrat\u00e9gicos.<\/p>\n<p>El golpe de Estado se produjo en v\u00edsperas de la publicaci\u00f3n de los resultados de las elecciones presidenciales celebradas el pasado domingo, en las que se enfrentaron el actual presidente, <strong>Umaro Sissoco Embalo<\/strong>, y el aspirante <strong>Fernando Dias. <\/strong>Ambos se hab\u00edan atribuido la victoria antes de terminar el recuento.<\/p>\n<p>Embalo contin\u00faa detenido, al igual que el general Biagu\u00ea Na N&#8217;tam y el teniente general Mamadu Tur\u00e9. <\/p>\n<p>La UE pide la vuelta al orden constitucional<\/p>\n<p>La Comisi\u00f3n Europea (CE) ha expresado su inquietud por el golpe militar y ha instado a regresar al orden constitucional y reanudar el proceso electoral.<\/p>\n<p>El portavoz de la CE Anouar El Anouni, ha asegurado en un comunicado que el recuento de votos de las elecciones \u00abdeber\u00eda continuar dentro de previsto\u00bb y  que los resultados de las elecciones presidenciales y legislativas \u00abdeber\u00edan ser respetados por todas las partes\u00bb. <\/p>\n<p>Guinea-Bis\u00e1u es uno de los pa\u00edses m\u00e1s inestables de \u00c1frica. Desde su independencia de Portugal, en 1974, ha sufrido cuatro golpes de Estado exitosos (1980, 1998\/99, 2003 y 2012) y varios intentos.<\/p>\n","protected":false},"excerpt":{"rendered":"La Junta Militar que este pasado mi\u00e9rcoles tom\u00f3 el poder en Guinea Bissau ha nombrado al general Horta&hellip;\n","protected":false},"author":2,"featured_media":259371,"comment_status":"","ping_status":"","sticky":false,"template":"","format":"standard","meta":{"footnotes":""},"categories":[42],"tags":[17,18,13,14,11,61,62,63,64,19,20,9,10,15,16,12,21,22,65,66,67],"class_list":{"0":"post-259370","1":"post","2":"type-post","3":"status-publish","4":"format-standard","5":"has-post-thumbnail","7":"category-internacional","8":"tag-breaking-news","9":"tag-breakingnews","10":"tag-featured-news","11":"tag-featurednews","12":"tag-headlines","13":"tag-internacional","14":"tag-international","15":"tag-international-news","16":"tag-internationalnews","17":"tag-latest-news","18":"tag-latestnews","19":"tag-news","20":"tag-noticias","21":"tag-noticias-destacadas","22":"tag-noticiasdestacadas","23":"tag-titulares","24":"tag-ultimas-noticias","25":"tag-ultimasnoticias","26":"tag-world","27":"tag-world-news","28":"tag-worldnews"},"share_on_mastodon":{"url":"https:\/\/pubeurope.com\/@es\/115624323696951279","error":""},"_links":{"self":[{"href":"https:\/\/www.europesays.com\/es\/wp-json\/wp\/v2\/posts\/259370","targetHints":{"allow":["GET"]}}],"collection":[{"href":"https:\/\/www.europesays.com\/es\/wp-json\/wp\/v2\/posts"}],"about":[{"href":"https:\/\/www.europesays.com\/es\/wp-json\/wp\/v2\/types\/post"}],"author":[{"embeddable":true,"href":"https:\/\/www.europesays.com\/es\/wp-json\/wp\/v2\/users\/2"}],"replies":[{"embeddable":true,"href":"https:\/\/www.europesays.com\/es\/wp-json\/wp\/v2\/comments?post=259370"}],"version-history":[{"count":0,"href":"https:\/\/www.europesays.com\/es\/wp-json\/wp\/v2\/posts\/259370\/revisions"}],"wp:featuredmedia":[{"embeddable":true,"href":"https:\/\/www.europesays.com\/es\/wp-json\/wp\/v2\/media\/259371"}],"wp:attachment":[{"href":"https:\/\/www.europesays.com\/es\/wp-json\/wp\/v2\/media?parent=259370"}],"wp:term":[{"taxonomy":"category","embeddable":true,"href":"https:\/\/www.europesays.com\/es\/wp-json\/wp\/v2\/categories?post=259370"},{"taxonomy":"post_tag","embeddable":true,"href":"https:\/\/www.europesays.com\/es\/wp-json\/wp\/v2\/tags?post=259370"}],"curies":[{"name":"wp","href":"https:\/\/api.w.org\/{rel}","templated":true}]}}