{"id":259400,"date":"2025-11-28T00:06:10","date_gmt":"2025-11-28T00:06:10","guid":{"rendered":"https:\/\/www.europesays.com\/es\/259400\/"},"modified":"2025-11-28T00:06:10","modified_gmt":"2025-11-28T00:06:10","slug":"deutsche-borse-y-allfunds-confirman-conversaciones-exclusivas-para-una-fusion","status":"publish","type":"post","link":"https:\/\/www.europesays.com\/es\/259400\/","title":{"rendered":"Deutsche B\u00f6rse y Allfunds confirman conversaciones exclusivas para una fusi\u00f3n"},"content":{"rendered":"<p>Tras los rumores recogidos por la prensa econ\u00f3mica los \u00faltimos d\u00edas, <b>Allfunds<\/b> y Deutsche B\u00f6rse han emitido sendos comunicados confirmando que est\u00e1n en \u201cnegociaciones en exclusiva\u201d ante una posible adquisici\u00f3n de la <b>totalidad del capital social emitido y a emitir <\/b>de Allfunds por parte de Deutsche B\u00f6rse.<\/p>\n<p>\u201cAllfunds confirma que ha sido contactada por Deutsche B\u00f6rse AG (Deutsche B\u00f6rse) y que mantiene negociaciones exclusivas con esta en relaci\u00f3n con una posible adquisici\u00f3n de Allfunds por parte de Deutsche B\u00f6rse. El <b>consejo de administraci\u00f3n<\/b> de Allfunds ha acordado por unanimidad que Allfunds entre en un <b>periodo de exclusividad<\/b> sobre la base de la propuesta presentada por Deutsche B\u00f6rse\u201d, explica <b>Allfunds<\/b> acerca de la propuesta en su comunicado.\u00a0<\/p>\n<p>Por su parte, desde <b>Deutsche B\u00f6rse<\/b> se muestran prudente y recuerdan que \u201cel anuncio de cualquier oferta vinculante relativa a una posible adquisici\u00f3n est\u00e1 sujeto al cumplimiento o, en su caso, dispensa de una serie de condiciones previas habituales, incluyendo, entre otras, la realizaci\u00f3n satisfactoria de un proceso de due diligence habitual sobre Allfunds, la finalizaci\u00f3n de la documentaci\u00f3n definitiva de la operaci\u00f3n y la aprobaci\u00f3n final de los consejos de administraci\u00f3n de Deutsche B\u00f6rse y Allfunds.<\/p>\n<p>En s\u00ed, <b>la propuesta lanzada<\/b> implica una contraprestaci\u00f3n total de <b>8,80 euros por acci\u00f3n<\/b> de Allfunds, lo que supone valorar la compa\u00f1\u00eda en<b> 5.290 millones de euros<\/b>. Sobre c\u00f3mo se har\u00eda este desembolso, se explica que se abonar\u00edan 4,30 euros por acci\u00f3n de Allfunds en efectivo; 4,30 euros en nuevas acciones de Deutsche B\u00f6rse por cada acci\u00f3n de Allfunds \u2013 calculados sobre la base del precio medio ponderado por volumen (VWAP) de las acciones de Deutsche B\u00f6rse de los \u00faltimos 10 d\u00edas sin alteraciones previos al anuncio; y 0,20 euros por acci\u00f3n de Allfunds correspondientes al ejercicio 2025, en concepto de dividendo en efectivo permitido que ser\u00e1 pagado por Allfunds en 2026.<\/p>\n<p><b>Los motivos de Deutsche B\u00f6rse<\/b><\/p>\n<p>Desde Deutsche B\u00f6rse Group afirman que creen firmemente en la \u201cs\u00f3lida justificaci\u00f3n estrat\u00e9gica, comercial y financiera\u201d de combinar Allfunds con el segmento de negocio de servicios de fondos de Deutsche B\u00f6rse Group. \u201cEsta posible combinaci\u00f3n empresarial representar\u00eda una nueva consolidaci\u00f3n exitosa, creando un aut\u00e9ntico <b>ecosistema paneuropeo<\/b>. Reducir\u00eda la fragmentaci\u00f3n en la industria europea de fondos de inversi\u00f3n y dar\u00eda lugar a un negocio armonizado con alcance global, que desempe\u00f1ar\u00eda un papel clave a la hora de seguir facilitando la canalizaci\u00f3n del ahorro minorista hacia asignaciones de capital productivo, como los fondos de inversi\u00f3n. Se espera que la combinaci\u00f3n genere importantes eficiencias operativas y sinergias de costes entre plataformas y servicios, permita una racionalizaci\u00f3n de la capacidad de inversi\u00f3n y fomente una mayor innovaci\u00f3n para los clientes, con un acceso al mercado a\u00fan m\u00e1s r\u00e1pido. En conjunto, se prev\u00e9 que los clientes y los mercados de renta variable de la UE se beneficien significativamente del refuerzo de la estructura de una plataforma combinada de este tipo\u201d, se\u00f1ala Deutsche B\u00f6rse en su comunicado.<\/p>\n<p>Y a\u00f1ade: \u201cDeutsche B\u00f6rse Group es un firme defensor de que un sector de fondos pr\u00f3spero es esencial para el estatus de la UE como centro financiero relevante a nivel global. La operaci\u00f3n propuesta estar\u00eda en l\u00ednea con la estrategia de Deutsche B\u00f6rse y subrayar\u00eda a\u00fan m\u00e1s su compromiso y esfuerzo continuos por reforzar los mercados de capitales europeos y su competitividad global, tal y como se contempla en la Savings and Investments Union (SIU)\u201d.<\/p>\n<p><b>Siguientes pasos<\/b><\/p>\n<p>Desde ambas compa\u00f1\u00edas recuerdan que el anuncio de cualquier oferta vinculante relacionada con la propuesta est\u00e1 supeditado al cumplimiento o, en su caso, dispensa de una serie de condiciones previas habituales, incluyendo, entre otras cosas, la realizaci\u00f3n satisfactoria de una revisi\u00f3n de due diligence habitual sobre Allfunds, la finalizaci\u00f3n de la documentaci\u00f3n definitiva de la operaci\u00f3n y la aprobaci\u00f3n de los consejos de administraci\u00f3n de Deutsche B\u00f6rse y Allfunds.<\/p>\n<p>\u201cNo puede haber ninguna certeza respecto a la conclusi\u00f3n de un acuerdo futuro con Deutsche B\u00f6rse o cualquier otra parte en relaci\u00f3n con una posible operaci\u00f3n, ni sobre los t\u00e9rminos de cualquier posible operaci\u00f3n (en caso de acordarse)\u201d, indican desde Allfunds.<\/p>\n<p>Allfunds empez\u00f3 a cotizar en Euronext Amsterdam en abril de 2021, despu\u00e9s de colocar casi un 30% del capital a un precio de 11,5 euros por acci\u00f3n. En su primer d\u00eda de negociaci\u00f3n, el valor se anot\u00f3 el 20%.<\/p>\n","protected":false},"excerpt":{"rendered":"Tras los rumores recogidos por la prensa econ\u00f3mica los \u00faltimos d\u00edas, Allfunds y Deutsche B\u00f6rse han emitido sendos&hellip;\n","protected":false},"author":2,"featured_media":259401,"comment_status":"","ping_status":"","sticky":false,"template":"","format":"standard","meta":{"footnotes":""},"categories":[80],"tags":[82,95,94,25,24,23],"class_list":{"0":"post-259400","1":"post","2":"type-post","3":"status-publish","4":"format-standard","5":"has-post-thumbnail","7":"category-economia","8":"tag-business","9":"tag-economia","10":"tag-economy","11":"tag-es","12":"tag-espana","13":"tag-spain"},"share_on_mastodon":{"url":"https:\/\/pubeurope.com\/@es\/115624410192475633","error":""},"_links":{"self":[{"href":"https:\/\/www.europesays.com\/es\/wp-json\/wp\/v2\/posts\/259400","targetHints":{"allow":["GET"]}}],"collection":[{"href":"https:\/\/www.europesays.com\/es\/wp-json\/wp\/v2\/posts"}],"about":[{"href":"https:\/\/www.europesays.com\/es\/wp-json\/wp\/v2\/types\/post"}],"author":[{"embeddable":true,"href":"https:\/\/www.europesays.com\/es\/wp-json\/wp\/v2\/users\/2"}],"replies":[{"embeddable":true,"href":"https:\/\/www.europesays.com\/es\/wp-json\/wp\/v2\/comments?post=259400"}],"version-history":[{"count":0,"href":"https:\/\/www.europesays.com\/es\/wp-json\/wp\/v2\/posts\/259400\/revisions"}],"wp:featuredmedia":[{"embeddable":true,"href":"https:\/\/www.europesays.com\/es\/wp-json\/wp\/v2\/media\/259401"}],"wp:attachment":[{"href":"https:\/\/www.europesays.com\/es\/wp-json\/wp\/v2\/media?parent=259400"}],"wp:term":[{"taxonomy":"category","embeddable":true,"href":"https:\/\/www.europesays.com\/es\/wp-json\/wp\/v2\/categories?post=259400"},{"taxonomy":"post_tag","embeddable":true,"href":"https:\/\/www.europesays.com\/es\/wp-json\/wp\/v2\/tags?post=259400"}],"curies":[{"name":"wp","href":"https:\/\/api.w.org\/{rel}","templated":true}]}}