{"id":259412,"date":"2025-11-28T00:17:26","date_gmt":"2025-11-28T00:17:26","guid":{"rendered":"https:\/\/www.europesays.com\/es\/259412\/"},"modified":"2025-11-28T00:17:26","modified_gmt":"2025-11-28T00:17:26","slug":"quien-es-chase-audige-el-escolta-que-puede-llegar-a-espana","status":"publish","type":"post","link":"https:\/\/www.europesays.com\/es\/259412\/","title":{"rendered":"Qui\u00e9n es Chase Audige, el escolta que puede llegar a Espa\u00f1a"},"content":{"rendered":"<p>Despu\u00e9s de una temporada destacada en Oostende, ha tenido un buen arranque en la Liga Adri\u00e1tica<\/p>\n<p>Chase Audige es el jugador elegido para reforzar el per\u00edmetro del Unicaja en este tramo de la temporada, seg\u00fan informa Chema de Lucas. Escolta con pasaporte jamaicano (cotonou), ya conoci\u00f3 al Unicaja en su enfrentamiento de BCL la temporada pasada cuando militaba en el Oostende belga. <\/p>\n<p>Nacido en Pensilvania y con 1,93  metros de altura, se form\u00f3 en la NCAA durante cuatro cursos -uno en William &amp; Mary Tribe y Northwestern Wildcats- y con un paso por la G League en las estructuras de Washington y Chicago, dio el salto a Europa con un papel destacado en la BCL, promediando 14,8 puntos, m\u00e1s de 4 rebotes y 3 asistencias. Esta campa\u00f1a ha competido en el Bosna Sarajevo, donde manten\u00eda buenos n\u00fameros en la FIBA Europe Cup.<\/p>\n<p>M\u00e1s | <a href=\"https:\/\/www.gigantes.com\/liga-endesa\/palabras-juanma-rodriguez-situacion-xavier-castaneda-unicaja\/\" rel=\"nofollow noopener\" target=\"_blank\">Las palabras de Juanma Rodr\u00edguez sobre la situaci\u00f3n de Xavier Casta\u00f1eda en el Unicaja<\/a><\/p>\n<p>La trayectoria de Chase Audige: equipos y ligas<\/p>\n<ul class=\"wp-block-list\">\n<li><strong>William &amp; Mary Tribe<\/strong>, 2018-2019 (NCAA)<\/li>\n<li><strong>Northwestern Wildcats<\/strong>, 2020-2023 (NCAA)<\/li>\n<li><strong>Capital City Go-Go<\/strong>, 2023-2024 (G League)<\/li>\n<li><strong>Windy City Bulls<\/strong>, 2023-2024 (G League)<\/li>\n<li><strong>Filou Oostende<\/strong>, 2024-25 (BNXT League, B\u00e9lgica)<\/li>\n<li><strong>Bosna Sarajevo<\/strong>, 2025-2026 (Liga ABA)<\/li>\n<\/ul>\n<p>As\u00ed juega Chase Audige<\/p>\n<p>Las estad\u00edsticas de Chase Audige esta temporada en la Liga Adri\u00e1tica<\/p>\n<ul class=\"wp-block-list\">\n<li>10,6 puntos<\/li>\n<li>39,3% acierto en tiros de campo<\/li>\n<li>35,0% de acierto en triples<\/li>\n<li>66,7 % de acierto en tiros libres<\/li>\n<li>1,4 rebotes<\/li>\n<li>0,4 asistencias<\/li>\n<li>1,9 robos<\/li>\n<li>6,3 valoraci\u00f3n<\/li>\n<\/ul>\n<p><img decoding=\"async\" src=\"https:\/\/www.europesays.com\/es\/wp-content\/uploads\/2025\/11\/1764289043_961_mtracking.gif\" alt=\"Etiquetas de Mautic\" style=\"display:none;\"\/><\/p>\n<p>\t\t\t\t\t\t<a href=\"https:\/\/www.gigantes.com\/tienda\/hemeroteca\/especial-40-aniversario-gigantes-del-basket-no-1-562-noviembre-2025\/\" target=\"_blank\" rel=\"noopener nofollow\"><br \/>\n\t\t\t\t\t\t\t<img decoding=\"async\" src=\"https:\/\/www.europesays.com\/es\/wp-content\/uploads\/2025\/11\/cropped-40.jpg\" alt=\"cropped-40.jpg\"\/><br \/>\n\t\t\t\t\t\t<\/a><\/p>\n<p class=\"magazine-meta\">\n\t\t\t\t\t\t\t\t\t\t\t\t\t\t\t\t\t1562<br \/>\n\t\t\t\t\t\t\t\t\t\t\t\t\t\t\t\t\t\t\t\t\t\t\t\t\t |<br \/>\n\t\t\t\t\t\t\t\t\t\t\t\t\t\t\t\t\t\t\t\t\t\t\t\t\tNoviembre 2025\n\t\t\t\t\t\t\t\t\t\t\t\t\t\t\t<\/p>\n<p class=\"magazine-description\">Testigos del baloncesto. Cumplimos 40 a\u00f1os. Una edici\u00f3n diferente, llena de curiosidades, opiniones, gui\u00f1os, historia y cari\u00f1o. Cuatro d\u00e9cadas fusionando basket y papel.<\/p>\n<p>\t\t\t\t\t<a href=\"https:\/\/www.gigantes.com\/tienda\/hemeroteca\/especial-40-aniversario-gigantes-del-basket-no-1-562-noviembre-2025\/\" class=\"btn-primary\" target=\"_blank\" rel=\"noopener nofollow\">Comprar<\/a><\/p>\n","protected":false},"excerpt":{"rendered":"Despu\u00e9s de una temporada destacada en Oostende, ha tenido un buen arranque en la Liga Adri\u00e1tica Chase Audige&hellip;\n","protected":false},"author":2,"featured_media":259413,"comment_status":"","ping_status":"","sticky":false,"template":"","format":"standard","meta":{"footnotes":""},"categories":[269],"tags":[299,298,168,25,24,23,167],"class_list":{"0":"post-259412","1":"post","2":"type-post","3":"status-publish","4":"format-standard","5":"has-post-thumbnail","7":"category-baloncesto","8":"tag-baloncesto","9":"tag-basketball","10":"tag-deportes","11":"tag-es","12":"tag-espana","13":"tag-spain","14":"tag-sports"},"share_on_mastodon":{"url":"https:\/\/pubeurope.com\/@es\/115624453746461134","error":""},"_links":{"self":[{"href":"https:\/\/www.europesays.com\/es\/wp-json\/wp\/v2\/posts\/259412","targetHints":{"allow":["GET"]}}],"collection":[{"href":"https:\/\/www.europesays.com\/es\/wp-json\/wp\/v2\/posts"}],"about":[{"href":"https:\/\/www.europesays.com\/es\/wp-json\/wp\/v2\/types\/post"}],"author":[{"embeddable":true,"href":"https:\/\/www.europesays.com\/es\/wp-json\/wp\/v2\/users\/2"}],"replies":[{"embeddable":true,"href":"https:\/\/www.europesays.com\/es\/wp-json\/wp\/v2\/comments?post=259412"}],"version-history":[{"count":0,"href":"https:\/\/www.europesays.com\/es\/wp-json\/wp\/v2\/posts\/259412\/revisions"}],"wp:featuredmedia":[{"embeddable":true,"href":"https:\/\/www.europesays.com\/es\/wp-json\/wp\/v2\/media\/259413"}],"wp:attachment":[{"href":"https:\/\/www.europesays.com\/es\/wp-json\/wp\/v2\/media?parent=259412"}],"wp:term":[{"taxonomy":"category","embeddable":true,"href":"https:\/\/www.europesays.com\/es\/wp-json\/wp\/v2\/categories?post=259412"},{"taxonomy":"post_tag","embeddable":true,"href":"https:\/\/www.europesays.com\/es\/wp-json\/wp\/v2\/tags?post=259412"}],"curies":[{"name":"wp","href":"https:\/\/api.w.org\/{rel}","templated":true}]}}