{"id":259416,"date":"2025-11-28T00:19:09","date_gmt":"2025-11-28T00:19:09","guid":{"rendered":"https:\/\/www.europesays.com\/es\/259416\/"},"modified":"2025-11-28T00:19:09","modified_gmt":"2025-11-28T00:19:09","slug":"no-hay-que-tener-miedo-a-la-cultura-sino-a-la-ignorancia","status":"publish","type":"post","link":"https:\/\/www.europesays.com\/es\/259416\/","title":{"rendered":"No hay que tener miedo a la cultura, sino a la ignorancia"},"content":{"rendered":"<p class=\"article-text\">\n        \u201cNunca me he olvidado de pisar la calle, <strong>de salir cuando hab\u00eda que salir<\/strong> y cuando pensaba que era desastroso lo que pasaba. Con la dictadura, con los grises, con los secretas detr\u00e1s, daba igual\u201d, con esas emotivas y combativas palabras recog\u00eda la actriz <strong>Marisa Paredes<\/strong> el <a href=\"https:\/\/www.infolibre.es\/club-infolibre\/premios-infolibre-2023-animan-defender-democracia-frente-odio-recuerdan-sufrimiento-palestino_1_1649444.html\" target=\"_blank\" class=\"link\" rel=\"nofollow noopener\">Premio infoLibre 2023<\/a>, un galard\u00f3n que la reconoc\u00eda no s\u00f3lo por una carrera brillante en la interpretaci\u00f3n, sino tambi\u00e9n por toda una vida de compromiso y de lucha por infinidad de causas justas. <strong>Desde el \u201cNo a la guerra\u201d hasta el feminismo<\/strong>, Paredes quiso reivindicar su camino en la defensa de la democracia y sus valores a la vez que celebraba en un discurso inolvidable en el Ateneo de Madrid la concesi\u00f3n de un premio que recib\u00eda \u201cnerviosa\u201d.\n    <\/p>\n<p class=\"article-text\">\n        Sin embargo, poco m\u00e1s de un a\u00f1o despu\u00e9s de ese momento, la actriz <a href=\"https:\/\/www.infolibre.es\/cultura\/marisa-paredes-actriz-activista-dama-escena-parte-integral-vidas_1_1917213.html\" target=\"_blank\" class=\"link\" rel=\"nofollow noopener\">mor\u00eda de forma sorpresiva<\/a> en su casa de Madrid a los 78 a\u00f1os, dejando al mundo de la cultura y del activismo hu\u00e9rfanos, pero tambi\u00e9n a todos los que forman parte de <strong>infoLibre<\/strong>. Este a\u00f1o, desde el peri\u00f3dico se ha querido hacer un <strong>homenaje a Paredes y a su compromiso pol\u00edtico<\/strong> social, adem\u00e1s de a su gran talento interpretativo. Por ese motivo, a partir de ahora el Premio infoLibre a la Cultura pasar\u00e1 a llamarse <strong>Premio Marisa Paredes a la Cultura<\/strong>. De esa forma se suma al Premio Almudena Grandes al Derecho a la Informaci\u00f3n, que en este caso homenajea a la escritora.\u00a0\n    <\/p>\n<p class=\"article-text\">\n        Antes de entregar el galard\u00f3n, la hija de Marisa Paredes, Mar\u00eda Isasi, ha querido dirigir unas palabras al Ateneo en recuerdo a su madre. \u201c<strong>Gracias a la familia infoLibre<\/strong> por este regalo tan hermoso\u201d, dijo, para proseguir citando un discurso de su madre: \u201cNo hay que tener miedo a la cultura ni al entretenimiento. <strong>Hay que tener miedo a la ignorancia<\/strong> y al dogmatismo, hay que tener miedo a la guerra\u201d\n    <\/p>\n<p class=\"article-text\">\n        Su discurso dio paso a la entrega del premio para la obra de teatro <strong>1936<\/strong>, una de las m\u00e1s exitosas de toda la temporada y que retrata c\u00f3mo fueron los momentos previos y posteriores al golpe de Estado y la Guerra Civil. Lo hace mediante una <strong>impactante puesta en escena<\/strong> y unas actuaciones excelentes, que han llenado durante dos temporadas la Sala Grande del Teatro Valle Incl\u00e1n que ahora est\u00e1 de gira por Espa\u00f1a.\u00a0\n    <\/p>\n<p>            <img decoding=\"async\" class=\"lazy\" src=\"data:image\/svg+xml,%3Csvg xmlns=\" http:=\"\" viewbox=\"0 0 3024 2012\" alt=\"\"\/><\/p>\n<p class=\"article-text\">\n        El encargado de recoger el reconocimiento ha sido <strong>Andr\u00e9s Lima<\/strong>, uno de sus directores y tambi\u00e9n uno de los autores del texto, de manos de la propia Isasi y de Nacho Calle, subdirector de infoLibre. Lima asegur\u00f3 que era un \u201cpedazo de honor\u201d recoger un premio nombrado con Marisa Paredes y dio las gracias de parte del equipo el reconocimiento, ya que actualmente est\u00e1n actuando en C\u00e1diz ante un p\u00fablico de m\u00e1s de 1.000 estudiantes. \u201cAgradecemos que un grupo de periodistas de prestigio y compromiso con la verdad nos entregue este premio, porque nuestro montaje <strong>apela precisamente a la verdad<\/strong> tanto tiempo escondida y tergiversada\u201d, coment\u00f3 el director.\u00a0\n    <\/p>\n<p class=\"article-text\">\n        \u201c1936 es una obra coral, de grupo, dan la mano para <strong>crear obra de arte para que remueva al p\u00fablico<\/strong>\u201d, continu\u00f3 Lima, que hizo referencia a como la guerra de Ucrania y el genocidio en Gaza han \u201cresonado\u201d durante la representaci\u00f3n de la obra. \u201cTodos tenemos la guerra dentro\u201d, lament\u00f3. Para acabar, el director quiso dedicar el premio a los m\u00e1s de <strong>114.000 desaparecidos por el franquismo<\/strong>, a sus familiares y a quienes sufrieron la persecuci\u00f3n en una dictadura que \u201cno se deber\u00eda repetir jam\u00e1s\u201d.\n    <\/p>\n<p class=\"article-text\">\n        Paredes siempre estuvo comprometida con los valores que este diario defiende, participando en <strong>decenas de eventos<\/strong> y de iniciativas impulsadas por <strong>infoLibre<\/strong>. Su \u00faltima aparici\u00f3n en uno de ellos fue una de las m\u00e1s recordadas, ya que estremeci\u00f3 al p\u00fablico leyendo <a href=\"https:\/\/www.infolibre.es\/politica\/volver-ocurrir-infolibre-reivindica-memoria-mujeres-represaliadas_1_1874207.html\" target=\"_blank\" class=\"link\" rel=\"nofollow noopener\">tres testimonios en forma de carta de las Trece Rosas<\/a>, en un evento llamado Mujer y Memoria, que recordaba la represi\u00f3n de las mujeres durante el franquismo y la Guerra Civil. All\u00ed dej\u00f3 un mensaje a todos los j\u00f3venes: \u201cOs aseguro que cuando os hablan de la dictadura <strong>no fue solo la guerra, dur\u00f3 hasta que muri\u00f3 el dictador<\/strong>, y todav\u00eda hay quien quiere que vuelva, no os dej\u00e9is enga\u00f1ar, ser libres y pensad por vosotros mismos\u201d.\n    <\/p>\n<p class=\"article-text\">\n        A lo largo de su vida, Paredes acumul\u00f3 reconocimientos y pel\u00edculas inolvidables, sobre todo asociada a <strong>Pedro Almod\u00f3var<\/strong>. Su figura trascendi\u00f3 Espa\u00f1a y se convirti\u00f3 en una de las actrices <strong>m\u00e1s m\u00edticas y queridas del cine europeo<\/strong>. En su filmograf\u00eda se encuentran actuaciones en algunas de las cintas m\u00e1s importantes del director manchego como Todo sobre mi madre, Tacones lejanos, Hable con ella, La flor de mi secreto o La piel que habito, pero tambi\u00e9n en otras como La vida es bella o Profundo carmes\u00ed. Adem\u00e1s, fue <strong>directora de la Academia<\/strong> Artes y las Ciencias Cinematogr\u00e1ficas de Espa\u00f1a durante 3 a\u00f1os y recibi\u00f3 galardones tan importantes como el Premio Nacional de Cinematograf\u00eda, la Medalla de Oro al M\u00e9rito en las Bellas Artes o el Goya de Honor.\n    <\/p>\n","protected":false},"excerpt":{"rendered":"\u201cNunca me he olvidado de pisar la calle, de salir cuando hab\u00eda que salir y cuando pensaba que&hellip;\n","protected":false},"author":2,"featured_media":259417,"comment_status":"","ping_status":"","sticky":false,"template":"","format":"standard","meta":{"footnotes":""},"categories":[174],"tags":[33392,255,209,146,147,25,24,1719,256,1634,44666,64955,5486,689,29850,843,23],"class_list":{"0":"post-259416","1":"post","2":"type-post","3":"status-publish","4":"format-standard","5":"has-post-thumbnail","7":"category-famosos","8":"tag-33392","9":"tag-celebrities","10":"tag-cultura","11":"tag-entertainment","12":"tag-entretenimiento","13":"tag-es","14":"tag-espana","15":"tag-estrena","16":"tag-famosos","17":"tag-hay","18":"tag-ignorancia","19":"tag-marisa","20":"tag-miedo","21":"tag-no","22":"tag-paredes","23":"tag-premio","24":"tag-spain"},"share_on_mastodon":{"url":"https:\/\/pubeurope.com\/@es\/115624461413665586","error":""},"_links":{"self":[{"href":"https:\/\/www.europesays.com\/es\/wp-json\/wp\/v2\/posts\/259416","targetHints":{"allow":["GET"]}}],"collection":[{"href":"https:\/\/www.europesays.com\/es\/wp-json\/wp\/v2\/posts"}],"about":[{"href":"https:\/\/www.europesays.com\/es\/wp-json\/wp\/v2\/types\/post"}],"author":[{"embeddable":true,"href":"https:\/\/www.europesays.com\/es\/wp-json\/wp\/v2\/users\/2"}],"replies":[{"embeddable":true,"href":"https:\/\/www.europesays.com\/es\/wp-json\/wp\/v2\/comments?post=259416"}],"version-history":[{"count":0,"href":"https:\/\/www.europesays.com\/es\/wp-json\/wp\/v2\/posts\/259416\/revisions"}],"wp:featuredmedia":[{"embeddable":true,"href":"https:\/\/www.europesays.com\/es\/wp-json\/wp\/v2\/media\/259417"}],"wp:attachment":[{"href":"https:\/\/www.europesays.com\/es\/wp-json\/wp\/v2\/media?parent=259416"}],"wp:term":[{"taxonomy":"category","embeddable":true,"href":"https:\/\/www.europesays.com\/es\/wp-json\/wp\/v2\/categories?post=259416"},{"taxonomy":"post_tag","embeddable":true,"href":"https:\/\/www.europesays.com\/es\/wp-json\/wp\/v2\/tags?post=259416"}],"curies":[{"name":"wp","href":"https:\/\/api.w.org\/{rel}","templated":true}]}}