{"id":259426,"date":"2025-11-28T00:26:07","date_gmt":"2025-11-28T00:26:07","guid":{"rendered":"https:\/\/www.europesays.com\/es\/259426\/"},"modified":"2025-11-28T00:26:07","modified_gmt":"2025-11-28T00:26:07","slug":"epidemia-de-gripe-en-aragon-260-urgencias-en-la-ultima-semana-y-14-contagios-en-una-residencia-de-zaragoza-heraldo-es","status":"publish","type":"post","link":"https:\/\/www.europesays.com\/es\/259426\/","title":{"rendered":"Epidemia de gripe en Arag\u00f3n: 260 urgencias en la \u00faltima semana y 14 contagios en una residencia de Zaragoza &#8211; heraldo.es"},"content":{"rendered":"<ol>\n<li><a href=\"https:\/\/news.google.com\/rss\/articles\/CBMi_gFBVV95cUxQcTFMUUFOdU5GRVBZYTUxMFVHWGlhWmFFX2RNLTRyWFd5RFljV2xZLXhVQVJPWFF1V1gweUsyTHY2UWRPbnJzX21rTV96ZF9WelhsaExhQXc0TjlaOS13c054dDJxYXNQMVNEbG1DRWFKZzNGMHRaMm1rSElmaWxDc0lNX1dTUHhxbnNPOXJmUU82cWFKbGtOSjFqMXU4QUlSek5sdk5IWGE4b3d2bmI2T1VIOUdXUUxnTW1YWnQ3VWVmdnJsa1ctdjRyZTFWdkNDQjcxd3FfT0tOYkNGeXlpVmw0em4wZ0RNbW1wMTRlVlFoU3pnUkZTN1duN043UQ?oc=5\" target=\"_blank\" rel=\"nofollow noopener\">Epidemia de gripe en Arag\u00f3n: 260 urgencias en la \u00faltima semana y 14 contagios en una residencia de Zaragoza<\/a>&nbsp;&nbsp;heraldo.es<\/li>\n<li><a href=\"https:\/\/news.google.com\/rss\/articles\/CBMijgJBVV95cUxPX1k2VFNYVUVzc1hweXlqZGZTOUZoNlNXbEd5cVFqbFlabE03VlhWeVF4T0FHNTl6NXh1ZmFjZk9Cbjk5S0dVbWdlV1JuVmk1Rmw0aDdTR0VQWWNCd2prQkdOMGcyMC1RLXR3ZFhrQkdLb0dYTzlyX05sYTVVaUhzV3R2LTNlRVVwNFJqVzkzczFabDBaak1vTW5GMVdLTTUtV1BMZGhrQnpJYVV1RndnbzRmbm15T3cwMno3WmlSYTJZcUpSbEZyc2VNUFVSeE1kWUtHQUJTZHROZE1vWVRJRGk1NnBidkFsX2JTMTBhWTZEVjExNTFIc2Npc251eVktdlpWX0k4VVoyWjQzU1HSAY4CQVVfeXFMUHFOSjNKaDBTVWlsR3B3MmVZZlFHbFdiV1dISE9uQWItZHpmbmVvV1p4WTBKMm4wN0FMdm5jcGlPQVVRMUVTSl9KT2VBeU5POTVmWHVHWFRZcFVCT2wzM1h6ZFMzUGtNdnRFWk5aVDZwc2x0ejNFRWNVdFdvUi0zZF91ZjMyWEFZa3UzNFhiSl80dDd5cW84LVRjU0J4cEUySGVxVENXbndfY3RsWklrQ1lKZ3Y2b2JUY01fSjJYTkpQTndid24xX3dfOTVVV0pCNkxscmpPUmZyek50T3RtN0NEbXlHSnozMTJWa19zdFM4Wjk5b1c4TnJjMGFJZnNOTkcwWThmMTBYRF9Qd0N3?oc=5\" target=\"_blank\" rel=\"nofollow noopener\">La gripe ya es epidemia en Espa\u00f1a: Galicia y Valencia se suman a la recomendaci\u00f3n de Arag\u00f3n de usar<\/a>&nbsp;&nbsp;LaSexta<\/li>\n<li><a href=\"https:\/\/news.google.com\/rss\/articles\/CBMikAFBVV95cUxNbm5KSFNLbUFYUWhxVnRfMk1Td1ptUlJabzlWMWsyRHUxSW1uM0MzYllRQnNyU1VyeGR0QzUwbnBuNWF3Z3YtRjNib0thcEw2VG1WZzhGQWloSnVLQXE4c2ZXbzlxby1SeWUzVFg5Q3BpS2RLRk9pX094dFNVa3FVd1FWd0lZa24xdE5fRmhJWGzSAZYBQVVfeXFMUDQ2UmxWWE1mU3V2LXZ1LTZMUkctWVI5ejd3cVBBS2hlVHVVMUlPcGxObXQ1VHRfbFRLUUJEb0VkMGM2amlyNkk5d043VkUybWVYMnpkMlg5SkY4ZXZOYTRDU2U3Nksyb29HZ3ZQWGh0aV9IVllsRTJrVzZXMWJTcjNXOEphd2xvdlN1OVZzUENSd3ZJNGRn?oc=5\" target=\"_blank\" rel=\"nofollow noopener\">La mascarilla vuelve a Espa\u00f1a: Arag\u00f3n la convierte en obligatoria en centros sanitarios para frenar la gripe<\/a>&nbsp;&nbsp;El Confidencial<\/li>\n<li><a href=\"https:\/\/news.google.com\/rss\/articles\/CBMipAFBVV95cUxQNGFjdGRNclluNmhrcE4xSFJtanI2Q1k0Y2RFQXU2TEZseFpUdGUteXZYSjZqNkMyeHdtSDlldGNjNThyWmY1UTlMdUN4ajZrbjdQeHR3UkFzSG0xd3l2U1gyME51QTAyQll2a1BmMUJkZWpvQlZMdnBaLWpmQzlWX1kwaThtc2RrcW1GLWtrRVNJVVp0dGdlUFhHRE91OG9ZZWtUcg?oc=5\" target=\"_blank\" rel=\"nofollow noopener\">Arag\u00f3n abre la vacunaci\u00f3n sin cita previa el pr\u00f3ximo fin de semana para detener el aumento de casos de gripe<\/a>&nbsp;&nbsp;ABC<\/li>\n<li><a href=\"https:\/\/news.google.com\/rss\/articles\/CBMi6gFBVV95cUxPQUxOYnlJeTFBSXh2OEp6VHRidThHcWxuUHpsZGxFczVnVU1nM3dqWlRtU2p3RzZtcy16UUdVVVBoNnpkeFhxMnhzdzUwRTh5ZG8wZ2N3WjdGdU1KWVZXaU9QdlVCemt0d19aTVNfZmUxNWx6UjNJYnF5cmdSMGRXcWgxcFRLaE1LWmlUbEZYS1NHMGpWeFNaNDNBOXVMemhSamRZYlJvZ2pfeVl0RkQ4WWtQN1BsbnJqSHJ0T1ZHT3JPRG8tQ0RNSEFVQmVhM1k3a3FnNnV4UzlpMHBpN1lEYU9IMXZTXzdlUnfSAf4BQVVfeXFMT24zR1NaQTlpa05EaUZMQ29yOWMtSVZqMzc0b1NYQkxmemtuak1wellyUHpoeUlPejBnQU5YRGlKUHJUZkhuS3Z4Z3hybWtfZDFLaFVSZVkzcDJiRWxiWHRkRlZVZEhwbUk5VEgxT3QtNlkwb09ta3lpbkd4UXYwX0k5bktaak1Ga01NY0sxSTR5bVFLUHgzeVJjaUt1c242Y2VJckpTZDMwT3BQZzkwNTlldER5aGFQNFd3NXRpTkZEeEwySnVydWhWbThiS3p6T0FHalNxRldEUEVpZ3JVaDU0RzJ5N2I0N3QtVnRCWmxjb1VfaGg0V3I2VnBBRmc?oc=5\" target=\"_blank\" rel=\"nofollow noopener\">Prevenci\u00f3n de la gripe a pie de parada del tranv\u00eda: \u00abLa gente est\u00e1 concienciada y coge la mascarilla\u00bb<\/a>&nbsp;&nbsp;Cadena SER<\/li>\n<\/ol>\n","protected":false},"excerpt":{"rendered":"Epidemia de gripe en Arag\u00f3n: 260 urgencias en la \u00faltima semana y 14 contagios en una residencia de&hellip;\n","protected":false},"author":2,"featured_media":248356,"comment_status":"","ping_status":"","sticky":false,"template":"","format":"standard","meta":{"footnotes":""},"categories":[92],"tags":[25,24,165,166,23],"class_list":{"0":"post-259426","1":"post","2":"type-post","3":"status-publish","4":"format-standard","5":"has-post-thumbnail","7":"category-salud","8":"tag-es","9":"tag-espana","10":"tag-health","11":"tag-salud","12":"tag-spain"},"share_on_mastodon":{"url":"https:\/\/pubeurope.com\/@es\/115624488845070170","error":""},"_links":{"self":[{"href":"https:\/\/www.europesays.com\/es\/wp-json\/wp\/v2\/posts\/259426","targetHints":{"allow":["GET"]}}],"collection":[{"href":"https:\/\/www.europesays.com\/es\/wp-json\/wp\/v2\/posts"}],"about":[{"href":"https:\/\/www.europesays.com\/es\/wp-json\/wp\/v2\/types\/post"}],"author":[{"embeddable":true,"href":"https:\/\/www.europesays.com\/es\/wp-json\/wp\/v2\/users\/2"}],"replies":[{"embeddable":true,"href":"https:\/\/www.europesays.com\/es\/wp-json\/wp\/v2\/comments?post=259426"}],"version-history":[{"count":0,"href":"https:\/\/www.europesays.com\/es\/wp-json\/wp\/v2\/posts\/259426\/revisions"}],"wp:featuredmedia":[{"embeddable":true,"href":"https:\/\/www.europesays.com\/es\/wp-json\/wp\/v2\/media\/248356"}],"wp:attachment":[{"href":"https:\/\/www.europesays.com\/es\/wp-json\/wp\/v2\/media?parent=259426"}],"wp:term":[{"taxonomy":"category","embeddable":true,"href":"https:\/\/www.europesays.com\/es\/wp-json\/wp\/v2\/categories?post=259426"},{"taxonomy":"post_tag","embeddable":true,"href":"https:\/\/www.europesays.com\/es\/wp-json\/wp\/v2\/tags?post=259426"}],"curies":[{"name":"wp","href":"https:\/\/api.w.org\/{rel}","templated":true}]}}