{"id":259439,"date":"2025-11-28T00:40:22","date_gmt":"2025-11-28T00:40:22","guid":{"rendered":"https:\/\/www.europesays.com\/es\/259439\/"},"modified":"2025-11-28T00:40:22","modified_gmt":"2025-11-28T00:40:22","slug":"espana-supera-a-dinamarca-en-el-estreno-de-chus-mateo","status":"publish","type":"post","link":"https:\/\/www.europesays.com\/es\/259439\/","title":{"rendered":"Espa\u00f1a supera a Dinamarca en el estreno de Chus Mateo"},"content":{"rendered":"<p>Chus Mateo debut\u00f3 en el banquillo de la selecci\u00f3n con victoria por 64 a 74.<\/p>\n<p>La selecci\u00f3n espa\u00f1ola ha arrancado la etapa de Chus Mateo en el banquillo de Espa\u00f1a con una c\u00f3moda victoria frente a Dinamarca por <strong>64 a 74<\/strong>. El combinado nacional lleg\u00f3 a tener una renta m\u00e1xima de 17 puntos despu\u00e9s de irse mandando por encima de la decena al descanso, pero la falta de acierto en algunos compases de la segunda parte evit\u00f3 un marcador m\u00e1s abultado a favor de Espa\u00f1a. <\/p>\n<p><a href=\"https:\/\/www.gigantes.com\/selecciones\/primera-lista-chus-mateo-seleccionador-espana\/\" rel=\"nofollow noopener\" target=\"_blank\">La lista de Espa\u00f1a para las ventanas FIBA: los 16 convocados<\/a><\/p>\n<p>El partido arranc\u00f3 con bastante ritmo con Espa\u00f1a tratando de apretar en defensa con un Alberto D\u00edaz que sumaba 3 recuperaciones en menos de 3 minutos y con Dinamarca cargando el juego especialmente en un acertado Kevin Larsen (9-8). Espa\u00f1a fue poco a poco tomando el mando del partido aprovechando el acierto de Santi Yusta con 8 puntos y la producci\u00f3n desde el banquillo de los debutantes C\u00e1rdenas y Osobor (11-19). Espa\u00f1a sigui\u00f3 sumando con facilidad en ataque, pero Dinamarca fue a m\u00e1s con las rotaciones y un triple sobre la bocina dej\u00f3 la diferencia en solo 2 puntos (23-25). <\/p>\n<p>Espa\u00f1a volvi\u00f3 a marcar el ritmo en el arranque del segundo cuarto y con 4 puntos consecutivos de Dani D\u00edez, Dinamarca frenaba el encuentro con un tiempo muerto (27-36). El partido baj\u00f3 notablemente de ritmo con el paso de los minutos en el segundo cuarto y Espa\u00f1a estuvo varios minutos sin anotar hasta la vuelta a cancha de Jaime Fern\u00e1ndez. El acierto del escolta de La Laguna Tenerife permiti\u00f3 a Espa\u00f1a seguir haciendo crecer su diferencia y al descanso la renta era de 12 puntos (33-45) con 12 tantos de Jaime como m\u00e1ximo anotador.<\/p>\n<p>Las imprecisiones marcaron el arranque del primer cuarto con un parcial de 5-3 en los primeros 4 minutos con solo un triple de Jaime Fern\u00e1ndez luciendo en el marcador de Espa\u00f1a. La mejora defensiva junto con el impacto de la entrada de Osobor permiti\u00f3 reaccionar a la selecci\u00f3n y la renta creci\u00f3 r\u00e1pidamente hasta el +16 (38-54). Dinamarca fue a m\u00e1s con el paso de los minutos y logr\u00f3 que el partido no se terminase de romper de cara al \u00faltimo cuarto (47-60).<\/p>\n<p>Espa\u00f1a sigui\u00f3 sin encontrar fluidez en ataque en el arranque del \u00faltimo periodo y si bien controlaba el encuentro gracias a su defensa, no lograba terminar de romper el partido (52-63). Cuando la selecci\u00f3n logr\u00f3 volver a correr encontr\u00f3 mejores posiciones de lanzamiento y dos triples consecutivos de Francis y Alberto D\u00edaz pon\u00edan la diferencia en 17. A pesar de que la diferencia parec\u00eda dejar el partido visto para sentencia Dinamarca respondi\u00f3 con un parcial de 7-0 y quedaba el marcador en 59-69 para los \u00faltimos 3 minutos. La aportaci\u00f3n de Alberto D\u00edaz en defensa y los puntos de Osobor evitaron que la victoria corriese peligro y cerraron el marcador con un<strong> 64 a 74<\/strong> para los de Chus Mateo. <\/p>\n<p><strong>Jaime Fern\u00e1ndez <\/strong>con 15 puntos fue el m\u00e1ximo anotador de la selecci\u00f3n mientras que <strong>Great Osobor <\/strong>con 12 puntos y 9 rebotes en 18 minutos fue el m\u00e1s valorado junto a Oriol Paul\u00ed (8 puntos y 8 rebotes) alcanzando ambos los 15 de eficiencia. <\/p>\n<tr>\n<td><strong>Equipo<\/strong><\/td>\n<td><strong>1Q<\/strong><\/td>\n<td><strong>2Q<\/strong><\/td>\n<td><strong>3Q<\/strong><\/td>\n<td><strong>4Q<\/strong><\/td>\n<td><strong>Total<\/strong><\/td>\n<\/tr>\n<tr>\n<td><strong>Dinamarca<\/strong><\/td>\n<td>23<\/td>\n<td>10<\/td>\n<td>14<\/td>\n<td>17<\/td>\n<td>64<\/td>\n<\/tr>\n<tr>\n<td><strong>Espa\u00f1a<\/strong><\/td>\n<td>25<\/td>\n<td>20<\/td>\n<td>15<\/td>\n<td>14<\/td>\n<td>74<\/td>\n<\/tr>\n<p><a href=\"https:\/\/www.gigantes.com\/selecciones\/asi-sera-la-ventana-fiba-de-noviembre-para-la-seleccion-espanola-masculina\/\" rel=\"nofollow noopener\" target=\"_blank\">\u00bfCu\u00e1ndo vuelve a jugar Espa\u00f1a? Horario y rival<\/a><\/p>\n<p class=\"has-text-align-right\">Foto: FIBA<\/p>\n<p>\t\t\t\t\t\t<a href=\"https:\/\/www.gigantes.com\/tienda\/hemeroteca\/especial-40-aniversario-gigantes-del-basket-no-1-562-noviembre-2025\/\" target=\"_blank\" rel=\"noopener nofollow\"><br \/>\n\t\t\t\t\t\t\t<img decoding=\"async\" src=\"https:\/\/www.europesays.com\/es\/wp-content\/uploads\/2025\/11\/cropped-40.jpg\" alt=\"cropped-40.jpg\"\/><br \/>\n\t\t\t\t\t\t<\/a><\/p>\n<p class=\"magazine-meta\">\n\t\t\t\t\t\t\t\t\t\t\t\t\t\t\t\t\t1562<br \/>\n\t\t\t\t\t\t\t\t\t\t\t\t\t\t\t\t\t\t\t\t\t\t\t\t\t |<br \/>\n\t\t\t\t\t\t\t\t\t\t\t\t\t\t\t\t\t\t\t\t\t\t\t\t\tNoviembre 2025\n\t\t\t\t\t\t\t\t\t\t\t\t\t\t\t<\/p>\n<p class=\"magazine-description\">Testigos del baloncesto. Cumplimos 40 a\u00f1os. Una edici\u00f3n diferente, llena de curiosidades, opiniones, gui\u00f1os, historia y cari\u00f1o. Cuatro d\u00e9cadas fusionando basket y papel.<\/p>\n<p>\t\t\t\t\t<a href=\"https:\/\/www.gigantes.com\/tienda\/hemeroteca\/especial-40-aniversario-gigantes-del-basket-no-1-562-noviembre-2025\/\" class=\"btn-primary\" target=\"_blank\" rel=\"noopener nofollow\">Comprar<\/a><\/p>\n<p><img decoding=\"async\" src=\"https:\/\/www.europesays.com\/es\/wp-content\/uploads\/2025\/11\/1764290422_613_mtracking.gif\" alt=\"Etiquetas de Mautic\" style=\"display:none;\"\/><\/p>\n","protected":false},"excerpt":{"rendered":"Chus Mateo debut\u00f3 en el banquillo de la selecci\u00f3n con victoria por 64 a 74. La selecci\u00f3n espa\u00f1ola&hellip;\n","protected":false},"author":2,"featured_media":259440,"comment_status":"","ping_status":"","sticky":false,"template":"","format":"standard","meta":{"footnotes":""},"categories":[269],"tags":[299,298,168,25,24,23,167],"class_list":{"0":"post-259439","1":"post","2":"type-post","3":"status-publish","4":"format-standard","5":"has-post-thumbnail","7":"category-baloncesto","8":"tag-baloncesto","9":"tag-basketball","10":"tag-deportes","11":"tag-es","12":"tag-espana","13":"tag-spain","14":"tag-sports"},"share_on_mastodon":{"url":"https:\/\/pubeurope.com\/@es\/115624544234518667","error":""},"_links":{"self":[{"href":"https:\/\/www.europesays.com\/es\/wp-json\/wp\/v2\/posts\/259439","targetHints":{"allow":["GET"]}}],"collection":[{"href":"https:\/\/www.europesays.com\/es\/wp-json\/wp\/v2\/posts"}],"about":[{"href":"https:\/\/www.europesays.com\/es\/wp-json\/wp\/v2\/types\/post"}],"author":[{"embeddable":true,"href":"https:\/\/www.europesays.com\/es\/wp-json\/wp\/v2\/users\/2"}],"replies":[{"embeddable":true,"href":"https:\/\/www.europesays.com\/es\/wp-json\/wp\/v2\/comments?post=259439"}],"version-history":[{"count":0,"href":"https:\/\/www.europesays.com\/es\/wp-json\/wp\/v2\/posts\/259439\/revisions"}],"wp:featuredmedia":[{"embeddable":true,"href":"https:\/\/www.europesays.com\/es\/wp-json\/wp\/v2\/media\/259440"}],"wp:attachment":[{"href":"https:\/\/www.europesays.com\/es\/wp-json\/wp\/v2\/media?parent=259439"}],"wp:term":[{"taxonomy":"category","embeddable":true,"href":"https:\/\/www.europesays.com\/es\/wp-json\/wp\/v2\/categories?post=259439"},{"taxonomy":"post_tag","embeddable":true,"href":"https:\/\/www.europesays.com\/es\/wp-json\/wp\/v2\/tags?post=259439"}],"curies":[{"name":"wp","href":"https:\/\/api.w.org\/{rel}","templated":true}]}}