{"id":259445,"date":"2025-11-28T00:43:25","date_gmt":"2025-11-28T00:43:25","guid":{"rendered":"https:\/\/www.europesays.com\/es\/259445\/"},"modified":"2025-11-28T00:43:25","modified_gmt":"2025-11-28T00:43:25","slug":"raisa-alava-lleva-su-mundo-creativo-lleno-de-color-al-artium","status":"publish","type":"post","link":"https:\/\/www.europesays.com\/es\/259445\/","title":{"rendered":"Raisa \u00c1lava lleva su mundo creativo lleno de color al Artium"},"content":{"rendered":"<p>El Museo Artium suma una nueva incorporaci\u00f3n a su colecci\u00f3n. <strong>Nomen Omen<\/strong> es la obra &#8216;mural\u00edstica&#8217; creada por la <strong>artista Raisa \u00c1lava<\/strong> para el espacio de lectura dirigido al p\u00fablico m\u00e1s joven.<\/p>\n<p>Este rinc\u00f3n, de acceso libre durante el horario del museo, quiere ser algo m\u00e1s que una sala con libros. Su objetivo es <strong>acercar el arte a ni\u00f1os, ni\u00f1as y j\u00f3venes<\/strong> de forma sencilla y divertida, a trav\u00e9s de la lectura, la observaci\u00f3n y la experiencia directa.<\/p>\n<p>\t\t\t\t\t\t\tPUBLICIDAD &#8211; SIGUE LEYENDO ABAJO<br \/>\n\t\t\t\t\t\t\t<a rel=\"noreferrer nofollow noopener\" href=\"https:\/\/www.ecoisola.es\/\" target=\"_blank\"><br \/>\n\t\t\t\t\t\t\t\t<img decoding=\"async\" width=\"400px\" height=\"400px\" layout=\"responsive\" data-category=\"banner-ecoisola\" id=\"segundoparr\" class=\"banclick\" src=\"https:\/\/www.europesays.com\/es\/wp-content\/uploads\/2025\/11\/publicidad-segundo-parrafo-62.gif\"\/><br \/>\n\t\t\t\t\t\t\t<\/a><\/p>\n<p>La obra no pasa desapercibida. Nomen Omen est\u00e1 llena de <strong>colores intensos, personajes curiosos<\/strong> y detalles que atrapan desde el primer vistazo por la manera en la que est\u00e1n representados.<\/p>\n<p><img fetchpriority=\"high\" decoding=\"async\" class=\"aligncenter wp-image-276442 \" title=\"raisa-alava-artium Nomen Omen\" src=\"https:\/\/www.europesays.com\/es\/wp-content\/uploads\/2025\/11\/nomen-omen-artium.jpg.webp.jpeg\" alt=\"raisa-alava-artium Nomen Omen\" width=\"867\" height=\"577\"  \/><\/p>\n<p>La artista ha organizado el mural como si fuera una historia en im\u00e1genes, con escenas que recuerdan al c\u00f3mic y situaciones que parecen salidas de un sue\u00f1o.<\/p>\n<p>\t\t\t\t\t\tPUBLICIDAD &#8211; SIGUE LEYENDO ABAJO<br \/>\n\t\t\t\t\t\t<a rel=\"noreferrer nofollow noopener\" href=\"https:\/\/www.hyundai.es\/concesionarios\/autolasa\/gama-hibrida-electrica\" target=\"_blank\"><br \/>\n\t\t\t\t\t\t\t<img decoding=\"async\" width=\"400px\" height=\"400px\" layout=\"responsive\" data-category=\"banner-Hyundai-autolasa\" id=\"quintoparr\" class=\"banclick\" src=\"https:\/\/www.europesays.com\/es\/wp-content\/uploads\/2025\/10\/publicidad-quinto-parrafo-33.gif\"\/><br \/>\n\t\t\t\t\t\t<\/a><\/p>\n<p>Sus<strong> figuras, grandes y expresivas<\/strong>, ocupan la pared como si estuvieran vivas, creando un ambiente que envuelve y deja volar la imaginaci\u00f3n. El mural se ha impreso en papel pintado y ha sido adquirido por el museo, que ya contaba con dos obras de cer\u00e1mica de Raisa en la colecci\u00f3n desde 2021.<\/p>\n<p>D\u00f3nde est\u00e1 Nomen Omen<\/p>\n<p>La sala donde est\u00e1 el mural no es una biblioteca tradicional. Aqu\u00ed no hace falta estar en silencio. Y es que se trata de un espacio pensado para compartir lo que est\u00e1s leyendo y conocer nuevas lecturas.<\/p>\n<p>Adem\u00e1s, la selecci\u00f3n de t\u00edtulos no se ha hecho al azar:<strong> hay varios elegidos por la propia Raisa \u00c1lava.<\/strong><\/p>\n<p>Con sus recomendaciones, parece m\u00e1s facil entender su universo creativo, donde el humor, la imaginaci\u00f3n y otras tantas formas de comunicarse se juntan.<\/p>\n<p>\t\t\t\t\t\t\tPUBLICIDAD &#8211; SIGUE LEYENDO ABAJO<br \/>\n\t\t\t\t\t\t\t<a rel=\"noreferrer nofollow noopener\" href=\"https:\/\/www.bakh.es\/\" target=\"_blank\"><br \/>\n\t\t\t\t\t\t\t\t<img decoding=\"async\" width=\"400px\" height=\"400px\" layout=\"responsive\" data-category=\"banner-bakh\" id=\"novparr\" class=\"banclick\" src=\"https:\/\/www.europesays.com\/es\/wp-content\/uploads\/2025\/11\/publicidad-noveno-parrafo-66.jpg\"\/><br \/>\n\t\t\t\t\t\t\t<\/a><\/p>\n<p><img loading=\"lazy\" decoding=\"async\" class=\"aligncenter wp-image-276441 \" title=\"raisa-alava-artium Nomen Omen\" src=\"https:\/\/www.europesays.com\/es\/wp-content\/uploads\/2025\/11\/nomen-omen-artium1.jpg.webp.jpeg\" alt=\"raisa-alava-artium Nomen Omen\" width=\"726\" height=\"942\"  \/><\/p>\n<p>Qui\u00e9n es Raisa \u00c1lava<\/p>\n<p>Raisa \u00c1lava, nacida en Zuaza en 1990, estudi\u00f3 Bellas Artes en la UPV\/EHU y se especializ\u00f3 en t\u00e9cnicas gr\u00e1ficas y complet\u00f3 su formaci\u00f3n con m\u00e1ster de ilustraci\u00f3n y cer\u00e1mica.<\/p>\n<p>Su trayectoria es ampl\u00eda: ha trabajado en dibujo, serigraf\u00eda, grabado, ilustraciones y cer\u00e1mica, y ha mostrado su obra en espacios como la sala Rekalde y Montehermoso Kulturgunea. Y tambi\u00e9n ha participado en residencias art\u00edsticas en el extranjero, en Polonia y Francia.<\/p>\n<p><img loading=\"lazy\" decoding=\"async\" class=\" wp-image-276443 aligncenter\" src=\"https:\/\/www.europesays.com\/es\/wp-content\/uploads\/2025\/11\/raisa-alava-artium-350x257.jpg.webp.jpeg\" alt=\"raisa-alava-artium Nomen Omen\" width=\"857\" height=\"630\"  \/><\/p>\n<p>Con la incorporaci\u00f3n de Nomen Omen, Artium Museoa da un paso importante en su compromiso de acercar el arte contempor\u00e1neo a las nuevas generaciones.<\/p>\n<p>El museo quiere que este espacio funcione como una primera puerta de entrada al mundo creativo, donde<strong> aprender y jugar no son actividades separadas.<\/strong><\/p>\n","protected":false},"excerpt":{"rendered":"El Museo Artium suma una nueva incorporaci\u00f3n a su colecci\u00f3n. Nomen Omen es la obra &#8216;mural\u00edstica&#8217; creada por&hellip;\n","protected":false},"author":2,"featured_media":259446,"comment_status":"","ping_status":"","sticky":false,"template":"","format":"standard","meta":{"footnotes":""},"categories":[173],"tags":[229,233,231,230,232,234,146,147,25,24,64959,23],"class_list":{"0":"post-259445","1":"post","2":"type-post","3":"status-publish","4":"format-standard","5":"has-post-thumbnail","7":"category-arte-y-diseno","8":"tag-arte","9":"tag-arte-y-diseno","10":"tag-arts","11":"tag-arts-and-design","12":"tag-design","13":"tag-diseno","14":"tag-entertainment","15":"tag-entretenimiento","16":"tag-es","17":"tag-espana","18":"tag-museo-artium","19":"tag-spain"},"share_on_mastodon":{"url":"https:\/\/pubeurope.com\/@es\/115624556925088376","error":""},"_links":{"self":[{"href":"https:\/\/www.europesays.com\/es\/wp-json\/wp\/v2\/posts\/259445","targetHints":{"allow":["GET"]}}],"collection":[{"href":"https:\/\/www.europesays.com\/es\/wp-json\/wp\/v2\/posts"}],"about":[{"href":"https:\/\/www.europesays.com\/es\/wp-json\/wp\/v2\/types\/post"}],"author":[{"embeddable":true,"href":"https:\/\/www.europesays.com\/es\/wp-json\/wp\/v2\/users\/2"}],"replies":[{"embeddable":true,"href":"https:\/\/www.europesays.com\/es\/wp-json\/wp\/v2\/comments?post=259445"}],"version-history":[{"count":0,"href":"https:\/\/www.europesays.com\/es\/wp-json\/wp\/v2\/posts\/259445\/revisions"}],"wp:featuredmedia":[{"embeddable":true,"href":"https:\/\/www.europesays.com\/es\/wp-json\/wp\/v2\/media\/259446"}],"wp:attachment":[{"href":"https:\/\/www.europesays.com\/es\/wp-json\/wp\/v2\/media?parent=259445"}],"wp:term":[{"taxonomy":"category","embeddable":true,"href":"https:\/\/www.europesays.com\/es\/wp-json\/wp\/v2\/categories?post=259445"},{"taxonomy":"post_tag","embeddable":true,"href":"https:\/\/www.europesays.com\/es\/wp-json\/wp\/v2\/tags?post=259445"}],"curies":[{"name":"wp","href":"https:\/\/api.w.org\/{rel}","templated":true}]}}