{"id":259465,"date":"2025-11-28T00:55:11","date_gmt":"2025-11-28T00:55:11","guid":{"rendered":"https:\/\/www.europesays.com\/es\/259465\/"},"modified":"2025-11-28T00:55:11","modified_gmt":"2025-11-28T00:55:11","slug":"estoy-pasando-por-un-momento-personal-dificil","status":"publish","type":"post","link":"https:\/\/www.europesays.com\/es\/259465\/","title":{"rendered":"Estoy pasando por un momento personal dif\u00edcil"},"content":{"rendered":"<p class=\"c-paragraph\">Despu\u00e9s de meses de especulaciones sobre la pr\u00f3xima pelea de <a href=\"https:\/\/www.20minutos.es\/tags\/personas\/ilia-topuria.html\" title=\"Ilia Topuria\" rel=\"nofollow noopener\" target=\"_blank\"><b>Ilia Topuria<\/b><\/a>, el doble campe\u00f3n de la <a href=\"https:\/\/www.20minutos.es\/tags\/deportes\/ufc.html\" title=\"UFC\" rel=\"nofollow noopener\" target=\"_blank\">UFC<\/a> ha anunciado este jueves que su regreso se retrasa por motivos personales:<b> \u00abEstoy pasando por un momento dif\u00edcil en mi vida personal\u00bb<\/b>.<\/p>\n<p class=\"c-paragraph\">\u00abNo voy a pelear en el primer trimestre del a\u00f1o que viene. <b>Estoy pasando por un momento dif\u00edcil en mi vida personal<\/b>. Quiero centrarme en mis hijos y resolver esta situaci\u00f3n lo antes posible\u00bb, ha asegurado el hispano-georgiano a trav\u00e9s de un breve comunicado publicado en sus redes sociales.<\/p>\n<p class=\"c-paragraph\">El Matador no da m\u00e1s detalles sobre el momento personal que atraviesa, aunque en las \u00faltimas semanas se ha convertido en un secreto a voces su ruptura sentimental con\u00a0<b><b>Giorgina Uzcategui<\/b><\/b>, con la que dio la bienvenida a su primera hija en julio de 2024, pese a que ninguno de los dos se ha pronunciado al respecto.<\/p>\n<p class=\"c-paragraph\">En su mensaje, Topuria s\u00ed precisa brevemente qu\u00e9 es lo que ocurrir\u00e1 con el peso ligero de la UFC durante su ausencia: \u00ab<b>No quiero retrasar la divisi\u00f3n. La UFC organizar\u00e1 los combates necesarios<\/b> y, tan pronto como se resuelvan los asuntos, le comunicar\u00e9 a la UFC que estoy listo para comenzar mi regreso\u00bb.<\/p>\n<p class=\"c-paragraph\">Todo apunta, a falta de que se haga oficial, que el futuro de las 155 libras pasa por <b>poner en juego un cintur\u00f3n interino<\/b> hasta que se produzca el regreso de Topuria (17-0-0), que se coron\u00f3 el pasado mes de junio al noquear a Charles Oliveira, con fuertes rumores de una pelea entre Justin Gaethje y Paddy Pimblett a finales de enero en UFC 324 en Las Vegas.<\/p>\n","protected":false},"excerpt":{"rendered":"Despu\u00e9s de meses de especulaciones sobre la pr\u00f3xima pelea de Ilia Topuria, el doble campe\u00f3n de la UFC&hellip;\n","protected":false},"author":2,"featured_media":259466,"comment_status":"","ping_status":"","sticky":false,"template":"","format":"standard","meta":{"footnotes":""},"categories":[5],"tags":[17,18,25,24,13,14,64961,11,1523,19,20,743,9,10,15,16,23,12,343,21,22],"class_list":{"0":"post-259465","1":"post","2":"type-post","3":"status-publish","4":"format-standard","5":"has-post-thumbnail","7":"category-titulares","8":"tag-breaking-news","9":"tag-breakingnews","10":"tag-es","11":"tag-espana","12":"tag-featured-news","13":"tag-featurednews","14":"tag-giorgina-uzcategui","15":"tag-headlines","16":"tag-ilia-topuria","17":"tag-latest-news","18":"tag-latestnews","19":"tag-mma","20":"tag-news","21":"tag-noticias","22":"tag-noticias-destacadas","23":"tag-noticiasdestacadas","24":"tag-spain","25":"tag-titulares","26":"tag-ufc","27":"tag-ultimas-noticias","28":"tag-ultimasnoticias"},"share_on_mastodon":{"url":"https:\/\/pubeurope.com\/@es\/115624602689988518","error":""},"_links":{"self":[{"href":"https:\/\/www.europesays.com\/es\/wp-json\/wp\/v2\/posts\/259465","targetHints":{"allow":["GET"]}}],"collection":[{"href":"https:\/\/www.europesays.com\/es\/wp-json\/wp\/v2\/posts"}],"about":[{"href":"https:\/\/www.europesays.com\/es\/wp-json\/wp\/v2\/types\/post"}],"author":[{"embeddable":true,"href":"https:\/\/www.europesays.com\/es\/wp-json\/wp\/v2\/users\/2"}],"replies":[{"embeddable":true,"href":"https:\/\/www.europesays.com\/es\/wp-json\/wp\/v2\/comments?post=259465"}],"version-history":[{"count":0,"href":"https:\/\/www.europesays.com\/es\/wp-json\/wp\/v2\/posts\/259465\/revisions"}],"wp:featuredmedia":[{"embeddable":true,"href":"https:\/\/www.europesays.com\/es\/wp-json\/wp\/v2\/media\/259466"}],"wp:attachment":[{"href":"https:\/\/www.europesays.com\/es\/wp-json\/wp\/v2\/media?parent=259465"}],"wp:term":[{"taxonomy":"category","embeddable":true,"href":"https:\/\/www.europesays.com\/es\/wp-json\/wp\/v2\/categories?post=259465"},{"taxonomy":"post_tag","embeddable":true,"href":"https:\/\/www.europesays.com\/es\/wp-json\/wp\/v2\/tags?post=259465"}],"curies":[{"name":"wp","href":"https:\/\/api.w.org\/{rel}","templated":true}]}}