{"id":259469,"date":"2025-11-28T01:03:11","date_gmt":"2025-11-28T01:03:11","guid":{"rendered":"https:\/\/www.europesays.com\/es\/259469\/"},"modified":"2025-11-28T01:03:11","modified_gmt":"2025-11-28T01:03:11","slug":"great-osobor-emerge-en-el-estreno-de-la-nueva-espana-de-chus-mateo-baloncesto-deportes","status":"publish","type":"post","link":"https:\/\/www.europesays.com\/es\/259469\/","title":{"rendered":"Great Osobor emerge en el estreno de la nueva Espa\u00f1a de Chus Mateo | Baloncesto | Deportes"},"content":{"rendered":"<p><strong>Clasificaci\u00f3n Mundial de Baloncesto 2027 &#8211; Europa<\/strong> &#8211; tercera_ronda_grupos &#8211;  jornada 1<\/p>\n<p>Dinamarca<img alt=\"Dinamarca\" decoding=\"auto\" class=\"_re lazyload a_m-h\" height=\"80\" width=\"80\" src=\"https:\/\/www.europesays.com\/es\/wp-content\/uploads\/2025\/11\/den.png\" loading=\"lazy\"\/>Espa\u00f1a<img alt=\"Espa\u00f1a\" decoding=\"auto\" class=\"_re lazyload a_m-h\" height=\"80\" width=\"80\" src=\"https:\/\/www.europesays.com\/es\/wp-content\/uploads\/2025\/09\/esp.png\" loading=\"lazy\"\/><\/p>\n<p class=\"\">Espa\u00f1a arranc\u00f3 <a href=\"https:\/\/elpais.com\/deportes\/baloncesto\/2025-11-24\/chus-mateo-solo-las-victorias-justifican-que-has-trabajado-bien-y-eso-no-es-justo.html\" target=\"_blank\" rel=\"noreferrer nofollow noopener\" title=\"https:\/\/elpais.com\/deportes\/baloncesto\/2025-11-24\/chus-mateo-solo-las-victorias-justifican-que-has-trabajado-bien-y-eso-no-es-justo.html\">la etapa de Chus Mateo como seleccionador <\/a>con una c\u00f3moda piedra de toque, una victoria frente a la d\u00e9bil Dinamarca para abrir la fase clasificatoria camino al Mundial de Qatar 2027. Un equipo de clase media, sin los hombres de la Euroliga (excepto Almansa, liberado por el Madrid) ni quienes juegan en Estados Unidos, se apunt\u00f3 el triunfo sin excesivos sudores antes de recibir el domingo en Tenerife a Georgia, sorprendentemente derrotada por Ucrania en Tiflis (79-92) pese a contar con Shengelia y Shermadini. Jaime Fern\u00e1ndez (15 puntos) y el novato Osobor (12 y 8 rebotes) destacaron en la estad\u00edstica junto a Paul\u00ed (8 y 8).<\/p>\n<p class=\"\">Alberto D\u00edaz, Jaime Fern\u00e1ndez, Santi Yusta, Dani D\u00edez y Fran Guerra. Chus Mateo carg\u00f3 su primer quinteto de todos los galones que ten\u00eda a mano. El base y capit\u00e1n apenas tard\u00f3 unos segundos en robar el bal\u00f3n y Guerra caz\u00f3 bajo el aro los primeros puntos. Alberto D\u00edaz se perdi\u00f3 el pasado Eurobasket por lesi\u00f3n y ahora regresa en busca del terreno perdido sin ceder un \u00e1pice de su identidad: el tajo defensivo del andaluz concedi\u00f3 a la selecci\u00f3n la base sobre la que comenz\u00f3 a caminar. Le secund\u00f3 Jaime Fern\u00e1ndez, otro campe\u00f3n europeo en 2022 que quiere volver a los focos. <a href=\"https:\/\/elpais.com\/deportes\/baloncesto\/2025-11-27\/santi-yusta-un-goleador-para-la-nueva-espana-de-chus-mateo.html\" target=\"_blank\" rel=\"noreferrer nofollow noopener\" title=\"https:\/\/elpais.com\/deportes\/baloncesto\/2025-11-27\/santi-yusta-un-goleador-para-la-nueva-espana-de-chus-mateo.html\">Y el artillero Santi Yusta, el m\u00e1ximo anotador de la ACB, <\/a>un hombre con los bolsillos llenos de puntos. Espa\u00f1a atrap\u00f3 las primera ventajas frente a una Dinamarca acertada en el tiro. Chus Mateo refresc\u00f3 el mecano primero con C\u00e1rdenas y el debutante Osobor y poco despu\u00e9s con otras piezas para pintar un quinteto nuevo y conservar la velocidad en la circulaci\u00f3n y las transiciones. Osobor luci\u00f3 corpach\u00f3n, poderoso en el rebote ofensivo, y el equipo espa\u00f1ol alcanz\u00f3 por delante la primera pausa pese a algunas concesiones defensivas y el poco acierto exterior (23-25).<\/p>\n<p class=\"\">Espa\u00f1a descubr\u00eda las conexiones entre los nuevos chicos de la familia. Chus Mateo emple\u00f3 a sus 12 muchachos y el pegamento volvi\u00f3 a ser Alberto D\u00edaz, el mejor reflejo del esp\u00edritu gremial. La selecci\u00f3n tap\u00f3 los escapes de agua aunque le costaba encontrar cierta claridad en ataque en un tramo m\u00e1s espeso. Un par de triples que no tocaron aro simbolizaron el atasco. Dinamarca tampoco era el rival m\u00e1s afilado y en ese intercambio Espa\u00f1a ampli\u00f3 la renta antes del descanso gracias a la mu\u00f1eca de Jaime Fern\u00e1ndez: 33-45.<\/p>\n<p class=\"\">El refugio del triple y el volumen de Larsen eran las soluciones endebles de Dinamarca, una selecci\u00f3n que nunca ha jugado un Mundial y desprovista, como Espa\u00f1a, de sus hombres de la Euroliga. C\u00e1rdenas y Osobor, los dos \u00fanicos de los convocados que militan fueran de la ACB (en Grecia y Alemania, respectivamente), exhibieron manos r\u00e1pidas para el quite y piernas para conectar en el contragolpe. Almansa tambi\u00e9n progres\u00f3 en el rodaje que necesita para codearse con los mayores en el club y en la selecci\u00f3n. Y Llu\u00eds Costa, un debutante de 32 a\u00f1os, engord\u00f3 el colch\u00f3n (47-60).<\/p>\n<p class=\"\">A la espera del hueso m\u00e1s duro que es Georgia, pese a su patinazo, Espa\u00f1a a\u00fan debi\u00f3 arremangarse en el \u00faltimo cuarto para matar el encuentro, lastrada por un par\u00e9ntesis en que concedi\u00f3 atr\u00e1s m\u00e1s de la cuenta y perdi\u00f3 algo de fluidez frente al tablero. El empuje de Osobor, una buena noticia para la selecci\u00f3n, cerr\u00f3 este inicio en la autopista hacia el Mundial.<\/p>\n<p>DINAMARCA, 64; ESPA\u00d1A, 74<\/p>\n<p><strong>Dinamarca: <\/strong>Jensen (20), Knudsen (11), Dibba (11), Larsen (4), Erikstrup (10) -cinco inicial-;  Engelhardt (0), Pedersen (5), Andersen (3), Jukic (0), Klussmann (0).<\/p>\n<p><strong>Espa\u00f1a:<\/strong> D\u00edaz (6), Fern\u00e1ndez (15), Yusta (10), D\u00edez (4), Guerra (2) -cinco inicial-; C\u00e1rdenas (6), Osobor (12), Reyes (0), Paul\u00ed (8), Almansa (4), Alonso (5), Costa (2).<\/p>\n<p><strong>Parciales:<\/strong> 23-25, 10-20, 14-15 y 17-14.<\/p>\n<p><strong>\u00c1rbitros<\/strong>: Kozlovskis, Proc, Zupancic. Eliminaron a Pedersen.<\/p>\n<p>Farum Arena. Unos 2.600 espectadores.<\/p>\n","protected":false},"excerpt":{"rendered":"Clasificaci\u00f3n Mundial de Baloncesto 2027 &#8211; Europa &#8211; tercera_ronda_grupos &#8211; jornada 1 DinamarcaEspa\u00f1a Espa\u00f1a arranc\u00f3 la etapa de&hellip;\n","protected":false},"author":2,"featured_media":259470,"comment_status":"","ping_status":"","sticky":false,"template":"","format":"standard","meta":{"footnotes":""},"categories":[269],"tags":[5103,299,298,42076,1540,168,25,24,17815,52427,8283,62350,64756,6001,23,167],"class_list":{"0":"post-259469","1":"post","2":"type-post","3":"status-publish","4":"format-standard","5":"has-post-thumbnail","7":"category-baloncesto","8":"tag-alberto-diaz","9":"tag-baloncesto","10":"tag-basketball","11":"tag-chus-mateo","12":"tag-competiciones","13":"tag-deportes","14":"tag-es","15":"tag-espana","16":"tag-izan-almansa","17":"tag-jaime-fernandez","18":"tag-jugadores-baloncesto","19":"tag-mundial-baloncesto","20":"tag-santiago-yusta","21":"tag-seleccion-espanola-baloncesto","22":"tag-spain","23":"tag-sports"},"share_on_mastodon":{"url":"https:\/\/pubeurope.com\/@es\/115624634721576283","error":""},"_links":{"self":[{"href":"https:\/\/www.europesays.com\/es\/wp-json\/wp\/v2\/posts\/259469","targetHints":{"allow":["GET"]}}],"collection":[{"href":"https:\/\/www.europesays.com\/es\/wp-json\/wp\/v2\/posts"}],"about":[{"href":"https:\/\/www.europesays.com\/es\/wp-json\/wp\/v2\/types\/post"}],"author":[{"embeddable":true,"href":"https:\/\/www.europesays.com\/es\/wp-json\/wp\/v2\/users\/2"}],"replies":[{"embeddable":true,"href":"https:\/\/www.europesays.com\/es\/wp-json\/wp\/v2\/comments?post=259469"}],"version-history":[{"count":0,"href":"https:\/\/www.europesays.com\/es\/wp-json\/wp\/v2\/posts\/259469\/revisions"}],"wp:featuredmedia":[{"embeddable":true,"href":"https:\/\/www.europesays.com\/es\/wp-json\/wp\/v2\/media\/259470"}],"wp:attachment":[{"href":"https:\/\/www.europesays.com\/es\/wp-json\/wp\/v2\/media?parent=259469"}],"wp:term":[{"taxonomy":"category","embeddable":true,"href":"https:\/\/www.europesays.com\/es\/wp-json\/wp\/v2\/categories?post=259469"},{"taxonomy":"post_tag","embeddable":true,"href":"https:\/\/www.europesays.com\/es\/wp-json\/wp\/v2\/tags?post=259469"}],"curies":[{"name":"wp","href":"https:\/\/api.w.org\/{rel}","templated":true}]}}