{"id":259499,"date":"2025-11-28T01:26:16","date_gmt":"2025-11-28T01:26:16","guid":{"rendered":"https:\/\/www.europesays.com\/es\/259499\/"},"modified":"2025-11-28T01:26:16","modified_gmt":"2025-11-28T01:26:16","slug":"pierden-a-uno-de-los-mejores-tiradores-de-la-liga","status":"publish","type":"post","link":"https:\/\/www.europesays.com\/es\/259499\/","title":{"rendered":"\u00a1pierden a uno de los mejores tiradores de la liga!"},"content":{"rendered":"<p data-gtm-element-container=\"modulo-texto-link\" class=\"paragraph\">Pese a vencer en Charlotte, se han confirmado una de las peores noticias para los <strong>New York Knicks<\/strong>. Seg\u00fan ha confirmado el periodista de ESPN, Shams Charania, <strong>Landy Shamet ha sufrido un esguince en el hombro derecho<\/strong> que lo alejar\u00e1 de las pistas, m\u00ednimo, un mes.\u00a0<\/p>\n<blockquote class=\"twitter-tweet\" data-lang=\"es\"><p>\n<a href=\"https:\/\/twitter.com\/ShamsCharania\/status\/1993770589962817581\" rel=\"nofollow noopener\" target=\"_blank\">\n<\/p><\/blockquote>\n<p data-gtm-element-container=\"modulo-texto-link\" class=\"paragraph\"><strong>Shamet<\/strong>, contando el partido de esta noche ante <strong>Charlotte Hornets<\/strong>, se ha perdido los dos \u00faltimos encuentros de su equipo, mientras se esperaban resultados de su lesi\u00f3n. Lesi\u00f3n sufrida en el partido ante <strong>Orlando Magic<\/strong>, y donde solo pudo disputar tres minutos del encuentro. En el pasado, ya tuvo problemas con el mismo hombro, y tras chocar con <strong>Wendell Carter<\/strong> los volvi\u00f3 a sufrir.\u00a0<\/p>\n<blockquote class=\"twitter-tweet\" data-lang=\"es\"><p>\n<a href=\"https:\/\/twitter.com\/FiresideKnicks\/status\/1992358669527515555\" rel=\"nofollow noopener\" target=\"_blank\">\n<\/p><\/blockquote>\n<p data-gtm-element-container=\"modulo-texto-link\" class=\"paragraph\">Los <strong>Knicks <\/strong>pierden una actual pieza clave dada su eficacia desde el tiro de tres y su creciente protagonismo como titular. <strong>Mike Brown<\/strong> tendr\u00e1 que encajar una nueva pieza en su lugar y minimizar al m\u00e1ximo esta ausencia.<\/p>\n<p data-gtm-element-container=\"modulo-texto-link\" class=\"paragraph\">El escolta entr\u00f3 entre los 15 de la plantilla como una de las opciones finales, pero su gran rendimiento defensivo y su <strong>42,4% en acierto en tiros de tres<\/strong> le ha convertido en un clave en los esquemas de <strong>Mike Brown<\/strong>.<\/p>\n<p>    Lee tambi\u00e9n<\/p>\n<p>Soluciones tras la baja<\/p>\n<p data-gtm-element-container=\"modulo-texto-link\" class=\"paragraph\">Ya sin <strong>Shamet<\/strong>, <strong>Brown <\/strong>ha confiado para el escolta en\u00a0<strong>Miles McBride<\/strong> para titular, aunque tras esta baja, tambi\u00e9n ha hecho algunos ajustes t\u00e1cticos. Tras la baja tambi\u00e9n de\u00a0<strong>Mitchell Robinson<\/strong>, el t\u00e9cnico ha decidido cambiar y jugar con un interior y no con dos, usando a<strong> Josh Hart<\/strong> de inicio y supliendo como puede la baja de uno de los mejores tiradores de la liga en la actualidad.<\/p>\n<p><script async src=\"https:\/\/platform.twitter.com\/widgets.js\" charset=\"utf-8\"><\/script><\/p>\n","protected":false},"excerpt":{"rendered":"Pese a vencer en Charlotte, se han confirmado una de las peores noticias para los New York Knicks.&hellip;\n","protected":false},"author":2,"featured_media":259500,"comment_status":"","ping_status":"","sticky":false,"template":"","format":"standard","meta":{"footnotes":""},"categories":[269],"tags":[299,298,168,25,24,23,167],"class_list":{"0":"post-259499","1":"post","2":"type-post","3":"status-publish","4":"format-standard","5":"has-post-thumbnail","7":"category-baloncesto","8":"tag-baloncesto","9":"tag-basketball","10":"tag-deportes","11":"tag-es","12":"tag-espana","13":"tag-spain","14":"tag-sports"},"share_on_mastodon":{"url":"https:\/\/pubeurope.com\/@es\/115624724985620589","error":""},"_links":{"self":[{"href":"https:\/\/www.europesays.com\/es\/wp-json\/wp\/v2\/posts\/259499","targetHints":{"allow":["GET"]}}],"collection":[{"href":"https:\/\/www.europesays.com\/es\/wp-json\/wp\/v2\/posts"}],"about":[{"href":"https:\/\/www.europesays.com\/es\/wp-json\/wp\/v2\/types\/post"}],"author":[{"embeddable":true,"href":"https:\/\/www.europesays.com\/es\/wp-json\/wp\/v2\/users\/2"}],"replies":[{"embeddable":true,"href":"https:\/\/www.europesays.com\/es\/wp-json\/wp\/v2\/comments?post=259499"}],"version-history":[{"count":0,"href":"https:\/\/www.europesays.com\/es\/wp-json\/wp\/v2\/posts\/259499\/revisions"}],"wp:featuredmedia":[{"embeddable":true,"href":"https:\/\/www.europesays.com\/es\/wp-json\/wp\/v2\/media\/259500"}],"wp:attachment":[{"href":"https:\/\/www.europesays.com\/es\/wp-json\/wp\/v2\/media?parent=259499"}],"wp:term":[{"taxonomy":"category","embeddable":true,"href":"https:\/\/www.europesays.com\/es\/wp-json\/wp\/v2\/categories?post=259499"},{"taxonomy":"post_tag","embeddable":true,"href":"https:\/\/www.europesays.com\/es\/wp-json\/wp\/v2\/tags?post=259499"}],"curies":[{"name":"wp","href":"https:\/\/api.w.org\/{rel}","templated":true}]}}