{"id":259525,"date":"2025-11-28T01:40:21","date_gmt":"2025-11-28T01:40:21","guid":{"rendered":"https:\/\/www.europesays.com\/es\/259525\/"},"modified":"2025-11-28T01:40:21","modified_gmt":"2025-11-28T01:40:21","slug":"diario-del-derecho-edicion-de-27-11-2025","status":"publish","type":"post","link":"https:\/\/www.europesays.com\/es\/259525\/","title":{"rendered":"Diario del Derecho &#8211; Edici\u00f3n de 27\/11\/2025"},"content":{"rendered":"<p><img decoding=\"async\" src=\"https:\/\/www.europesays.com\/es\/wp-content\/uploads\/2025\/11\/90225125.gif\" \/><\/p>\n<p class=\"entradilla\">Iustel presenta, dentro de su fondo editorial, la s\u00e9ptima edici\u00f3n de la obra \u201cDerecho de la Comunicaci\u00f3n\u201d que da una visi\u00f3n sint\u00e9tica, integral, objetiva, cr\u00edtica y actualizada del Derecho de la Comunicaci\u00f3n, incluyendo sus aspectos constitucionales y el r\u00e9gimen de la prensa, la radio y la televisi\u00f3n, internet, en tanto medio de comunicaci\u00f3n, el cine y, finalmente, los derechos de autor en el \u00e1mbito comunicativo. En esta s\u00e9ptima edici\u00f3n cobran un particular protagonismo las novedades normativas procedentes de la Uni\u00f3n Europea.<\/p>\n","protected":false},"excerpt":{"rendered":"Iustel presenta, dentro de su fondo editorial, la s\u00e9ptima edici\u00f3n de la obra \u201cDerecho de la Comunicaci\u00f3n\u201d que&hellip;\n","protected":false},"author":2,"featured_media":259526,"comment_status":"","ping_status":"","sticky":false,"template":"","format":"standard","meta":{"footnotes":""},"categories":[8],"tags":[17,18,25,24,13,14,11,19,20,9,10,15,16,23,12,21,22],"class_list":{"0":"post-259525","1":"post","2":"type-post","3":"status-publish","4":"format-standard","5":"has-post-thumbnail","7":"category-espana","8":"tag-breaking-news","9":"tag-breakingnews","10":"tag-es","11":"tag-espana","12":"tag-featured-news","13":"tag-featurednews","14":"tag-headlines","15":"tag-latest-news","16":"tag-latestnews","17":"tag-news","18":"tag-noticias","19":"tag-noticias-destacadas","20":"tag-noticiasdestacadas","21":"tag-spain","22":"tag-titulares","23":"tag-ultimas-noticias","24":"tag-ultimasnoticias"},"share_on_mastodon":{"url":"https:\/\/pubeurope.com\/@es\/115624781311346318","error":""},"_links":{"self":[{"href":"https:\/\/www.europesays.com\/es\/wp-json\/wp\/v2\/posts\/259525","targetHints":{"allow":["GET"]}}],"collection":[{"href":"https:\/\/www.europesays.com\/es\/wp-json\/wp\/v2\/posts"}],"about":[{"href":"https:\/\/www.europesays.com\/es\/wp-json\/wp\/v2\/types\/post"}],"author":[{"embeddable":true,"href":"https:\/\/www.europesays.com\/es\/wp-json\/wp\/v2\/users\/2"}],"replies":[{"embeddable":true,"href":"https:\/\/www.europesays.com\/es\/wp-json\/wp\/v2\/comments?post=259525"}],"version-history":[{"count":0,"href":"https:\/\/www.europesays.com\/es\/wp-json\/wp\/v2\/posts\/259525\/revisions"}],"wp:featuredmedia":[{"embeddable":true,"href":"https:\/\/www.europesays.com\/es\/wp-json\/wp\/v2\/media\/259526"}],"wp:attachment":[{"href":"https:\/\/www.europesays.com\/es\/wp-json\/wp\/v2\/media?parent=259525"}],"wp:term":[{"taxonomy":"category","embeddable":true,"href":"https:\/\/www.europesays.com\/es\/wp-json\/wp\/v2\/categories?post=259525"},{"taxonomy":"post_tag","embeddable":true,"href":"https:\/\/www.europesays.com\/es\/wp-json\/wp\/v2\/tags?post=259525"}],"curies":[{"name":"wp","href":"https:\/\/api.w.org\/{rel}","templated":true}]}}