{"id":259527,"date":"2025-11-28T01:41:43","date_gmt":"2025-11-28T01:41:43","guid":{"rendered":"https:\/\/www.europesays.com\/es\/259527\/"},"modified":"2025-11-28T01:41:43","modified_gmt":"2025-11-28T01:41:43","slug":"el-acto-de-encendido-de-las-luces-navidenas-hara-necesario-suspender-temporalmente-el-trafico-de-vehiculos-por-independencia","status":"publish","type":"post","link":"https:\/\/www.europesays.com\/es\/259527\/","title":{"rendered":"El acto de encendido de las luces navide\u00f1as har\u00e1 necesario suspender temporalmente el tr\u00e1fico de veh\u00edculos por Independencia"},"content":{"rendered":"<p>      27 noviembre 2025<\/p>\n<p>A partir de las 16,30 horas, aproximadamente, y hasta la conclusi\u00f3n del acto, el tranv\u00eda prestar\u00e1 servicio en bucles y las l\u00edneas de autob\u00fas 21, 22, 28, 32, 35, 36 y 39 estar\u00e1n desviadas<br \/>La previsible gran afluencia de personas a pie tambi\u00e9n aconseja el cierre temporal del Puente de Piedra y de la calle Don Jaime<\/p>\n<p>      Cuerpo de la noticia<\/p>\n<p>El acto de encendido de la iluminaci\u00f3n navide\u00f1a, que este a\u00f1o se celebra en la Plaza de Espa\u00f1a, har\u00e1 necesario suspender temporalmente el tr\u00e1fico de veh\u00edculos por Independencia a lo largo de la tarde del s\u00e1bado. Tambi\u00e9n se ha previsto el cierre del Puente de Piedra y de la calle Don Jaime. La prevista presencia de p\u00fablico implica esta medida para garantizar la seguridad peatonal en este entorno.\u00a0<\/p>\n<p>Adem\u00e1s del tr\u00e1fico privado y de taxis, este corte afectar\u00e1 a distintas l\u00edneas de autob\u00fas urbano y al tranv\u00eda. El horario aproximado de estas afecciones ser\u00e1 de 16,30 a 20,00 horas, siguiendo siempre, en todo caso, las indicaciones sobre el terreno de la Polic\u00eda Local.<\/p>\n<p>En cuando al autob\u00fas, las l\u00edneas que ser\u00e1n temporalmente desviadas son la 21, 22, 28, 32, 35, 36 y 39. Los desv\u00edos ser\u00e1n los habituales en estos casos, utilizando el Puente del Pilar (Puente de Hierro). El detalle de los desv\u00edos est\u00e1 disponible en la web de <strong><a href=\"https:\/\/zaragoza.avanzagrupo.com\/desvios-autobus-encendido-navideno-lineas-21-22-28-32-35-36-y-39\/\" rel=\"nofollow noopener\" target=\"_blank\">Avanza Zaragoza<\/a><\/strong>.<\/p>\n<p>Respecto al tranv\u00eda, el servicio se prestar\u00e1 en bucles desde Avenida de la Academia a C\u00e9sar Augusto y desde Mago de Oz a Gran V\u00eda, tambi\u00e9n desde las 16,30 horas. Circunstancialmente, y debido a la coincidencia con la convocatoria de una manifestaci\u00f3n, ser\u00e1 tambi\u00e9n necesario cortar el tr\u00e1fico del tranv\u00eda entre la Gran V\u00eda y Romareda, por lo que en alg\u00fan tramo horario este medio de transporte s\u00f3lo llegar\u00e1 hasta la parada de Romareda. La informaci\u00f3n \u00abon line\u00bb de estas afecciones se ir\u00e1 publicando en la web de <strong><a href=\"https:\/\/www.tranviasdezaragoza.es\/interrupcion-parcial-del-servicio-el-sabado-30-de-noviembre-con-motivo-del-encendido-de-luces-de-navidad\/\" rel=\"nofollow noopener\" target=\"_blank\">Los Tranv\u00edas de Zaragoza<\/a><\/strong>.<\/p>\n","protected":false},"excerpt":{"rendered":"27 noviembre 2025 A partir de las 16,30 horas, aproximadamente, y hasta la conclusi\u00f3n del acto, el tranv\u00eda&hellip;\n","protected":false},"author":2,"featured_media":259528,"comment_status":"","ping_status":"","sticky":false,"template":"","format":"standard","meta":{"footnotes":""},"categories":[5],"tags":[17,18,25,24,13,14,11,19,20,9,10,15,16,23,12,21,22],"class_list":{"0":"post-259527","1":"post","2":"type-post","3":"status-publish","4":"format-standard","5":"has-post-thumbnail","7":"category-titulares","8":"tag-breaking-news","9":"tag-breakingnews","10":"tag-es","11":"tag-espana","12":"tag-featured-news","13":"tag-featurednews","14":"tag-headlines","15":"tag-latest-news","16":"tag-latestnews","17":"tag-news","18":"tag-noticias","19":"tag-noticias-destacadas","20":"tag-noticiasdestacadas","21":"tag-spain","22":"tag-titulares","23":"tag-ultimas-noticias","24":"tag-ultimasnoticias"},"share_on_mastodon":{"url":"https:\/\/pubeurope.com\/@es\/115624783642215563","error":""},"_links":{"self":[{"href":"https:\/\/www.europesays.com\/es\/wp-json\/wp\/v2\/posts\/259527","targetHints":{"allow":["GET"]}}],"collection":[{"href":"https:\/\/www.europesays.com\/es\/wp-json\/wp\/v2\/posts"}],"about":[{"href":"https:\/\/www.europesays.com\/es\/wp-json\/wp\/v2\/types\/post"}],"author":[{"embeddable":true,"href":"https:\/\/www.europesays.com\/es\/wp-json\/wp\/v2\/users\/2"}],"replies":[{"embeddable":true,"href":"https:\/\/www.europesays.com\/es\/wp-json\/wp\/v2\/comments?post=259527"}],"version-history":[{"count":0,"href":"https:\/\/www.europesays.com\/es\/wp-json\/wp\/v2\/posts\/259527\/revisions"}],"wp:featuredmedia":[{"embeddable":true,"href":"https:\/\/www.europesays.com\/es\/wp-json\/wp\/v2\/media\/259528"}],"wp:attachment":[{"href":"https:\/\/www.europesays.com\/es\/wp-json\/wp\/v2\/media?parent=259527"}],"wp:term":[{"taxonomy":"category","embeddable":true,"href":"https:\/\/www.europesays.com\/es\/wp-json\/wp\/v2\/categories?post=259527"},{"taxonomy":"post_tag","embeddable":true,"href":"https:\/\/www.europesays.com\/es\/wp-json\/wp\/v2\/tags?post=259527"}],"curies":[{"name":"wp","href":"https:\/\/api.w.org\/{rel}","templated":true}]}}