{"id":259553,"date":"2025-11-28T02:04:10","date_gmt":"2025-11-28T02:04:10","guid":{"rendered":"https:\/\/www.europesays.com\/es\/259553\/"},"modified":"2025-11-28T02:04:10","modified_gmt":"2025-11-28T02:04:10","slug":"una-dura-patada-de-amrabat-que-tambien-se-lesiono","status":"publish","type":"post","link":"https:\/\/www.europesays.com\/es\/259553\/","title":{"rendered":"una dura patada de Amrabat, que tambi\u00e9n se lesion\u00f3"},"content":{"rendered":"<p class=\"c-paragraph\">Las peores noticias para el <a href=\"https:\/\/www.20minutos.es\/tags\/deportes\/betis.html\" title=\"Betis\" rel=\"nofollow noopener\" target=\"_blank\">Real Betis<\/a>\u00a0se han confirmado tras su victoria europea ante el Utrecht:\u00a0<b><a href=\"https:\/\/www.20minutos.es\/tags\/deportes\/isco-alarcon.html\" title=\"Isco Alarc\u00f3n\" rel=\"nofollow noopener\" target=\"_blank\">Isco Alarc\u00f3n<\/a> se perder\u00e1 el derbi del domingo ante el Sevilla tras retirarse lesionado<\/b> a los nueve minutos de partido, con una \u00abfuerte contusi\u00f3n y una herida a la altura de la tibia\u00bb derecha que precis\u00f3 de hasta siete puntos de sutura,\u00a0tras una surrealista acci\u00f3n con Sofyan Amrabat, que poco despu\u00e9s tuvo que ser sustituido tambi\u00e9n con problemas y tampoco estar\u00e1 en el duelo ante el cuadro hispalense.<\/p>\n<p class=\"c-paragraph\">La jugada desgraciada entre los dos futbolistas, que fueron sustituidos por Nelson Deossa y Pablo Fornals en los minutos 9 y 14, respectivamente, se produjo a los dos minutos del duelo con el Utrecht, cuando <b>el marroqu\u00ed se dispuso a chutar con fuerza a la porter\u00eda visitante<\/b>, sin darse cuenta de que el mediapunta malague\u00f1o iba a controlar el bal\u00f3n.<\/p>\n<p class=\"c-paragraph\">En esa acci\u00f3n fortuita, el centrocampista africano <b>impact\u00f3 con su pie derecho en la pierna diestra de Isco<\/b>, que volv\u00eda a la titularidad por primera vez tras la grave lesi\u00f3n en el peron\u00e9 izquierdo sufrida hace casi cuatro meses. A partir de ah\u00ed, al internacional espa\u00f1ol se le vio <b>cojeando hasta que en el 5&#8242; se tumb\u00f3 en el c\u00e9sped<\/b> para ser asistido en la banda.<\/p>\n<p class=\"c-paragraph\">El jugador de Arroyo de la Miel, faro y gu\u00eda del juego ofensivo del Betis, volvi\u00f3 al campo con un vendaje en la zona del tobillo y de la parte baja del peron\u00e9 para intentar seguir, pero poco despu\u00e9s pidi\u00f3 el cambio y se retir\u00f3 a los vestuarios <b>cojeando y ayudado por los auxiliares del equipo<\/b> y por su director deportivo, Manu Fajardo, quien baj\u00f3 a esa \u00e1rea del estadio para interesarse por su capit\u00e1n.<\/p>\n<p class=\"c-paragraph\">Cinco minutos m\u00e1s tarde, Amrabat, el otro protagonista involuntario de esa acci\u00f3n desafortunada, <b>tambi\u00e9n fue sustituido por Fornals por el da\u00f1o sufrido<\/b> en esa jugada en la que pate\u00f3 involuntariamente a su compa\u00f1ero.<\/p>\n<p class=\"c-paragraph\">La imagen de ambos dej\u00f3 preocupaci\u00f3n en el Betis a tres d\u00edas de enfrentarse en Liga al Sevilla, y <b>fue el propio Manuel Pellegrini el encargado de confirmar los peores presagios<\/b>: Isco, tras recibir siete puntos de sutura en una herida en la tibia, no estar\u00e1 disponible el domingo, mientras que Amrabat es seria duda tras dolerse del tobillo.<\/p>\n","protected":false},"excerpt":{"rendered":"Las peores noticias para el Real Betis\u00a0se han confirmado tras su victoria europea ante el Utrecht:\u00a0Isco Alarc\u00f3n se&hellip;\n","protected":false},"author":2,"featured_media":259554,"comment_status":"","ping_status":"","sticky":false,"template":"","format":"standard","meta":{"footnotes":""},"categories":[5],"tags":[32527,291,17,18,25,24,13447,13,14,282,11,18554,19,20,9,10,15,16,23,12,21,22],"class_list":{"0":"post-259553","1":"post","2":"type-post","3":"status-publish","4":"format-standard","5":"has-post-thumbnail","7":"category-titulares","8":"tag-amrabat","9":"tag-betis","10":"tag-breaking-news","11":"tag-breakingnews","12":"tag-es","13":"tag-espana","14":"tag-europa-league","15":"tag-featured-news","16":"tag-featurednews","17":"tag-futbol","18":"tag-headlines","19":"tag-isco-alarcon","20":"tag-latest-news","21":"tag-latestnews","22":"tag-news","23":"tag-noticias","24":"tag-noticias-destacadas","25":"tag-noticiasdestacadas","26":"tag-spain","27":"tag-titulares","28":"tag-ultimas-noticias","29":"tag-ultimasnoticias"},"share_on_mastodon":{"url":"https:\/\/pubeurope.com\/@es\/115624874044423960","error":""},"_links":{"self":[{"href":"https:\/\/www.europesays.com\/es\/wp-json\/wp\/v2\/posts\/259553","targetHints":{"allow":["GET"]}}],"collection":[{"href":"https:\/\/www.europesays.com\/es\/wp-json\/wp\/v2\/posts"}],"about":[{"href":"https:\/\/www.europesays.com\/es\/wp-json\/wp\/v2\/types\/post"}],"author":[{"embeddable":true,"href":"https:\/\/www.europesays.com\/es\/wp-json\/wp\/v2\/users\/2"}],"replies":[{"embeddable":true,"href":"https:\/\/www.europesays.com\/es\/wp-json\/wp\/v2\/comments?post=259553"}],"version-history":[{"count":0,"href":"https:\/\/www.europesays.com\/es\/wp-json\/wp\/v2\/posts\/259553\/revisions"}],"wp:featuredmedia":[{"embeddable":true,"href":"https:\/\/www.europesays.com\/es\/wp-json\/wp\/v2\/media\/259554"}],"wp:attachment":[{"href":"https:\/\/www.europesays.com\/es\/wp-json\/wp\/v2\/media?parent=259553"}],"wp:term":[{"taxonomy":"category","embeddable":true,"href":"https:\/\/www.europesays.com\/es\/wp-json\/wp\/v2\/categories?post=259553"},{"taxonomy":"post_tag","embeddable":true,"href":"https:\/\/www.europesays.com\/es\/wp-json\/wp\/v2\/tags?post=259553"}],"curies":[{"name":"wp","href":"https:\/\/api.w.org\/{rel}","templated":true}]}}