{"id":259569,"date":"2025-11-28T02:20:20","date_gmt":"2025-11-28T02:20:20","guid":{"rendered":"https:\/\/www.europesays.com\/es\/259569\/"},"modified":"2025-11-28T02:20:20","modified_gmt":"2025-11-28T02:20:20","slug":"utrecht-las-notas-de-los-jugadores-hay-argumentos-para-una-nueva-pelicula-de-isco","status":"publish","type":"post","link":"https:\/\/www.europesays.com\/es\/259569\/","title":{"rendered":"Utrecht, las notas de los jugadores: hay argumentos para una nueva pel\u00edcula de Isco"},"content":{"rendered":"<p>27\/11\/2025<br \/>\n<br \/><strong><br \/>\nActualizado 28\/11\/2025 a las 00:33h.<br \/>\n<\/strong><\/p>\n<p class=\"voc-save-news__paragraph\">Esta funcionalidad es s\u00f3lo para suscriptores<\/p>\n<p><a href=\"https:\/\/secure.abc.es\/suscripcion#vca=suscribete&amp;vso=abcdesevilla&amp;vmc=on&amp;vli=comentarios-btn-flujo\" data-voc-vtm-id=\"comienzoSuscripcionON\" data-voc-vtm-info=\"btncomentar\" class=\"voc-btn voc-btn--w voc-btn--xs voc-save-news__btn\" rel=\"nofollow noopener\" target=\"_blank\"><br \/>\nSuscribete<br \/>\n<\/a><\/p>\n<p class=\"voc-p\" style=\"\">El <strong>Betis<\/strong> ha ganado este jueves al <strong>Utrecht<\/strong> y cuenta con 11 puntos despu\u00e9s de cinco jornadas en la fase de liga de la Europa League. <\/p>\n<p class=\"voc-p\" style=\"\">El equipo verdiblanco inici\u00f3 el partido de este jueves con siete cambios en la alineaci\u00f3n respecto al  &#8230; del domingo anterior contra el Girona. Entre las novedades en el once se encontraba <strong>Isco<\/strong>, que apenas estuvo unos minutos en el campo. El capit\u00e1n verdiblanco choc\u00f3 con su compa\u00f1ero<strong> Amrabat<\/strong> en la b\u00fasqueda de un bal\u00f3n y ambos tuvieron que ser sustituidos. <\/p>\n<p class=\"voc-p\" style=\"\">Al filo del descanso lleg\u00f3 el 1-0 con un remate de cabeza de <strong>Cucho Hern\u00e1ndez<\/strong> a pase de Antony. Al poco de comenzar el segundo tiempo marc\u00f3 el Betis su segundo gol obra de <strong>Abde<\/strong> con un gran remate. Y apenas cinco minutos despu\u00e9s lleg\u00f3 el definitivo 2-1 con un lanzamiento de Miguel Rodr\u00edguez desde el centro del campo.<\/p>\n<p>AS\u00cd JUGARON<\/p>\n<p><img decoding=\"async\" loading=\"lazy\" src=\"https:\/\/www.europesays.com\/es\/wp-content\/uploads\/2025\/11\/VALLES-U01667228161Ybq-198x111@diario_abc.jpg\" class=\"voc-img\" width=\"198\" height=\"111\" alt=\"Imagen principal - APROBADO\"\/><\/p>\n<p class=\"voc-pretitle\">VALLES<\/p>\n<p>APROBADO<\/p>\n<p class=\"voc-p\">Buen despeje en una llegada del Utrecht justo tras la sustituci\u00f3n de Isco. Sorprendido en el gran lanzamiento de Miguel Rodr\u00edguez desde el centro del campo<\/p>\n<p><img decoding=\"async\" loading=\"lazy\" src=\"https:\/\/www.europesays.com\/es\/wp-content\/uploads\/2025\/11\/ORTIZ-U34383643428sbw-198x111@diario_abc.jpg\" class=\"voc-img\" width=\"198\" height=\"111\" alt=\"Imagen principal - APROBADO\"\/><\/p>\n<p class=\"voc-pretitle\">ORTIZ<\/p>\n<p>APROBADO<\/p>\n<p class=\"voc-p\">Alguna buena incorporaci\u00f3n al \u00e1rea contraria generando peligro con pases. Mejor en ataque que a la hora de defender.<\/p>\n<p><img decoding=\"async\" loading=\"lazy\" src=\"https:\/\/www.europesays.com\/es\/wp-content\/uploads\/2025\/11\/LLORENTE-U44462231557SSI-198x111@diario_abc.jpg\" class=\"voc-img\" width=\"198\" height=\"111\" alt=\"Imagen principal - APROBADO\"\/><\/p>\n<p class=\"voc-pretitle\">LLORENTE<\/p>\n<p>APROBADO<\/p>\n<p class=\"voc-p\">Va teniendo minutos que le deben servir para recuperar las mejores sensaciones<\/p>\n<p><img decoding=\"async\" loading=\"lazy\" src=\"https:\/\/www.europesays.com\/es\/wp-content\/uploads\/2025\/11\/NATAN-U55484207132jKl-198x111@diario_abc.jpg\" class=\"voc-img\" width=\"198\" height=\"111\" alt=\"Imagen principal - APROBADO\"\/><\/p>\n<p class=\"voc-pretitle\">NATAN<\/p>\n<p>APROBADO<\/p>\n<p class=\"voc-p\">Atento para llegar en el momento exacto a cruces en zona defensiva.<\/p>\n<p><img decoding=\"async\" loading=\"lazy\" src=\"https:\/\/www.europesays.com\/es\/wp-content\/uploads\/2025\/11\/RICARDO-U54544603120JMD-198x111@diario_abc.jpg\" class=\"voc-img\" width=\"198\" height=\"111\" alt=\"Imagen principal - APROBADO\"\/><\/p>\n<p class=\"voc-pretitle\">RICARDO<\/p>\n<p>APROBADO<\/p>\n<p class=\"voc-p\">Cumpli\u00f3 a la hora de defender y no se incorpor\u00f3 mucho. Tarjeta amarilla en los \u00faltimos minutos que le deja sin opciones para el siguiente partido.<\/p>\n<p><img decoding=\"async\" loading=\"lazy\" src=\"https:\/\/www.europesays.com\/es\/wp-content\/uploads\/2025\/11\/ALTIMIRA-U32553837302sSu-198x111@diario_abc.jpg\" class=\"voc-img\" width=\"198\" height=\"111\" alt=\"Imagen principal - APROBADO\"\/><\/p>\n<p class=\"voc-pretitle\">ALTIMIRA<\/p>\n<p>APROBADO<\/p>\n<p class=\"voc-p\">No termina de dar el paso y lleg\u00f3 en ocasiones tarde a la disputa de bal\u00f3n tanto en la medular como cerca del \u00e1rea propia<\/p>\n<p><img decoding=\"async\" loading=\"lazy\" src=\"https:\/\/www.europesays.com\/es\/wp-content\/uploads\/2025\/11\/amrabat-U56306675257gAb-198x111@diario_abc.jpg\" class=\"voc-img\" width=\"198\" height=\"111\" alt=\"Imagen principal - SIN CALIFICAR\"\/><\/p>\n<p class=\"voc-pretitle\">AMRABAT<\/p>\n<p>SIN CALIFICAR<\/p>\n<p class=\"voc-p\">Protagonista en una de las acciones m\u00e1s inveros\u00edmiles de la historia del f\u00fatbol. Sustituido al cuarto de hora. <\/p>\n<p><img decoding=\"async\" loading=\"lazy\" src=\"https:\/\/www.europesays.com\/es\/wp-content\/uploads\/2025\/11\/antony-betis-U60158753374OIa-198x111@diario_abc.jpg\" class=\"voc-img\" width=\"198\" height=\"111\" alt=\"Imagen principal - BIEN\"\/><\/p>\n<p class=\"voc-pretitle\">ANTONY<\/p>\n<p>BIEN<\/p>\n<p class=\"voc-p\">No parec\u00eda encontrarse c\u00f3modo en el transcurso del primer tiempo hasta que sac\u00f3 un centro medido que Cucho aprovech\u00f3<\/p>\n<p><img decoding=\"async\" loading=\"lazy\" src=\"https:\/\/www.europesays.com\/es\/wp-content\/uploads\/2025\/11\/ISCO-U52744817415ZAB-198x111@diario_abc.jpg\" class=\"voc-img\" width=\"198\" height=\"111\" alt=\"Imagen principal - SIN CALIFICAR\"\/><\/p>\n<p class=\"voc-pretitle\">ISCO<\/p>\n<p>SIN CALIFICAR<\/p>\n<p class=\"voc-p\">Nombre propio por su vuelta a la titularidad y por una jugada que dio la vuelta al planeta futbol\u00edstico en cuesti\u00f3n de minutos<\/p>\n<p><img decoding=\"async\" loading=\"lazy\" src=\"https:\/\/www.europesays.com\/es\/wp-content\/uploads\/2025\/11\/ABDE-U54610181661nFa-198x111@diario_abc.jpg\" class=\"voc-img\" width=\"198\" height=\"111\" alt=\"Imagen principal - NOTABLE\"\/><\/p>\n<p class=\"voc-pretitle\">ABDE<\/p>\n<p>NOTABLE<\/p>\n<p class=\"voc-p\">Mejor cuando tuvo metros para conducir y acercarse al \u00e1rea contraria. Ah\u00ed se encuentra c\u00f3modo. Gran remate para hacer el segundo gol b\u00e9tico<\/p>\n<p><img decoding=\"async\" loading=\"lazy\" src=\"https:\/\/www.europesays.com\/es\/wp-content\/uploads\/2025\/11\/CUCHO-U28460454858nCR-198x111@diario_abc.jpg\" class=\"voc-img\" width=\"198\" height=\"111\" alt=\"Imagen principal - NOTABLE\"\/><\/p>\n<p class=\"voc-pretitle\">CUCHO<\/p>\n<p>NOTABLE<\/p>\n<p class=\"voc-p\">En su h\u00e1bitat. Leyendo a la perfecci\u00f3n el centro de Antony y marcando los tiempos para rematar de cabeza y llevar el bal\u00f3n a la red. Muy bien en el inicio de la jugada del segundo gol b\u00e9tico<\/p>\n<p><img decoding=\"async\" loading=\"lazy\" src=\"https:\/\/www.europesays.com\/es\/wp-content\/uploads\/2025\/11\/DEOSSA-U26474430545feR-198x111@diario_abc.jpg\" class=\"voc-img\" width=\"198\" height=\"111\" alt=\"Imagen principal - APROBADO\"\/><\/p>\n<p class=\"voc-pretitle\">DEOSSA<\/p>\n<p>APROBADO<\/p>\n<p class=\"voc-p\">Tuvo pr\u00e1cticamente todo el partido pero le falt\u00f3 continuidad. Prob\u00f3 fortuna en el primer tiempo<\/p>\n<p><img decoding=\"async\" loading=\"lazy\" src=\"https:\/\/www.europesays.com\/es\/wp-content\/uploads\/2025\/11\/FORNALS-U37140614880nba-198x111@diario_abc.jpg\" class=\"voc-img\" width=\"198\" height=\"111\" alt=\"Imagen principal - BIEN\"\/><\/p>\n<p class=\"voc-pretitle\">FORNALS<\/p>\n<p>BIEN<\/p>\n<p class=\"voc-p\">El bal\u00f3n b\u00e9tico pas\u00f3 por sus botas. Buena apertura para Abde en el 2-0.<\/p>\n<p><img decoding=\"async\" loading=\"lazy\" src=\"https:\/\/www.europesays.com\/es\/wp-content\/uploads\/2025\/11\/CHIMY-U44706845243eXG-198x111@diario_abc.jpg\" class=\"voc-img\" width=\"198\" height=\"111\" alt=\"Imagen principal - APROBADO\"\/><\/p>\n<p class=\"voc-pretitle\">CHIMY<\/p>\n<p>APROBADO<\/p>\n<p class=\"voc-p\">Gan\u00f3 un bal\u00f3n y lo intent\u00f3 sin fortuna<\/p>\n<p><img decoding=\"async\" loading=\"lazy\" src=\"https:\/\/www.europesays.com\/es\/wp-content\/uploads\/2025\/11\/pablo-garcia-U53780661468bbS-198x111@diario_abc.jpg\" class=\"voc-img\" width=\"198\" height=\"111\" alt=\"Imagen principal - APROBADO\"\/><\/p>\n<p class=\"voc-pretitle\">PABLO GARC\u00cdA<\/p>\n<p>APROBADO<\/p>\n<p class=\"voc-p\">Ocasi\u00f3n en la que se encontr\u00f3 con el portero<\/p>\n<p><img decoding=\"async\" loading=\"lazy\" src=\"https:\/\/www.europesays.com\/es\/wp-content\/uploads\/2025\/11\/pellegrini-betis-U18280733322MMc-198x111@diario_abc.jpg\" class=\"voc-img\" width=\"198\" height=\"111\" alt=\"Imagen principal - APROBADO\"\/><\/p>\n<p class=\"voc-pretitle\">PELLEGRINI<\/p>\n<p>APROBADO<\/p>\n<p class=\"voc-p\">Triunfo importante para las cuentas en la Europa League. Pasar\u00e1n los a\u00f1os y continuar\u00e1 el debate sobre la alineaci\u00f3n de hoy.<\/p>\n<p><img loading=\"lazy\" decoding=\"async\" width=\"530\" height=\"64\" class=\"logo-premium\" src=\"data:image\/gif;base64,R0lGODlhAQABAAAAACH5BAEKAAEALAAAAAABAAEAAAICTAEAOw==\" alt=\"ABC Premium\"\/><br \/>\nL\u00edmite de sesiones alcanzadas<\/p>\n<ul class=\"listado\">\n<li>El acceso al contenido Premium est\u00e1 abierto por cortes\u00eda del establecimiento donde te encuentras, pero ahora mismo hay demasiados usuarios conectados a la vez. Por favor, int\u00e9ntalo pasados unos minutos.<\/li>\n<\/ul>\n<p>Volver a intentar<\/p>\n<p><img loading=\"lazy\" decoding=\"async\" width=\"530\" height=\"64\" class=\"logo-premium\" src=\"data:image\/gif;base64,R0lGODlhAQABAAAAACH5BAEKAAEALAAAAAABAAEAAAICTAEAOw==\" alt=\"ABC Premium\"\/><br \/>\nHas superado el l\u00edmite de sesiones<\/p>\n<ul class=\"listado\">\n<li>S\u00f3lo puedes tener tres sesiones iniciadas a la vez. Hemos cerrado la sesi\u00f3n m\u00e1s antigua para que sigas navegando sin l\u00edmites en el resto.<\/li>\n<\/ul>\n<p>Sigue navegando<\/p>\n<p>\nArt\u00edculo solo para suscriptores\n<\/p>\n<p>Reportar un error<\/p>\n<p class=\"voc-save-news__paragraph\">Esta funcionalidad es s\u00f3lo para suscriptores<\/p>\n<p><a href=\"https:\/\/secure.abc.es\/suscripcion#vca=suscribete&amp;vso=abcdesevilla&amp;vmc=on&amp;vli=comentarios-btn-flujo\" data-voc-vtm-id=\"comienzoSuscripcionON\" data-voc-vtm-info=\"btncomentar\" class=\"voc-btn voc-btn--w voc-btn--xs voc-save-news__btn\" rel=\"nofollow noopener\" target=\"_blank\"><br \/>\nSuscribete<br \/>\n<\/a><\/p>\n","protected":false},"excerpt":{"rendered":"27\/11\/2025 Actualizado 28\/11\/2025 a las 00:33h. Esta funcionalidad es s\u00f3lo para suscriptores Suscribete El Betis ha ganado este&hellip;\n","protected":false},"author":2,"featured_media":259570,"comment_status":"","ping_status":"","sticky":false,"template":"","format":"standard","meta":{"footnotes":""},"categories":[93],"tags":[291,168,25,24,2713,17754,23,167,64297],"class_list":{"0":"post-259569","1":"post","2":"type-post","3":"status-publish","4":"format-standard","5":"has-post-thumbnail","7":"category-deportes","8":"tag-betis","9":"tag-deportes","10":"tag-es","11":"tag-espana","12":"tag-jugadores","13":"tag-notas","14":"tag-spain","15":"tag-sports","16":"tag-utrecht"},"share_on_mastodon":{"url":"https:\/\/pubeurope.com\/@es\/115624937332629689","error":""},"_links":{"self":[{"href":"https:\/\/www.europesays.com\/es\/wp-json\/wp\/v2\/posts\/259569","targetHints":{"allow":["GET"]}}],"collection":[{"href":"https:\/\/www.europesays.com\/es\/wp-json\/wp\/v2\/posts"}],"about":[{"href":"https:\/\/www.europesays.com\/es\/wp-json\/wp\/v2\/types\/post"}],"author":[{"embeddable":true,"href":"https:\/\/www.europesays.com\/es\/wp-json\/wp\/v2\/users\/2"}],"replies":[{"embeddable":true,"href":"https:\/\/www.europesays.com\/es\/wp-json\/wp\/v2\/comments?post=259569"}],"version-history":[{"count":0,"href":"https:\/\/www.europesays.com\/es\/wp-json\/wp\/v2\/posts\/259569\/revisions"}],"wp:featuredmedia":[{"embeddable":true,"href":"https:\/\/www.europesays.com\/es\/wp-json\/wp\/v2\/media\/259570"}],"wp:attachment":[{"href":"https:\/\/www.europesays.com\/es\/wp-json\/wp\/v2\/media?parent=259569"}],"wp:term":[{"taxonomy":"category","embeddable":true,"href":"https:\/\/www.europesays.com\/es\/wp-json\/wp\/v2\/categories?post=259569"},{"taxonomy":"post_tag","embeddable":true,"href":"https:\/\/www.europesays.com\/es\/wp-json\/wp\/v2\/tags?post=259569"}],"curies":[{"name":"wp","href":"https:\/\/api.w.org\/{rel}","templated":true}]}}