{"id":259577,"date":"2025-11-28T02:26:15","date_gmt":"2025-11-28T02:26:15","guid":{"rendered":"https:\/\/www.europesays.com\/es\/259577\/"},"modified":"2025-11-28T02:26:15","modified_gmt":"2025-11-28T02:26:15","slug":"pamplona-celebra-este-sabado-la-festividad-de-san-saturnino-con-la-comparsa-de-gigantes-y-cabezudos-salida-de-la-corporacion-en-cuerpo-de-ciudad-y-procesion","status":"publish","type":"post","link":"https:\/\/www.europesays.com\/es\/259577\/","title":{"rendered":"Pamplona celebra este s\u00e1bado la festividad de San Saturnino con la comparsa de Gigantes y Cabezudos, salida de la Corporaci\u00f3n en cuerpo de ciudad y procesi\u00f3n"},"content":{"rendered":"<p>        Pamplona celebra este s\u00e1bado la festividad de San Saturnino con la comparsa de Gigantes y Cabezudos, salida de la Corporaci\u00f3n en cuerpo de ciudad y procesi\u00f3n | Ayuntamiento de Pamplona<\/p>\n<p><a href=\"#main-content\" class=\"visually-hidden focusable skip-link\"><br \/>\n    Pasar al contenido principal<br \/>\n<\/a><\/p>\n<ol class=\"breadcrumb\">\n<li>\n                  <a href=\"https:\/\/www.pamplona.es\/actualidad\" rel=\"nofollow noopener\" target=\"_blank\">Actualidad<\/a>\n              <\/li>\n<li>\n                  <a href=\"https:\/\/www.pamplona.es\/actualidad\/noticias\" rel=\"nofollow noopener\" target=\"_blank\">Noticias<\/a>\n              <\/li>\n<li class=\"active\">\n                  Pamplona celebra este s\u00e1bado la festividad de San Saturnino con la comparsa de Gigantes y Cabezudos, salida de la Corporaci\u00f3n en cuerpo de ciudad y procesi\u00f3n\n              <\/li>\n<\/ol>\n<p>                                                    <a id=\"main-content\"\/><\/p>\n","protected":false},"excerpt":{"rendered":"Pamplona celebra este s\u00e1bado la festividad de San Saturnino con la comparsa de Gigantes y Cabezudos, salida de&hellip;\n","protected":false},"author":2,"featured_media":259578,"comment_status":"","ping_status":"","sticky":false,"template":"","format":"standard","meta":{"footnotes":""},"categories":[8],"tags":[17,18,25,24,13,14,11,19,20,9,10,15,16,23,12,21,22],"class_list":{"0":"post-259577","1":"post","2":"type-post","3":"status-publish","4":"format-standard","5":"has-post-thumbnail","7":"category-espana","8":"tag-breaking-news","9":"tag-breakingnews","10":"tag-es","11":"tag-espana","12":"tag-featured-news","13":"tag-featurednews","14":"tag-headlines","15":"tag-latest-news","16":"tag-latestnews","17":"tag-news","18":"tag-noticias","19":"tag-noticias-destacadas","20":"tag-noticiasdestacadas","21":"tag-spain","22":"tag-titulares","23":"tag-ultimas-noticias","24":"tag-ultimasnoticias"},"share_on_mastodon":{"url":"https:\/\/pubeurope.com\/@es\/115624960633817580","error":""},"_links":{"self":[{"href":"https:\/\/www.europesays.com\/es\/wp-json\/wp\/v2\/posts\/259577","targetHints":{"allow":["GET"]}}],"collection":[{"href":"https:\/\/www.europesays.com\/es\/wp-json\/wp\/v2\/posts"}],"about":[{"href":"https:\/\/www.europesays.com\/es\/wp-json\/wp\/v2\/types\/post"}],"author":[{"embeddable":true,"href":"https:\/\/www.europesays.com\/es\/wp-json\/wp\/v2\/users\/2"}],"replies":[{"embeddable":true,"href":"https:\/\/www.europesays.com\/es\/wp-json\/wp\/v2\/comments?post=259577"}],"version-history":[{"count":0,"href":"https:\/\/www.europesays.com\/es\/wp-json\/wp\/v2\/posts\/259577\/revisions"}],"wp:featuredmedia":[{"embeddable":true,"href":"https:\/\/www.europesays.com\/es\/wp-json\/wp\/v2\/media\/259578"}],"wp:attachment":[{"href":"https:\/\/www.europesays.com\/es\/wp-json\/wp\/v2\/media?parent=259577"}],"wp:term":[{"taxonomy":"category","embeddable":true,"href":"https:\/\/www.europesays.com\/es\/wp-json\/wp\/v2\/categories?post=259577"},{"taxonomy":"post_tag","embeddable":true,"href":"https:\/\/www.europesays.com\/es\/wp-json\/wp\/v2\/tags?post=259577"}],"curies":[{"name":"wp","href":"https:\/\/api.w.org\/{rel}","templated":true}]}}