{"id":259580,"date":"2025-11-28T02:35:10","date_gmt":"2025-11-28T02:35:10","guid":{"rendered":"https:\/\/www.europesays.com\/es\/259580\/"},"modified":"2025-11-28T02:35:10","modified_gmt":"2025-11-28T02:35:10","slug":"espectacular-y-victorioso-debut-del-tudelano-osobor-con-la-seleccion","status":"publish","type":"post","link":"https:\/\/www.europesays.com\/es\/259580\/","title":{"rendered":"Espectacular y victorioso debut del tudelano Osobor con la selecci\u00f3n"},"content":{"rendered":"<p class=\"paragraph\">No se puede pedir m\u00e1s. En su debut con la selecci\u00f3n espa\u00f1ola de baloncesto, <b>Great Osobor<\/b> ha maravillado a propios y extra\u00f1os. El navarro ha sido el segundo anotador en el encuentro ante <b>Dinamarca<\/b>, que ha ganado <b>Espa\u00f1a <\/b>64-74. Osobor ha anotado en su primer encuentro oficial como miembro de La Familia <b>12 puntos y ha realizado 8 rebotes, brillando en ambas canastas.<\/b><\/p>\n<p class=\"paragraph\">El tudelano se ha animado desde el principio y ha protagonizado dos mates que han sido compartidos en redes sociales por la propia Federaci\u00f3n Espa\u00f1ola de Baloncesto.<\/p>\n<p class=\"paragraph\">Osobor no ha formado parte del quinteto inicial pero despu\u00e9s <b>ha acumulado 18 minutos en la cancha<\/b>. S\u00f3lo ha marcado m\u00e1s puntos que \u00e9l Jaime Fern\u00e1ndez (15) y ha sido el m\u00e1ximo reboteador del partido junto a Oriol Paul\u00ed.<\/p>\n<p class=\"paragraph\">Los aficionados y expertos del baloncesto no ocultaron su asombro por la actuaci\u00f3n del tudelano, todav\u00eda un desconocido para el gran p\u00fablico porque, tras dejar Tudela, ha desarrollado su carrera entre Inglaterra, Estados Unidos y, ahora, Alemania.<\/p>\n<p class=\"c-detail__box__title\"><b>Una victoria con ritmo y defensa para no olvidar (64-74)<\/b><\/p>\n<p class=\"paragraph\">La selecci\u00f3n espa\u00f1ola masculina de baloncesto venci\u00f3 (64-74) a la de <b>Dinamarca <\/b>en el inicio de la fase de clasificaci\u00f3n para el Mundial 2027 y <b>el primer partido del navarro Great Osobor y de Chus Mateo como t\u00e9cnico,<\/b> dominadora de principio a fin lejos de casa. Espa\u00f1a, con solo Santi Yusta repitiendo tras el flojo <b>Eurobasket <\/b>del pasado verano, cumpli\u00f3 con buena defensa, ritmo y un triunfo que ayuda a crecer.\u00a0<\/p>\n<p class=\"paragraph\">Con una actuaci\u00f3n coral, destacaron Jaime Fern\u00e1ndez, Oriol Paul\u00ed, Alberto D\u00edaz, Dani D\u00edez o Great Osobor. Dentro del Grupo A, <b>la doble campeona del mundo se medir\u00e1 el domingo contra Georgia en La Laguna (Tenerife) en la segunda jornada.<\/b>\u00a0<\/p>\n<p class=\"paragraph\">El Farum Arena dan\u00e9s empez\u00f3 una nueva era, la que tiene a Mateo, ex del Real Madrid, al frente de La Familia tras <b>Sergio Scariolo<\/b> con vistas a ese Mundobasket y a los Juegos Ol\u00edmpicos de Los \u00c1ngeles 2028.<b> Espa\u00f1a encontr\u00f3 el juego interior con el debutante Osobor <\/b>y una buena irrupci\u00f3n de Dani D\u00edez.\u00a0<\/p>\n<p class=\"paragraph\">Dinamarca volvi\u00f3 a apretar el marcador pero Jaime Fern\u00e1ndez acapar\u00f3 el triple de los suyos para sacar la renta al descanso (33-45), sostenida tambi\u00e9n con las oportunidades extra de un contundente dominio en el rebote (13-25). <b>Ambos equipos hicieron su guerra en defensa<\/b>, tratando los locales de proteger mejor su pintura, pero Espa\u00f1a encontr\u00f3 m\u00e1s armas para mantener la renta de cara al \u00faltimo cuarto (47-60). Tobias Jensen, m\u00e1ximo anotador del encuentro con 20 puntos, se empe\u00f1\u00f3 en dar algo m\u00e1s de emoci\u00f3n.<b> Osobor, en su estreno internacional, se qued\u00f3 la guinda en Farum<\/b>, mirando ya Espa\u00f1a al segundo asalto.<\/p>\n<p class=\"c-detail__box__title\"><b>DINAMARCA 64 ESPA\u00d1A 74\u00a0\u00a0<br \/><\/b>Dinamarca: Jensen (20), Knudsen (11), Erikstrup (10), Larsen (4) y Dibba (11) &#8211;quinteto inicial&#8211;, Moeller (-), Pedersen (5), Heede-Andersen (3), Jukic (-), Klussmann (-). n Espa\u00f1a: D\u00edaz (6), Fern\u00e1ndez (15), Yusta (10), D\u00edez (4) y Guerra (2) &#8211;quinteto inicial&#8211;, Osobor (12), C\u00e1rdenas (6), Alonso (5), Paul\u00ed (8), Reyes (-), Almansa (4), Costa (2). n Parciales: 23-25, 10-20, 14-15, 17-14. n \u00c1rbitros: Kozlovskis, Proc y Zupancic. Eliminado Pedersen por faltas. n Incidencias: Farum Arena.<\/p>\n","protected":false},"excerpt":{"rendered":"No se puede pedir m\u00e1s. En su debut con la selecci\u00f3n espa\u00f1ola de baloncesto, Great Osobor ha maravillado&hellip;\n","protected":false},"author":2,"featured_media":259581,"comment_status":"","ping_status":"","sticky":false,"template":"","format":"standard","meta":{"footnotes":""},"categories":[269],"tags":[299,298,5437,168,25,24,5604,16028,23,167,16026,16024],"class_list":{"0":"post-259580","1":"post","2":"type-post","3":"status-publish","4":"format-standard","5":"has-post-thumbnail","7":"category-baloncesto","8":"tag-baloncesto","9":"tag-basketball","10":"tag-debut","11":"tag-deportes","12":"tag-es","13":"tag-espana","14":"tag-espectacular","15":"tag-osobor","16":"tag-spain","17":"tag-sports","18":"tag-tudelano","19":"tag-victorioso"},"share_on_mastodon":{"url":"https:\/\/pubeurope.com\/@es\/115624996008485435","error":""},"_links":{"self":[{"href":"https:\/\/www.europesays.com\/es\/wp-json\/wp\/v2\/posts\/259580","targetHints":{"allow":["GET"]}}],"collection":[{"href":"https:\/\/www.europesays.com\/es\/wp-json\/wp\/v2\/posts"}],"about":[{"href":"https:\/\/www.europesays.com\/es\/wp-json\/wp\/v2\/types\/post"}],"author":[{"embeddable":true,"href":"https:\/\/www.europesays.com\/es\/wp-json\/wp\/v2\/users\/2"}],"replies":[{"embeddable":true,"href":"https:\/\/www.europesays.com\/es\/wp-json\/wp\/v2\/comments?post=259580"}],"version-history":[{"count":0,"href":"https:\/\/www.europesays.com\/es\/wp-json\/wp\/v2\/posts\/259580\/revisions"}],"wp:featuredmedia":[{"embeddable":true,"href":"https:\/\/www.europesays.com\/es\/wp-json\/wp\/v2\/media\/259581"}],"wp:attachment":[{"href":"https:\/\/www.europesays.com\/es\/wp-json\/wp\/v2\/media?parent=259580"}],"wp:term":[{"taxonomy":"category","embeddable":true,"href":"https:\/\/www.europesays.com\/es\/wp-json\/wp\/v2\/categories?post=259580"},{"taxonomy":"post_tag","embeddable":true,"href":"https:\/\/www.europesays.com\/es\/wp-json\/wp\/v2\/tags?post=259580"}],"curies":[{"name":"wp","href":"https:\/\/api.w.org\/{rel}","templated":true}]}}