{"id":259582,"date":"2025-11-28T02:36:12","date_gmt":"2025-11-28T02:36:12","guid":{"rendered":"https:\/\/www.europesays.com\/es\/259582\/"},"modified":"2025-11-28T02:36:12","modified_gmt":"2025-11-28T02:36:12","slug":"espana-en-directo-sigue-el-partido-de-la-clasificacion-mundial-en-vivo-hoy","status":"publish","type":"post","link":"https:\/\/www.europesays.com\/es\/259582\/","title":{"rendered":"Espa\u00f1a, en directo: sigue el partido de la Clasificaci\u00f3n Mundial en vivo hoy"},"content":{"rendered":"<p class=\"ft-text\">Chus Mateo se estrena en el banquillo de la selecci\u00f3n con <strong>victoria 64-74<\/strong>. Muy buen partido el visto en el Farum Arena ante una <strong>Dinamarca <\/strong>que luch\u00f3 por el partido de t\u00fa a t\u00fa con Espa\u00f1a. Los espa\u00f1oles<strong> dominaron el marcador<\/strong> en todo momento, con unos parciales de 23-<strong>25<\/strong>, 10-<strong>20<\/strong>, 14-<strong>15 <\/strong>y <strong>17<\/strong>-14, donde \u00fanicamente en el \u00faltimo cuarto cedieron algo la ventaja.<\/p>\n<p class=\"ft-text\"><strong>Dinamarca trat\u00f3 de reaccionar<\/strong> cada vez que Espa\u00f1a se aventajaba en el electr\u00f3nico, aunque<strong> el segundo cuarto fue demoledor<\/strong>. Los de Chus Mateo lograron mantener la ventaja lograda pese a alg\u00fan desajuste defensivo y varios fallos en los momentos de tensi\u00f3n, lo que demuestra tamb\u00e9n una buena capacidad de reacci\u00f3n.<\/p>\n","protected":false},"excerpt":{"rendered":"Chus Mateo se estrena en el banquillo de la selecci\u00f3n con victoria 64-74. Muy buen partido el visto&hellip;\n","protected":false},"author":2,"featured_media":259583,"comment_status":"","ping_status":"","sticky":false,"template":"","format":"standard","meta":{"footnotes":""},"categories":[268],"tags":[299,168,2496,2125,25,24,280,282,1045,1262,281,23,167],"class_list":{"0":"post-259582","1":"post","2":"type-post","3":"status-publish","4":"format-standard","5":"has-post-thumbnail","7":"category-futbol","8":"tag-baloncesto","9":"tag-deportes","10":"tag-dinamarca","11":"tag-directo","12":"tag-es","13":"tag-espana","14":"tag-football","15":"tag-futbol","16":"tag-partido","17":"tag-sigue","18":"tag-soccer","19":"tag-spain","20":"tag-sports"},"share_on_mastodon":{"url":"https:\/\/pubeurope.com\/@es\/115625000042759252","error":""},"_links":{"self":[{"href":"https:\/\/www.europesays.com\/es\/wp-json\/wp\/v2\/posts\/259582","targetHints":{"allow":["GET"]}}],"collection":[{"href":"https:\/\/www.europesays.com\/es\/wp-json\/wp\/v2\/posts"}],"about":[{"href":"https:\/\/www.europesays.com\/es\/wp-json\/wp\/v2\/types\/post"}],"author":[{"embeddable":true,"href":"https:\/\/www.europesays.com\/es\/wp-json\/wp\/v2\/users\/2"}],"replies":[{"embeddable":true,"href":"https:\/\/www.europesays.com\/es\/wp-json\/wp\/v2\/comments?post=259582"}],"version-history":[{"count":0,"href":"https:\/\/www.europesays.com\/es\/wp-json\/wp\/v2\/posts\/259582\/revisions"}],"wp:featuredmedia":[{"embeddable":true,"href":"https:\/\/www.europesays.com\/es\/wp-json\/wp\/v2\/media\/259583"}],"wp:attachment":[{"href":"https:\/\/www.europesays.com\/es\/wp-json\/wp\/v2\/media?parent=259582"}],"wp:term":[{"taxonomy":"category","embeddable":true,"href":"https:\/\/www.europesays.com\/es\/wp-json\/wp\/v2\/categories?post=259582"},{"taxonomy":"post_tag","embeddable":true,"href":"https:\/\/www.europesays.com\/es\/wp-json\/wp\/v2\/tags?post=259582"}],"curies":[{"name":"wp","href":"https:\/\/api.w.org\/{rel}","templated":true}]}}