{"id":259611,"date":"2025-11-28T03:01:31","date_gmt":"2025-11-28T03:01:31","guid":{"rendered":"https:\/\/www.europesays.com\/es\/259611\/"},"modified":"2025-11-28T03:01:31","modified_gmt":"2025-11-28T03:01:31","slug":"juan-usle-entre-lo-vivido-y-lo-sonado-en-el-reina-sofia-ars-magazine","status":"publish","type":"post","link":"https:\/\/www.europesays.com\/es\/259611\/","title":{"rendered":"Juan Usl\u00e9, entre lo vivido y lo so\u00f1ado, en el Reina Sof\u00eda &#8211; ARS Magazine"},"content":{"rendered":"<ol>\n<li><a href=\"https:\/\/news.google.com\/rss\/articles\/CBMihwFBVV95cUxPM1pHSm44OEpQR2FLNEN0ZUtaekU3YmpEZk9zdG00TFlKOHZZUDFHaDlCaEdCNE5jTnAzT1VsUkRaOVBpcThqQWtlY3R3MF85VUlwNFd6V294eTVlZW9rSTduNkx5Y09sdWg4SFhGZTZ3b19XcWNmY2xHby1YbEVJWndXZkhOSmM?oc=5\" target=\"_blank\" rel=\"nofollow noopener\">Juan Usl\u00e9, entre lo vivido y lo so\u00f1ado, en el Reina Sof\u00eda<\/a>&nbsp;&nbsp;ARS Magazine<\/li>\n<li><a href=\"https:\/\/news.google.com\/rss\/articles\/CBMiogFBVV95cUxPTk5HUGYta3V2T2o4YXdzZW5MZFZpT1A3ajFPVi1mV2hHMkltTFE3Tzk2RFl5Z2FQQWpCdlJST1dfV3NFQzVBM205dmtSNWhETnNsdTdjUjRUZzd4eEpwRGlybmxiYjNRdDFDaE90WTk2eFp6cnpmNlhIOFpsd1BpeE9MQWJKeTVNMUxwbjlMSUVmVEdoWUZ5bFE0UlVtX3FmOUE?oc=5\" target=\"_blank\" rel=\"nofollow noopener\">&#8216;Ese barco en la monta\u00f1a&#8217;, de Juan Usl\u00e9 en el Museo Reina Sof\u00eda: la navegaci\u00f3n necesaria<\/a>&nbsp;&nbsp;ABC<\/li>\n<li><a href=\"https:\/\/news.google.com\/rss\/articles\/CBMisgFBVV95cUxNcXNja2F0Tkd5akFjaWRFNFNweDUtamV1NFhwcWdyZnJ6b3BnOFpockJkbDVRbmFiNGtOUjR6aUhqcEE0UDJIOHozZ1RBc2J3N05Ja1FHdkRHSFpuODctV1F3ZHhRVS1tQkRtcW5GRlRXNzNOcVNidjhKdkxpZXBTTE12MV9VS0VuVlh3UlkxOHI5bjl4MXhKalRRcVZrLWlja1FqdENyVUNDaW9Pd08xOExB?oc=5\" target=\"_blank\" rel=\"nofollow noopener\">Juan Usl\u00e9 recrea el viaje art\u00edstico de su vida a trav\u00e9s del Atl\u00e1ntico<\/a>&nbsp;&nbsp;EL PA\u00cdS<\/li>\n<li><a href=\"https:\/\/news.google.com\/rss\/articles\/CBMiswFBVV95cUxPZWtmVERCV20wTVdsSDI5MnptOGZfaEtMMjhVRzQwRDlzdjdHa0xNWjVjZmNYSVlRb3ZLckI5bl9jTEpNazVCaXFjd3Rub0NNQ0tPeURCRDRIalktT0llWmNMUm4xeDZQN0NwM0ZEU0cxZk1ucWlmRnFlYS1EQlFraThZYkNVMFVicEdETnZOR3ZWZTZaY1VzV2xXQm5DZGdaUnNYVlJPTUxVdDhJby1peFd4NNIBswFBVV95cUxQTHBHMlN5QTQyWFo1SjBnUnJVUFZLUnBuQTczU3FIeUxpWDdhc19nS01jeTAxNkRaNHdyMmlTTzlYLVpIems2Y3lRR0NhM1VTU2ZSam92bWFrX3FyVV8yMmNtUWNVczdkemZ0RVBzYXhTVkNqbWlLWE8tZGNUcWhpS1B3cWFJeWowMVRDQld2TmtmWERYREZ4Uy1qdk9KNXZMQ0VsdVVldl9Ra1U1NFd1LVJvQQ?oc=5\" target=\"_blank\" rel=\"nofollow noopener\">Juan Usl\u00e9 viaja de la memoria a lo desconocido en una exposici\u00f3n en el Reina Sof\u00eda<\/a>&nbsp;&nbsp;RTVE.es<\/li>\n<li><a href=\"https:\/\/news.google.com\/rss\/articles\/CBMirgFBVV95cUxPLV95bVRybHp2Y29IRE9vZFE4RkFyLVZrNWVRdHV1S2xnRFY3V0p1SXE5OHZ2NHo5NUFIUkhWckJGLU13MDZrd3UwbW5rajFjMEtlcFc0NEVoenA5a0h5ZktfWmV1RWJZVy0tTmhpRldQb1lwSTRQR25NR2UtM1A2SDVYeTluSE8xVXFmVnZrUUpfU3RvOTdCVGJkVTVkN0ladFh6aU5KM0tlMkhzamc?oc=5\" target=\"_blank\" rel=\"nofollow noopener\">\u00abMi propio pulso es la m\u00fasica de fondo que mueve el pincel en una suerte de trance\u00bb<\/a>&nbsp;&nbsp;El Diario Monta\u00f1\u00e9s<\/li>\n<\/ol>\n","protected":false},"excerpt":{"rendered":"Juan Usl\u00e9, entre lo vivido y lo so\u00f1ado, en el Reina Sof\u00eda&nbsp;&nbsp;ARS Magazine &#8216;Ese barco en la monta\u00f1a&#8217;,&hellip;\n","protected":false},"author":2,"featured_media":259612,"comment_status":"","ping_status":"","sticky":false,"template":"","format":"standard","meta":{"footnotes":""},"categories":[173],"tags":[229,233,231,230,232,234,146,147,25,24,23],"class_list":{"0":"post-259611","1":"post","2":"type-post","3":"status-publish","4":"format-standard","5":"has-post-thumbnail","7":"category-arte-y-diseno","8":"tag-arte","9":"tag-arte-y-diseno","10":"tag-arts","11":"tag-arts-and-design","12":"tag-design","13":"tag-diseno","14":"tag-entertainment","15":"tag-entretenimiento","16":"tag-es","17":"tag-espana","18":"tag-spain"},"share_on_mastodon":{"url":"https:\/\/pubeurope.com\/@es\/115625098159325160","error":""},"_links":{"self":[{"href":"https:\/\/www.europesays.com\/es\/wp-json\/wp\/v2\/posts\/259611","targetHints":{"allow":["GET"]}}],"collection":[{"href":"https:\/\/www.europesays.com\/es\/wp-json\/wp\/v2\/posts"}],"about":[{"href":"https:\/\/www.europesays.com\/es\/wp-json\/wp\/v2\/types\/post"}],"author":[{"embeddable":true,"href":"https:\/\/www.europesays.com\/es\/wp-json\/wp\/v2\/users\/2"}],"replies":[{"embeddable":true,"href":"https:\/\/www.europesays.com\/es\/wp-json\/wp\/v2\/comments?post=259611"}],"version-history":[{"count":0,"href":"https:\/\/www.europesays.com\/es\/wp-json\/wp\/v2\/posts\/259611\/revisions"}],"wp:featuredmedia":[{"embeddable":true,"href":"https:\/\/www.europesays.com\/es\/wp-json\/wp\/v2\/media\/259612"}],"wp:attachment":[{"href":"https:\/\/www.europesays.com\/es\/wp-json\/wp\/v2\/media?parent=259611"}],"wp:term":[{"taxonomy":"category","embeddable":true,"href":"https:\/\/www.europesays.com\/es\/wp-json\/wp\/v2\/categories?post=259611"},{"taxonomy":"post_tag","embeddable":true,"href":"https:\/\/www.europesays.com\/es\/wp-json\/wp\/v2\/tags?post=259611"}],"curies":[{"name":"wp","href":"https:\/\/api.w.org\/{rel}","templated":true}]}}