{"id":259619,"date":"2025-11-28T03:06:12","date_gmt":"2025-11-28T03:06:12","guid":{"rendered":"https:\/\/www.europesays.com\/es\/259619\/"},"modified":"2025-11-28T03:06:12","modified_gmt":"2025-11-28T03:06:12","slug":"el-comunicado-de-estudiantes-tras-la-sancion-a-veron-y-a-los-jugadores-por-el-pasillo-a-rosario-central","status":"publish","type":"post","link":"https:\/\/www.europesays.com\/es\/259619\/","title":{"rendered":"El comunicado de Estudiantes tras la sanci\u00f3n a Ver\u00f3n y a los jugadores por el pasillo a Rosario Central"},"content":{"rendered":"<p><img alt=\"La foto con los integrantes\" class=\"global-image\" decoding=\"async\" fetchpriority=\"high\" height=\"2731\" loading=\"eager\" src=\"https:\/\/www.europesays.com\/es\/wp-content\/uploads\/2025\/11\/HNKDDIVWINEFVGCYLA5OGSI7BE.jfif\" width=\"4096\"\/>La foto con los integrantes de la Comisi\u00f3n Directiva de Estudiantes de La Plata que acompa\u00f1\u00f3 al comunicado brindado por el club platense<\/p>\n<p class=\"paragraph\">La <b>Comisi\u00f3n Directiva de Estudiantes de La Plata<\/b> expres\u00f3 su respaldo total a <b>Juan Sebasti\u00e1n Ver\u00f3n<\/b>, <b>Santiago Nu\u00f1ez<\/b> y al plantel profesional tras la <a href=\"https:\/\/www.infobae.com\/deportes\/2025\/11\/27\/la-afa-suspendio-por-6-meses-a-juan-sebastian-veron-como-presidente-de-estudiantes-y-sanciono-a-los-futbolistas-por-el-pasillo-contra-rosario-central\/\" target=\"_blank\" rel=\"noreferrer nofollow noopener\" title=\"https:\/\/www.infobae.com\/deportes\/2025\/11\/27\/la-afa-suspendio-por-6-meses-a-juan-sebastian-veron-como-presidente-de-estudiantes-y-sanciono-a-los-futbolistas-por-el-pasillo-contra-rosario-central\/\"><b>sanci\u00f3n impuesta por el Tribunal de Disciplina de la AFA por el pasillo contra Rosario Central<\/b><\/a><b>. <\/b><\/p>\n<p class=\"paragraph\">El club inform\u00f3, mediante un posteo en sus redes sociales, que est\u00e1 <b>analizando en detalle la medida recibida<\/b> para definir los pasos a seguir en defensa de sus intereses y los de sus integrantes.<\/p>\n<p class=\"paragraph\">\u201cEn funci\u00f3n de los hechos de p\u00fablico conocimiento, <b>la Comisi\u00f3n Directiva del Club Estudiantes<\/b> de La Plata <b>informa <\/b>a sus socios, socias, hinchas y comunidad <b>que se encuentra analizando en detalle la sanci\u00f3n recibida<\/b>, a fin de impulsar las medidas que correspondan en defensa de los intereses de la instituci\u00f3n y sus integrantes. En este marco, <b>la Comisi\u00f3n Directiva manifiesta su respaldo absoluto<\/b> <b>a <\/b>su presidente Juan Sebasti\u00e1n <b>Ver\u00f3n<\/b>, a <b>Santiago Nu\u00f1ez y a todo el plantel<\/b> profesional\u201d, fue el comunicado de la entidad platense.<\/p>\n<p><img alt=\"El comunicado de Estudiantes tras\" class=\"global-image\" decoding=\"async\" fetchpriority=\"low\" height=\"301\" loading=\"lazy\" src=\"https:\/\/www.europesays.com\/es\/wp-content\/uploads\/2025\/11\/G4VMH2GDOVHDZJQ2IMQBTNLLJY.JPG\" width=\"649\"\/>El comunicado de Estudiantes tras la sanci\u00f3n a Ver\u00f3n y a los jugadores por el pasillo a Rosario Central <\/p>\n<p class=\"paragraph\">El <b>Tribunal de Disciplina de la Asociaci\u00f3n del F\u00fatbol Argentino (AFA)<\/b> resolvi\u00f3 suspender por <b>seis meses<\/b> a <b>Juan Sebasti\u00e1n Ver\u00f3n<\/b> en su rol de presidente de <b>Estudiantes de La Plata<\/b>, adem\u00e1s de aplicar <b>dos fechas de sanci\u00f3n<\/b> a los futbolistas involucrados en el gesto de protesta durante el pasillo de homenaje a <b>Rosario Central<\/b>. La medida no ser\u00e1 de cumplimiento efectivo y podr\u00eda haber una amnist\u00eda para los jugadores antes del inicio del pr\u00f3ximo torneo, aunque esta posibilidad no alcanzar\u00eda a <b>Ver\u00f3n<\/b>.<\/p>\n<p class=\"paragraph\">El fallo, emitido tras el expediente iniciado por el comportamiento del plantel de <b>Estudiantes<\/b> el 23 de noviembre, establece que las suspensiones a los jugadores se cumplir\u00e1n en el <b>Torneo Apertura 2026<\/b>, permitiendo su participaci\u00f3n en el partido de cuartos de final del Clausura ante <b>Central C\u00f3rdoba<\/b>. Adem\u00e1s, el capit\u00e1n <b>Santiago N\u00fa\u00f1ez<\/b> recibi\u00f3 la prohibici\u00f3n de ejercer esa funci\u00f3n durante <b>tres meses<\/b> y el club fue multado con <b>4.000 v.e.<\/b> por conducta ofensiva y violaci\u00f3n de los principios de juego limpio.<\/p>\n<p class=\"paragraph\">El club platense deber\u00e1 presentar su recurso ante el <b>Tribunal de Apelaciones de la AFA<\/b>, presidido por <b>H\u00e9ctor Latorraga<\/b>. Si la sanci\u00f3n no es revocada, Ver\u00f3n podr\u00eda recurrir al <b>Tribunal de Arbitraje Deportivo (TAS)<\/b>. <\/p>\n<p class=\"paragraph\">La sanci\u00f3n surge luego de que los futbolistas de <b>Estudiantes<\/b> dieran la espalda a los jugadores de <b>Rosario Central<\/b> en el estadio Gigante de Arroyito, en se\u00f1al de protesta por la designaci\u00f3n del equipo rosarino como campe\u00f3n de Liga, decisi\u00f3n tomada por la <b>Liga Profesional<\/b> y la <b>AFA<\/b> tras sumar la mayor cantidad de puntos en el a\u00f1o. El gesto fue sugerido por <b>Ver\u00f3n<\/b> y ejecutado por el plantel dirigido por <b>Eduardo Dom\u00ednguez<\/b>, generando repercusiones en el \u00e1mbito deportivo y pol\u00edtico.<\/p>\n<p class=\"paragraph\">El presidente de la Naci\u00f3n, <b>Javier Milei<\/b>, expres\u00f3 su apoyo a <b>Estudiantes<\/b> en redes sociales, mientras que figuras como <b>\u00c1ngel Di Mar\u00eda<\/b> defendieron la legitimidad del t\u00edtulo obtenido por <b>Rosario Central<\/b>: \u201cNosotros nos sentimos campeones, lo dije post Instituto. Hab\u00edamos entrado a la Libertadores, nos sent\u00edamos campeones\u201d. Desde <b>Boca Juniors<\/b> y <b>River Plate<\/b> desmintieron que los dirigentes hayan votado el reconocimiento del t\u00edtulo, seg\u00fan declaraciones recogidas por Infobae.<\/p>\n<p class=\"paragraph\">El proceso disciplinario contin\u00faa respecto a otros miembros de la Comisi\u00f3n Directiva de <b>Estudiantes de La Plata<\/b> para determinar posibles responsabilidades adicionales.<\/p>\n<p class=\"paragraph\">1\u00b0) SANCIONAR al presidente del Club Juan Sebasti\u00e1n Ver\u00f3n con una suspensi\u00f3n de SEIS (6) meses para toda actividad relacionada con el f\u00fatbol, por infracci\u00f3n al art. 12 del C\u00f3digo Disciplinario.<\/p>\n<p class=\"paragraph\">2\u00ba) SANCIONAR con DOS (2) FECHAS DE SUSPENSI\u00d3N a los jugadores del Club Estudiantes de La Plata que participaron del pasillo de homenaje y adoptaron la conducta reprochada, individualizados en las presentes actuaciones \u2014entre ellos Muslera Micol N\u00e9stor Fernando, G\u00f3mez Rom\u00e1n Agust\u00edn, N\u00fa\u00f1ez Santiago Misael, Palacios Tiago Asael, Far\u00edas Facundo Hern\u00e1n, Gonz\u00e1lez P\u00edrez Leandro Mart\u00edn, Arzamendia Santiago Daniel, Cetre Angulo Edwuin Stiven, Piovi Lucas Ezequiel, Medina Cristian Nicol\u00e1s y Amondarain Mikel Jes\u00fas, por infracci\u00f3n al art. 12 del C\u00f3digo Disciplinario.<\/p>\n<p class=\"paragraph\">3\u00ba) DISPONER que las suspensiones impuestas en el punto 2\u00ba se computar\u00e1n en el PR\u00d3XIMO torneo oficial en el que el Club Estudiantes de La Plata intervenga con su plantel profesional masculino, debiendo cumplirse sobre la base de partidos efectivamente disputados por el equipo, y de modo tal que la sanci\u00f3n resulte proporcionada y no afecte la integridad de la competici\u00f3n en curso.<\/p>\n<p class=\"paragraph\">4\u00ba) IMPONER al jugador N\u00ba 6 N\u00da\u00d1EZ SANTIAGO MISAEL, capit\u00e1n del primer equipo del Club Estudiantes de La Plata, adem\u00e1s de la sanci\u00f3n establecida en el punto anterior, la PROHIBICI\u00d3N DE EJERCER LA FUNCI\u00d3N DE CAPIT\u00c1N de cualquier equipo oficial del citado club por el t\u00e9rmino de TRES (3) MESES, como medida accesoria fundada en su especial condici\u00f3n de liderazgo y en las facultades disciplinarias de este Tribunal.<\/p>\n<p class=\"paragraph\">5\u00ba) SANCIONAR al CLUB ESTUDIANTES DE LA PLATA con multa de CUATRO MIL (4.000) v.e., por conducta ofensiva y violaci\u00f3n de los principios del juego limpio, al haberse desnaturalizado el pasillo de homenaje al campe\u00f3n mediante gestos colectivos de desprecio, en los t\u00e9rminos del art. 12 del C\u00f3digo Disciplinario.<\/p>\n<p class=\"paragraph\">6\u00ba) DISPONER la continuaci\u00f3n de las presentes actuaciones respecto de los restantes miembros de la Comisi\u00f3n Directiva del Club Estudiantes de La Plata, a fin de determinar, en su caso, las responsabilidades disciplinarias que pudieran corresponderles en relaci\u00f3n con los hechos investigados.<\/p>\n","protected":false},"excerpt":{"rendered":"La foto con los integrantes de la Comisi\u00f3n Directiva de Estudiantes de La Plata que acompa\u00f1\u00f3 al comunicado&hellip;\n","protected":false},"author":2,"featured_media":259620,"comment_status":"","ping_status":"","sticky":false,"template":"","format":"standard","meta":{"footnotes":""},"categories":[93],"tags":[168,25,24,23,167],"class_list":{"0":"post-259619","1":"post","2":"type-post","3":"status-publish","4":"format-standard","5":"has-post-thumbnail","7":"category-deportes","8":"tag-deportes","9":"tag-es","10":"tag-espana","11":"tag-spain","12":"tag-sports"},"share_on_mastodon":{"url":"https:\/\/pubeurope.com\/@es\/115625118113428387","error":""},"_links":{"self":[{"href":"https:\/\/www.europesays.com\/es\/wp-json\/wp\/v2\/posts\/259619","targetHints":{"allow":["GET"]}}],"collection":[{"href":"https:\/\/www.europesays.com\/es\/wp-json\/wp\/v2\/posts"}],"about":[{"href":"https:\/\/www.europesays.com\/es\/wp-json\/wp\/v2\/types\/post"}],"author":[{"embeddable":true,"href":"https:\/\/www.europesays.com\/es\/wp-json\/wp\/v2\/users\/2"}],"replies":[{"embeddable":true,"href":"https:\/\/www.europesays.com\/es\/wp-json\/wp\/v2\/comments?post=259619"}],"version-history":[{"count":0,"href":"https:\/\/www.europesays.com\/es\/wp-json\/wp\/v2\/posts\/259619\/revisions"}],"wp:featuredmedia":[{"embeddable":true,"href":"https:\/\/www.europesays.com\/es\/wp-json\/wp\/v2\/media\/259620"}],"wp:attachment":[{"href":"https:\/\/www.europesays.com\/es\/wp-json\/wp\/v2\/media?parent=259619"}],"wp:term":[{"taxonomy":"category","embeddable":true,"href":"https:\/\/www.europesays.com\/es\/wp-json\/wp\/v2\/categories?post=259619"},{"taxonomy":"post_tag","embeddable":true,"href":"https:\/\/www.europesays.com\/es\/wp-json\/wp\/v2\/tags?post=259619"}],"curies":[{"name":"wp","href":"https:\/\/api.w.org\/{rel}","templated":true}]}}