{"id":259626,"date":"2025-11-28T03:12:21","date_gmt":"2025-11-28T03:12:21","guid":{"rendered":"https:\/\/www.europesays.com\/es\/259626\/"},"modified":"2025-11-28T03:12:21","modified_gmt":"2025-11-28T03:12:21","slug":"tellado-hoy-el-que-no-ha-podido-dormir-es-pedro-sanchez-porque-esta-en-vilo-con-lo-que-pueda-pasar-con-abalos-en-el-tribunal-supremo","status":"publish","type":"post","link":"https:\/\/www.europesays.com\/es\/259626\/","title":{"rendered":"Tellado: \u201cHoy el que no ha podido dormir es Pedro S\u00e1nchez, porque est\u00e1 en vilo con lo que pueda pasar con \u00c1balos en el Tribunal Supremo\u201d"},"content":{"rendered":"<p><strong>En una entrevista en \u2018La Mirada Cr\u00edtica\u2019, de Telecinco<\/strong><\/p>\n<ul class=\"wp-block-list\">\n<li>El secretario general del Partido Popular subraya que \u201cEspa\u00f1a no se merece tener un Gobierno en esta situaci\u00f3n\u201d, con un presidente del Gobierno que \u201cno ha podido dormir esta noche\u201d por lo que pueda pasar esta ma\u00f1ana en el Tribunal Supremo, <strong>\u201cdependiendo de si hay auto de prisi\u00f3n o no para dos de sus m\u00e1s estrechos colaboradores desde que decidi\u00f3 presentarse en el a\u00f1o 2017 a la Secretar\u00eda General del Partido Socialista\u201d<\/strong><\/li>\n<\/ul>\n<ul class=\"wp-block-list\">\n<li>Denuncia que \u201clas emergencias de Pedro S\u00e1nchez no pueden ser las emergencias de un pa\u00eds\u201d y califica el momento como de \u201ctremendamente lamentable\u201d, reclamando que <strong>\u201cS\u00e1nchez deber\u00eda asumir la situaci\u00f3n en la que se encuentra \u00e9l, su partido, su Gobierno, y darles la palabra a los espa\u00f1oles y convocar elecciones\u201d<\/strong><\/li>\n<\/ul>\n<ul class=\"wp-block-list\">\n<li>Recuerda que \u00c1balos \u201cse enfrenta a una petici\u00f3n de 24 a\u00f1os de c\u00e1rcel\u201d, que \u201cno actuaba solo\u201d, que \u201cera el n\u00famero 2 de Pedro S\u00e1nchez\u201d y que su sucesor, Santos Cerd\u00e1n, tambi\u00e9n estuvo en prisi\u00f3n, por lo que resulta sorprendente que en el PSOE \u201cahora parece ser que no lo conoce nadie\u201d. <strong>\u201cEse es el entorno delictivo del presidente del Gobierno de Espa\u00f1a\u201d<\/strong>, zanja<\/li>\n<\/ul>\n<ul class=\"wp-block-list\">\n<li>\u201cLo que no sucede en ning\u00fan pa\u00eds de nuestro entorno, en ninguna democracia madura, es <strong>que alguien pretenda mantenerse en el poder sin ser capaz de aprobar los Presupuestos del a\u00f1o en curso o del a\u00f1o siguiente<\/strong>\u201d, remarca, recordando en la \u201canormalidad democr\u00e1tica\u201d en la que vivimos, habida cuenta de que S\u00e1nchez \u201cvive sin Presupuestos desde el inicio de la legislatura\u201d<\/li>\n<\/ul>\n<ul class=\"wp-block-list\">\n<li>\u201c<strong>Si hoy se tumba aqu\u00ed el techo de gasto, es simple y llanamente porque Pedro S\u00e1nchez est\u00e1 solo<\/strong>, porque ha perdido los apoyos que le permitieron ser presidente del Gobierno\u201d, afirma. \u201cNo hay una mayor\u00eda de Gobierno\u201d, zanja<\/li>\n<\/ul>\n<ul class=\"wp-block-list\">\n<li>Sobre la retirada de licencias a\u00e9reas por parte del r\u00e9gimen de Nicol\u00e1s Maduro, denuncia que <strong>\u201cel Gobierno de Espa\u00f1a no puede actuar frente a Venezuela porque est\u00e1 secuestrado por los intereses econ\u00f3micos que Zapatero pueda tener en ese pa\u00eds y en esa dictadura\u201d<\/strong><\/li>\n<\/ul>\n<ul class=\"wp-block-list\">\n<li>Reclama \u201cun Gobierno que defienda primero la democracia frente a una dictadura\u201d y concluye que <strong>\u201ces evidente que hay que adoptar sanciones contra Venezuela en el contexto en el que estamos\u201d<\/strong><\/li>\n<\/ul>\n","protected":false},"excerpt":{"rendered":"En una entrevista en \u2018La Mirada Cr\u00edtica\u2019, de Telecinco El secretario general del Partido Popular subraya que \u201cEspa\u00f1a&hellip;\n","protected":false},"author":2,"featured_media":248004,"comment_status":"","ping_status":"","sticky":false,"template":"","format":"standard","meta":{"footnotes":""},"categories":[8],"tags":[17,18,25,24,13,14,11,19,20,9,10,15,16,23,12,21,22],"class_list":{"0":"post-259626","1":"post","2":"type-post","3":"status-publish","4":"format-standard","5":"has-post-thumbnail","7":"category-espana","8":"tag-breaking-news","9":"tag-breakingnews","10":"tag-es","11":"tag-espana","12":"tag-featured-news","13":"tag-featurednews","14":"tag-headlines","15":"tag-latest-news","16":"tag-latestnews","17":"tag-news","18":"tag-noticias","19":"tag-noticias-destacadas","20":"tag-noticiasdestacadas","21":"tag-spain","22":"tag-titulares","23":"tag-ultimas-noticias","24":"tag-ultimasnoticias"},"share_on_mastodon":{"url":"https:\/\/pubeurope.com\/@es\/115625141502375888","error":""},"_links":{"self":[{"href":"https:\/\/www.europesays.com\/es\/wp-json\/wp\/v2\/posts\/259626","targetHints":{"allow":["GET"]}}],"collection":[{"href":"https:\/\/www.europesays.com\/es\/wp-json\/wp\/v2\/posts"}],"about":[{"href":"https:\/\/www.europesays.com\/es\/wp-json\/wp\/v2\/types\/post"}],"author":[{"embeddable":true,"href":"https:\/\/www.europesays.com\/es\/wp-json\/wp\/v2\/users\/2"}],"replies":[{"embeddable":true,"href":"https:\/\/www.europesays.com\/es\/wp-json\/wp\/v2\/comments?post=259626"}],"version-history":[{"count":0,"href":"https:\/\/www.europesays.com\/es\/wp-json\/wp\/v2\/posts\/259626\/revisions"}],"wp:featuredmedia":[{"embeddable":true,"href":"https:\/\/www.europesays.com\/es\/wp-json\/wp\/v2\/media\/248004"}],"wp:attachment":[{"href":"https:\/\/www.europesays.com\/es\/wp-json\/wp\/v2\/media?parent=259626"}],"wp:term":[{"taxonomy":"category","embeddable":true,"href":"https:\/\/www.europesays.com\/es\/wp-json\/wp\/v2\/categories?post=259626"},{"taxonomy":"post_tag","embeddable":true,"href":"https:\/\/www.europesays.com\/es\/wp-json\/wp\/v2\/tags?post=259626"}],"curies":[{"name":"wp","href":"https:\/\/api.w.org\/{rel}","templated":true}]}}