{"id":259627,"date":"2025-11-28T03:13:48","date_gmt":"2025-11-28T03:13:48","guid":{"rendered":"https:\/\/www.europesays.com\/es\/259627\/"},"modified":"2025-11-28T03:13:48","modified_gmt":"2025-11-28T03:13:48","slug":"la-derrota-del-gobierno-en-el-congreso-complica-la-elaboracion-de-los-presupuestos-para-2026","status":"publish","type":"post","link":"https:\/\/www.europesays.com\/es\/259627\/","title":{"rendered":"La derrota del Gobierno en el Congreso complica la elaboraci\u00f3n de los Presupuestos para 2026"},"content":{"rendered":"<p class=\"paragraph\">No por esperada, la derrota del Gobierno fue menos dolorosa. El Pleno del Congreso tumb\u00f3 este jueves la senda de estabilidad (los objetivos de deuda y d\u00e9ficit) que aprob\u00f3 el Consejo de Ministros la semana pasada y con los que aspiraba a elaborar los Presupuestos Generales de 2026. El resultado fue 164 votos a favor (PSOE, Sumar, ERC, Bildu, PNV, BNG y Coalici\u00f3n Canaria), 178 en contra (PP, Vox, Junts y UPN) y 5 abstenciones (Podemos y la diputada de Comprom\u00eds <b>\u00c0gueda Mic\u00f3<\/b>).<\/p>\n<p class=\"paragraph\">La vicepresidenta primera y ministra de Hacienda, <b>Mar\u00eda Jes\u00fas Montero<\/b>, ya se hab\u00eda puesto la venda antes de la herida un d\u00eda antes; cuando, a preguntas de los periodistas, asumi\u00f3 la imposibilidad de sacar adelante la votaci\u00f3n por la oposici\u00f3n de Junts.<\/p>\n<p class=\"paragraph\">Durante el debate, el portavoz de este \u00faltimo, <b>Josep Maria Cruset<\/b>, le recrimin\u00f3 a la n\u00famero dos del Ejecutivo: \u00abSu soberbia pol\u00edtica ha bloqueado la legislatura y su soberbia va a dejar al pa\u00eds un a\u00f1o m\u00e1s sin Presupuestos\u00bb.<\/p>\n<p class=\"paragraph\">Por su parte, el diputado del PP <b>Juan Bravo<\/b> se\u00f1al\u00f3: \u00abM\u00e1s pronto que tarde volver\u00e1 a haber un Gobierno estable y normal, que traiga Presupuestos cada a\u00f1o, que no gaste lo que no tiene, que invierta en infraestructuras y que no asfixie a los espa\u00f1oles\u00bb.<\/p>\n<p class=\"paragraph\">Constatada la derrota, desde la Moncloa se apresuraron a sostener: \u00abEl rechazo a la senda de estabilidad perjudica a las comunidades aut\u00f3nomas, que tendr\u00e1n 5.485 millones menos de margen fiscal. El PP ha votado en contra de que sus propias comunidades tengan m\u00e1s recursos para sanidad, educaci\u00f3n o servicios sociales\u00bb.<\/p>\n<p class=\"paragraph\">Tambi\u00e9n reiteraban: \u00abEl rechazo de la senda de estabilidad no impide la presentaci\u00f3n de los Presupuestos Generales del Estado de 2026\u00bb.<\/p>\n<p class=\"paragraph\">La ley establece que ahora el Consejo de Ministros deber\u00e1 aprobar nuevamente unos objetivos, bien los mismos o bien unos distintos, y llevarlos nuevamente al Congreso. En el caso de que tampoco salgan adelante entonces, como as\u00ed ser\u00e1, el Ministerio de Hacienda deber\u00e1 elaborar las cuentas p\u00fablicas con los que ahora est\u00e1n en vigor. Pero, en cualquier caso, ser\u00e1 un esfuerzo en vano.<\/p>\n","protected":false},"excerpt":{"rendered":"No por esperada, la derrota del Gobierno fue menos dolorosa. El Pleno del Congreso tumb\u00f3 este jueves la&hellip;\n","protected":false},"author":2,"featured_media":259628,"comment_status":"","ping_status":"","sticky":false,"template":"","format":"standard","meta":{"footnotes":""},"categories":[5],"tags":[17,18,25,24,13,14,11,19,20,9,10,15,16,23,12,21,22],"class_list":{"0":"post-259627","1":"post","2":"type-post","3":"status-publish","4":"format-standard","5":"has-post-thumbnail","7":"category-titulares","8":"tag-breaking-news","9":"tag-breakingnews","10":"tag-es","11":"tag-espana","12":"tag-featured-news","13":"tag-featurednews","14":"tag-headlines","15":"tag-latest-news","16":"tag-latestnews","17":"tag-news","18":"tag-noticias","19":"tag-noticias-destacadas","20":"tag-noticiasdestacadas","21":"tag-spain","22":"tag-titulares","23":"tag-ultimas-noticias","24":"tag-ultimasnoticias"},"share_on_mastodon":{"url":"https:\/\/pubeurope.com\/@es\/115625149310028030","error":""},"_links":{"self":[{"href":"https:\/\/www.europesays.com\/es\/wp-json\/wp\/v2\/posts\/259627","targetHints":{"allow":["GET"]}}],"collection":[{"href":"https:\/\/www.europesays.com\/es\/wp-json\/wp\/v2\/posts"}],"about":[{"href":"https:\/\/www.europesays.com\/es\/wp-json\/wp\/v2\/types\/post"}],"author":[{"embeddable":true,"href":"https:\/\/www.europesays.com\/es\/wp-json\/wp\/v2\/users\/2"}],"replies":[{"embeddable":true,"href":"https:\/\/www.europesays.com\/es\/wp-json\/wp\/v2\/comments?post=259627"}],"version-history":[{"count":0,"href":"https:\/\/www.europesays.com\/es\/wp-json\/wp\/v2\/posts\/259627\/revisions"}],"wp:featuredmedia":[{"embeddable":true,"href":"https:\/\/www.europesays.com\/es\/wp-json\/wp\/v2\/media\/259628"}],"wp:attachment":[{"href":"https:\/\/www.europesays.com\/es\/wp-json\/wp\/v2\/media?parent=259627"}],"wp:term":[{"taxonomy":"category","embeddable":true,"href":"https:\/\/www.europesays.com\/es\/wp-json\/wp\/v2\/categories?post=259627"},{"taxonomy":"post_tag","embeddable":true,"href":"https:\/\/www.europesays.com\/es\/wp-json\/wp\/v2\/tags?post=259627"}],"curies":[{"name":"wp","href":"https:\/\/api.w.org\/{rel}","templated":true}]}}