{"id":259639,"date":"2025-11-28T03:28:26","date_gmt":"2025-11-28T03:28:26","guid":{"rendered":"https:\/\/www.europesays.com\/es\/259639\/"},"modified":"2025-11-28T03:28:26","modified_gmt":"2025-11-28T03:28:26","slug":"la-nueva-precuela-de-los-juegos-del-hambre-amanecer-en-la-cosecha-muestra-al-fin-su-primer-trailer","status":"publish","type":"post","link":"https:\/\/www.europesays.com\/es\/259639\/","title":{"rendered":"La nueva precuela de &#8216;Los juegos del hambre&#8217;, &#8216;Amanecer en la cosecha&#8217;, muestra al fin su primer tr\u00e1iler"},"content":{"rendered":"<p>A justo un a\u00f1o de su llegada a los cines<\/p>\n<p><img decoding=\"async\" fetchpriority=\"high\" width=\"768\" height=\"432\" alt=\"La nueva precuela de 'Los juegos del hambre', 'Amanecer en la cosecha', muestra al fin su primer tr\u00e1iler\" src=\"https:\/\/www.europesays.com\/es\/wp-content\/uploads\/2025\/11\/los-juegos-del-hambre-amanecer-de-la-cosecha.jpg\"\/> Los primeros pasos del presidente Coriolanus Snow<\/p>\n<p>\u00danete a la conversaci\u00f3n<\/p>\n<p><a href=\"https:\/\/andro4all.com\/series\/los-juegos-del-hambre-confirma-nueva-pelicula-basada-en-la-proxima-novela-de-suzanne-collins\" rel=\"nofollow noopener\" target=\"_blank\">Anunciada hace casi a\u00f1o y medio<\/a>, la nueva <strong>precuela<\/strong> de la franquicia de Los juegos del hambre nos ha obsequiado recientemente con la publicaci\u00f3n de su primer tr\u00e1iler. Lionsgate ha lanzado un adelanto que ofrece las primeras im\u00e1genes de <strong>Amanecer en la cosecha<\/strong>, adaptaci\u00f3n de la novela publicada por Suzanne Collins en 2025 y que llegar\u00e1 a los cines el <strong>20 de noviembre de 2026<\/strong>.<\/p>\n<p>El v\u00eddeo anticipa el <strong>regreso al Panem<\/strong> previo a la historia de Katniss Everdeen, situ\u00e1ndose <strong>veinticuatro a\u00f1os antes<\/strong> de los acontecimientos de Los juegos del hambre.<\/p>\n<p>Otra precuela<\/p>\n<p>La pel\u00edcula sigue a un joven <strong>Haymitch Abernathy, interpretado por Joseph Zada<\/strong>, en la ma\u00f1ana de la cosecha de <strong>los Quincuag\u00e9simos Juegos del Hambre<\/strong>, conocidos como el Segundo Vasallaje de los Veinticinco. En esta edici\u00f3n especial, cada distrito debe enviar <strong>el doble de tributos<\/strong>, lo que eleva a cuarenta y ocho el n\u00famero de j\u00f3venes que se enfrentan a la arena.<\/p>\n<p>El tr\u00e1iler muestra asimismo a <strong>Haymitch siendo seleccionado<\/strong> y ofrece breves destellos del escenario mortal en el que tendr\u00e1 que sobrevivir. Tambi\u00e9n aparecen los <a href=\"https:\/\/andro4all.com\/series\/ya-tienes-disponible-en-movistar-plus-la-pelicula-conclave-un-film-premiado-en-los-oscar-2025-que-nos-muestra-como-es-la-eleccion-de-un-papa\" rel=\"nofollow noopener\" target=\"_blank\">primeros planos de Ralph Fiennes<\/a> como el presidente <strong>Coriolanus Snow<\/strong> y de Jesse Plemons como Plutarch Heavensbee.<\/p>\n<p><strong>Elle Fanning<\/strong> (Predator: Badlands), que da vida a una <strong>versi\u00f3n joven de Effie Trinket<\/strong>, ya adelant\u00f3 en octubre durante la Academy Museum Gala que el rodaje estaba avanzando con buen ritmo y que el personaje lucir\u00eda una <strong>combinaci\u00f3n de estilismos<\/strong> especialmente llamativa.<\/p>\n<p><strong>El reparto<\/strong>, uno de los <strong>m\u00e1s extensos<\/strong> de toda la saga, incluye adem\u00e1s a Kelvin Harrison Jr., Maya Hawke, Glenn Close, Kieran Culkin, Billy Porter y Lili Taylor, junto a int\u00e9rpretes emergentes como Whitney Peak, Mckenna Grace y Ben Wang. El adelanto termina con la voz de Woody Harrelson, quien encarn\u00f3 a <strong>Haymitch en las pel\u00edculas originales<\/strong>, pronunciando una frase clave: \u00abCreo que estos Juegos van a ser diferentes\u00bb.<\/p>\n<p>Detr\u00e1s de las c\u00e1maras estamos tranquilos<\/p>\n<p>Amanecer en la cosecha est\u00e1 <strong>dirigida por Francis Lawrence<\/strong>, responsable de <strong>cuatro de las cinco entregas<\/strong> anteriores de la saga cinematogr\u00e1fica, y cuenta con <strong>guion de Billy Ray<\/strong>. Nina Jacobson y Brad Simpson vuelven a encargarse de la producci\u00f3n con Color Force, mientras que Cameron MacConomy ejerce de productor ejecutivo.<\/p>\n<p>\u00danete a la conversaci\u00f3n<\/p>\n","protected":false},"excerpt":{"rendered":"A justo un a\u00f1o de su llegada a los cines Los primeros pasos del presidente Coriolanus Snow \u00danete&hellip;\n","protected":false},"author":2,"featured_media":259640,"comment_status":"","ping_status":"","sticky":false,"template":"","format":"standard","meta":{"footnotes":""},"categories":[169],"tags":[177,146,147,25,24,176,175,23],"class_list":{"0":"post-259639","1":"post","2":"type-post","3":"status-publish","4":"format-standard","5":"has-post-thumbnail","7":"category-cine","8":"tag-cine","9":"tag-entertainment","10":"tag-entretenimiento","11":"tag-es","12":"tag-espana","13":"tag-film","14":"tag-movies","15":"tag-spain"},"share_on_mastodon":{"url":"https:\/\/pubeurope.com\/@es\/115625205053969893","error":""},"_links":{"self":[{"href":"https:\/\/www.europesays.com\/es\/wp-json\/wp\/v2\/posts\/259639","targetHints":{"allow":["GET"]}}],"collection":[{"href":"https:\/\/www.europesays.com\/es\/wp-json\/wp\/v2\/posts"}],"about":[{"href":"https:\/\/www.europesays.com\/es\/wp-json\/wp\/v2\/types\/post"}],"author":[{"embeddable":true,"href":"https:\/\/www.europesays.com\/es\/wp-json\/wp\/v2\/users\/2"}],"replies":[{"embeddable":true,"href":"https:\/\/www.europesays.com\/es\/wp-json\/wp\/v2\/comments?post=259639"}],"version-history":[{"count":0,"href":"https:\/\/www.europesays.com\/es\/wp-json\/wp\/v2\/posts\/259639\/revisions"}],"wp:featuredmedia":[{"embeddable":true,"href":"https:\/\/www.europesays.com\/es\/wp-json\/wp\/v2\/media\/259640"}],"wp:attachment":[{"href":"https:\/\/www.europesays.com\/es\/wp-json\/wp\/v2\/media?parent=259639"}],"wp:term":[{"taxonomy":"category","embeddable":true,"href":"https:\/\/www.europesays.com\/es\/wp-json\/wp\/v2\/categories?post=259639"},{"taxonomy":"post_tag","embeddable":true,"href":"https:\/\/www.europesays.com\/es\/wp-json\/wp\/v2\/tags?post=259639"}],"curies":[{"name":"wp","href":"https:\/\/api.w.org\/{rel}","templated":true}]}}