{"id":259660,"date":"2025-11-28T03:49:12","date_gmt":"2025-11-28T03:49:12","guid":{"rendered":"https:\/\/www.europesays.com\/es\/259660\/"},"modified":"2025-11-28T03:49:12","modified_gmt":"2025-11-28T03:49:12","slug":"la-plantilla-vota-hoy-sobre-el-futuro-de-las-marcas-historicas-tras-la-creacion-de-3cat","status":"publish","type":"post","link":"https:\/\/www.europesays.com\/es\/259660\/","title":{"rendered":"la plantilla vota hoy sobre el futuro de las marcas hist\u00f3ricas tras la creaci\u00f3n de 3Cat"},"content":{"rendered":"<p class=\"ft-text ft-helper-closenews\">El <strong>89,96%<\/strong> de la plantilla de <strong>TV3<\/strong> <strong>y<\/strong> <strong>Catalunya<\/strong> <strong>R\u00e0dio<\/strong> ha votado con un apabullante <strong>s\u00ed<\/strong> a mantener las <strong>marcas<\/strong> <strong>hist\u00f3ricas<\/strong> de la corporaci\u00f3n \u00abplenamente activas y visibles tanto en antena como en la plataforma, las aplicaciones y las redes sociales\u00bb. Los trabajadores han opinado este jueves en un \u00ab<strong>refer\u00e9ndum<\/strong>\u00bb organizado por los comit\u00e9s de empresa de la televisi\u00f3n y la radio p\u00fablicas sobre el futuro de las marcas hist\u00f3ricas tras la creaci\u00f3n y presencia cada vez m\u00e1s fuerte de la marca <strong>3Cat<\/strong> en todos los espacios de la corporaci\u00f3n.<\/p>\n<p class=\"ft-text\">La pregunta que ten\u00edan que responder los trabajadores en la consulta era: \u00ab\u00bfEst\u00e1s de acuerdo en que TV3 y Catalunya R\u00e0dio, y todas sus marcas, sigan plenamente activas y visibles tanto en antena como en la plataforma, las aplicaciones y las redes sociales?\u00bb. Con una participaci\u00f3n del 63%, <strong>el\u00a05,40% de la plantilla ha votado que no, mientras que el\u00a04,64% restante ha votado en blanco.<\/strong><\/p>\n<p class=\"ft-text\">Para entender la situaci\u00f3n y el malestar de la plantilla de la corporaci\u00f3n p\u00fablica hay que remontarse al nacimiento de 3Cat, hace ya dos a\u00f1os. Como explica <strong>Jordi Campmany<\/strong>, miembro del comit\u00e9 de empresa de la secci\u00f3n sindical de CCOO, la Corporaci\u00f3 Catalana de Mitjans Audiovisuals (CCMA) cre\u00f3 en octubre de 2023 la <strong>marca 3Cat<\/strong>, que buscaba dar cobertura a toda la producci\u00f3n audiovisual de la corporaci\u00f3n, y la <strong>plataforma de contenidos en &#8216;streaming&#8217;<\/strong>, que lleva el mismo nombre, que aglutinar\u00eda toda la producci\u00f3n de la cadena.<\/p>\n<p>La desaparici\u00f3n de las marcas<\/p>\n<p class=\"ft-text\">\u00abNosotros s\u00ed que avalamos el 3Cat y esta l\u00ednea digital porque los h\u00e1bitos de la gente joven van encaminados hacia este tipo de consumo y no tanto hacia el lineal\u00bb, aclara Campmany. Sin embargo, el pasado mes de septiembre, la marca 3Cat \u00ab<strong>entr\u00f3 de pleno en lo que era la tele y la radio<\/strong>\u00ab, explica. \u00abApareci\u00f3 el 3CatInfo y <strong>se arrinconaron las marcas originales<\/strong>, como el 33, el 324 y Catalunya Informaci\u00f3. Esto gener\u00f3 un<strong> malestar y rechazo en la plantilla <\/strong>porque desaparecieron de manera abrupta\u00bb, expone el miembro del comit\u00e9, que tambi\u00e9n recuerda que \u00ab<strong>se lleg\u00f3 a hablar de 3Cat como si TV3 no hubiera existido\u00bb<\/strong>.<\/p>\n<p class=\"ft-text\">El comit\u00e9 decidi\u00f3 organizar una movilizaci\u00f3n y diversas asambleas, que provoc\u00f3 que la empresa finalmente reculara y creara el &#8216;plan de convivencia&#8217; de las marcas en 3Cat, recuperando las <strong>espumas de los micr\u00f3fonos de TV3 y Catalunya R\u00e0dio<\/strong> -que hab\u00edan cambiado por las de 3CatInfo- y la f\u00f3rmula tradicional de firma e identificaci\u00f3n de los corresponsales -nombre del periodista, TV3\/Catalunya R\u00e0dio (en lugar de 3CatInfo)-. Sin embargo, seg\u00fan Campmany, la parte de gesti\u00f3n \u00abse ha ido actualizando\u00bb, pero <strong>los puestos de trabajo y el tema laboral \u00absiguen con la forma de funcionar antigua\u00bb<\/strong>.<\/p>\n<p>Proceso de negociaci\u00f3n<\/p>\n<p class=\"ft-text\">Desde el comit\u00e9 buscan que la CCMA garantice <strong>el futuro de \u00absu modelo de trabajo\u00bb<\/strong>. En los \u00faltimos a\u00f1os, explica Campmany, se han generado \u00abdin\u00e1micas y formas de producir m\u00e1s enfocadas en la inmediatez\u00bb. \u00abEstamos de acuerdo en que se tiene que poner mucho el foco en el \u00e1mbito digital, porque es lo que consumen las nuevas generaciones, pero <strong>sin menospreciar los medios que todav\u00eda existen<\/strong>, la televisi\u00f3n y la radio, y, sobre todo, <strong>su legado hist\u00f3rico, la credibilidad han generado y la aceptaci\u00f3n <\/strong>que les ha dado la sociedad en sus 40 a\u00f1os de historia\u00bb, expone.<\/p>\n<p class=\"ft-text\">Con este refer\u00e9ndum, desde CCOO quieren \u00abiniciar un<strong> proceso de negociaci\u00f3n <\/strong>que permita un acuerdo que vaya m\u00e1s all\u00e1 del &#8216;plan de convivencia&#8217; de las marcas hist\u00f3ricas, que no se quede todo en una operaci\u00f3n de m\u00e1rketing\u00bb. Tambi\u00e9n que la empresa hable de sus objetivos al crear \u00abuna marca que tiene pretensi\u00f3n de ser potente y de tener implantaci\u00f3n digital en los \u00e1mbitos sociales\u00bb y apostar por el futuro de TV3 y Catalunya R\u00e0dio <strong>dentro del amparo de 3Cat<\/strong>. Y, sobre todo, \u00abactualizar las condiciones de trabajo para que sean adecuadas, en las que <strong>se reconozca el trabajo realizado durante estos a\u00f1os y se garantice el futuro laboral<\/strong>\u00ab.<\/p>\n<p data-close=\"closedContent\" class=\"subscribeHideForDisplay\">Suscr\u00edbete para seguir leyendo<\/p>\n","protected":false},"excerpt":{"rendered":"El 89,96% de la plantilla de TV3 y Catalunya R\u00e0dio ha votado con un apabullante s\u00ed a mantener&hellip;\n","protected":false},"author":2,"featured_media":259661,"comment_status":"","ping_status":"","sticky":false,"template":"","format":"standard","meta":{"footnotes":""},"categories":[171],"tags":[7800,36381,146,147,25,24,2848,9614,1429,1448,23,214,7151,14720],"class_list":{"0":"post-259660","1":"post","2":"type-post","3":"status-publish","4":"format-standard","5":"has-post-thumbnail","7":"category-tv","8":"tag-catalunya","9":"tag-catalunya-radio","10":"tag-entertainment","11":"tag-entretenimiento","12":"tag-es","13":"tag-espana","14":"tag-futuro","15":"tag-marcas","16":"tag-plantilla","17":"tag-radio","18":"tag-spain","19":"tag-tv","20":"tag-tv3","21":"tag-tv3-television-de-catalunya"},"share_on_mastodon":{"url":"https:\/\/pubeurope.com\/@es\/115625287476189995","error":""},"_links":{"self":[{"href":"https:\/\/www.europesays.com\/es\/wp-json\/wp\/v2\/posts\/259660","targetHints":{"allow":["GET"]}}],"collection":[{"href":"https:\/\/www.europesays.com\/es\/wp-json\/wp\/v2\/posts"}],"about":[{"href":"https:\/\/www.europesays.com\/es\/wp-json\/wp\/v2\/types\/post"}],"author":[{"embeddable":true,"href":"https:\/\/www.europesays.com\/es\/wp-json\/wp\/v2\/users\/2"}],"replies":[{"embeddable":true,"href":"https:\/\/www.europesays.com\/es\/wp-json\/wp\/v2\/comments?post=259660"}],"version-history":[{"count":0,"href":"https:\/\/www.europesays.com\/es\/wp-json\/wp\/v2\/posts\/259660\/revisions"}],"wp:featuredmedia":[{"embeddable":true,"href":"https:\/\/www.europesays.com\/es\/wp-json\/wp\/v2\/media\/259661"}],"wp:attachment":[{"href":"https:\/\/www.europesays.com\/es\/wp-json\/wp\/v2\/media?parent=259660"}],"wp:term":[{"taxonomy":"category","embeddable":true,"href":"https:\/\/www.europesays.com\/es\/wp-json\/wp\/v2\/categories?post=259660"},{"taxonomy":"post_tag","embeddable":true,"href":"https:\/\/www.europesays.com\/es\/wp-json\/wp\/v2\/tags?post=259660"}],"curies":[{"name":"wp","href":"https:\/\/api.w.org\/{rel}","templated":true}]}}