{"id":259678,"date":"2025-11-28T04:09:13","date_gmt":"2025-11-28T04:09:13","guid":{"rendered":"https:\/\/www.europesays.com\/es\/259678\/"},"modified":"2025-11-28T04:09:13","modified_gmt":"2025-11-28T04:09:13","slug":"el-bayern-reacciona-al-interes-del-barca-por-kane","status":"publish","type":"post","link":"https:\/\/www.europesays.com\/es\/259678\/","title":{"rendered":"El Bayern reacciona al inter\u00e9s del Bar\u00e7a por Kane"},"content":{"rendered":"<p data-gtm-element-container=\"modulo-texto-link\" class=\"paragraph\">Uno de los objetivos del Bar\u00e7a para el pr\u00f3ximo mercado veraniego es un delantero dado que <strong>Robert Lewandowski<\/strong> acaba contrato y en agosto de 2026 cumplir\u00e1 38 a\u00f1os. Y aunque todav\u00eda no hay nada decidido, en el<strong> Spotify Camp Nou<\/strong> se han fijado en <strong>Harry Kane<\/strong> (32 a\u00f1os). Su nombre se cotiza al alza en el club aunque su contrato finaliza en 2027.\u00a0<\/p>\n<p data-gtm-element-container=\"modulo-texto-link\" class=\"paragraph\">El director deportivo del <strong>Bayern Munich, Max Eberl<\/strong>, no parece preocupado y conf\u00eda en que las negociaciones para su renovaci\u00f3n se puedan cerrar cuanto antes. Su plan pasa por una cumbre inmediata. \u00abNos reuniremos con <strong>Kane<\/strong> en enero de 2026 para hablar sobre su futuro, tal como acordamos\u00bb, habr\u00eda asegurado a Sport Bild, seg\u00fan recogen varios medios. Est\u00e1 convencido de que el ingl\u00e9s est\u00e1 c\u00f3modo en la <strong>Bundesliga.<\/strong> De la misma manera que habr\u00eda asegurado que \u00abno me preocupa demasiado que <strong>Kane<\/strong> nos deje\u00bb, tratando de minimizar el impacto.<\/p>\n<p>    Lee tambi\u00e9n<\/p>\n<p data-gtm-element-container=\"modulo-texto-link\" class=\"paragraph\">A\u00fan as\u00ed, <strong>Eberl<\/strong>\u00a0entiende que <strong>Kane <\/strong>estar\u00eda en la carrera por el Bal\u00f3n de Oro en 2026 despu\u00e9s de comenzar la temporada de forma prol\u00edfica. \u00abEs incre\u00edble lo que est\u00e1 logrando y creo que deber\u00eda estar, como m\u00ednimo, entre los tres primeros de este premio\u00bb. <strong>Kane<\/strong> tambi\u00e9n rest\u00f3 importancia a los intentos de otros clubs por ficharle.<\/p>\n","protected":false},"excerpt":{"rendered":"Uno de los objetivos del Bar\u00e7a para el pr\u00f3ximo mercado veraniego es un delantero dado que Robert Lewandowski&hellip;\n","protected":false},"author":2,"featured_media":259679,"comment_status":"","ping_status":"","sticky":false,"template":"","format":"standard","meta":{"footnotes":""},"categories":[268],"tags":[168,25,24,280,282,281,23,167],"class_list":{"0":"post-259678","1":"post","2":"type-post","3":"status-publish","4":"format-standard","5":"has-post-thumbnail","7":"category-futbol","8":"tag-deportes","9":"tag-es","10":"tag-espana","11":"tag-football","12":"tag-futbol","13":"tag-soccer","14":"tag-spain","15":"tag-sports"},"share_on_mastodon":{"url":"https:\/\/pubeurope.com\/@es\/115625365710108581","error":""},"_links":{"self":[{"href":"https:\/\/www.europesays.com\/es\/wp-json\/wp\/v2\/posts\/259678","targetHints":{"allow":["GET"]}}],"collection":[{"href":"https:\/\/www.europesays.com\/es\/wp-json\/wp\/v2\/posts"}],"about":[{"href":"https:\/\/www.europesays.com\/es\/wp-json\/wp\/v2\/types\/post"}],"author":[{"embeddable":true,"href":"https:\/\/www.europesays.com\/es\/wp-json\/wp\/v2\/users\/2"}],"replies":[{"embeddable":true,"href":"https:\/\/www.europesays.com\/es\/wp-json\/wp\/v2\/comments?post=259678"}],"version-history":[{"count":0,"href":"https:\/\/www.europesays.com\/es\/wp-json\/wp\/v2\/posts\/259678\/revisions"}],"wp:featuredmedia":[{"embeddable":true,"href":"https:\/\/www.europesays.com\/es\/wp-json\/wp\/v2\/media\/259679"}],"wp:attachment":[{"href":"https:\/\/www.europesays.com\/es\/wp-json\/wp\/v2\/media?parent=259678"}],"wp:term":[{"taxonomy":"category","embeddable":true,"href":"https:\/\/www.europesays.com\/es\/wp-json\/wp\/v2\/categories?post=259678"},{"taxonomy":"post_tag","embeddable":true,"href":"https:\/\/www.europesays.com\/es\/wp-json\/wp\/v2\/tags?post=259678"}],"curies":[{"name":"wp","href":"https:\/\/api.w.org\/{rel}","templated":true}]}}